{"id":4404,"date":"2021-07-12T20:22:58","date_gmt":"2021-07-12T17:22:58","guid":{"rendered":"http:\/\/blog.modalife.click\/?p=4404"},"modified":"2021-07-12T20:22:58","modified_gmt":"2021-07-12T17:22:58","slug":"asil-salon-paketi","status":"publish","type":"post","link":"https:\/\/blog.modalife.click\/?p=4404","title":{"rendered":"Asil Salon Paketi"},"content":{"rendered":"<p><img src=\"https:\/\/st2.myideasoft.com\/shop\/bo\/48\/myassets\/products\/648\/modalife-asil-salon-paketi.jpg?revision=1617361971\" alt=\"\" \/><\/p>\n<div><span style=\"font-weight: bold;\">AS\u0130L KOLTUK TAKIMI<\/span><\/div>\n<div>\n<div style=\"box-sizing: border-box; color: rgb(25, 33, 49); font-family: Poppins, sans-serif; outline: none !important;\">&#8211; Asil koltuk tak\u0131m\u0131, t\u00fcm detaylar\u0131 ve farkl\u0131 tasar\u0131m\u0131 ile adeta ad\u0131yla b\u00fct\u00fcnle\u015fmi\u015f bir koltuk tak\u0131m\u0131d\u0131r. S\u0131rt k\u0131sm\u0131nda uygulanan kapitone, d\u00fc\u011fme ve berjerindeki \u00f6zel el i\u015f\u00e7ili\u011fi ah\u015fap detaylar\u0131 bir ince ustal\u0131\u011f\u0131 sayesinde olu\u015fabilmektedir. Ayn\u0131 zaman yap\u0131lan \u00f6zverili AR-GE \u00e7al\u0131\u015fmalar\u0131 sayesinde duvara s\u0131f\u0131r a\u00e7\u0131labilen yatak ve sand\u0131k uygulamas\u0131 da yap\u0131lm\u0131\u015ft\u0131r.<\/div>\n<div style=\"box-sizing: border-box; color: rgb(25, 33, 49); font-family: Poppins, sans-serif; outline: none !important;\">&#8211; M\u00fckemmel renk kontrast ge\u00e7i\u015fleri ve farkl\u0131 renk kombinasyonu ile evinizindeki t\u00fcm e\u015fyalar kolayca uyum sa\u011flayabilecektir.. \u00d6zel yumu\u015fac\u0131k kuma\u015f dokusu ve bir b\u00fct\u00fcn halinde uygulanan tasar\u0131msal ayaklar\u0131 ile g\u00f6steri\u015fli salonlar i\u00e7in tercih edilebilir.<\/div>\n<div style=\"box-sizing: border-box; color: rgb(25, 33, 49); font-family: Poppins, sans-serif; outline: none !important;\">&#8211; Asil maxi Koltuk tak\u0131m\u0131m\u0131z 3+3+1 mod\u00fcllerinden olu\u015fmaktad\u0131r.<\/div>\n<div style=\"box-sizing: border-box; color: rgb(25, 33, 49); font-family: Poppins, sans-serif; outline: none !important;\">&#8211; Asil Koltuk tak\u0131m\u0131m\u0131z yatakl\u0131 ve sand\u0131kl\u0131d\u0131r.<\/div>\n<div style=\"box-sizing: border-box; color: rgb(25, 33, 49); font-family: Poppins, sans-serif; outline: none !important;\">&#8211; Lekeyi olu\u015fturan bir s\u0131v\u0131 ise; d\u00f6k\u00fclen s\u0131v\u0131y\u0131 hemen ka\u011f\u0131t havlu veya emici bir bez ile lekenin yay\u0131lmamas\u0131 i\u00e7in b\u00f6lgeyi d\u0131\u015ftan i\u00e7e do\u011fru bast\u0131rmadan temizleyiniz.<\/div>\n<div style=\"box-sizing: border-box; color: rgb(25, 33, 49); font-family: Poppins, sans-serif; outline: none !important;\">&#8211; \u00dcr\u00fcn\u00fcm\u00fczde 8 adet 45&#215;45 cm uzunlu\u011funda k\u0131rlent mevcuttur.<\/div>\n<div style=\"box-sizing: border-box; color: rgb(25, 33, 49); font-family: Poppins, sans-serif; outline: none !important;\">&#8211; Oturum ve s\u0131rt (yaslanma) b\u00f6l\u00fcm\u00fcnde 330 gr\/m2 kalitesinde yumu\u015fak tu\u015feli ithal kuma\u015flar uygulanmaktad\u0131r.<\/div>\n<div style=\"box-sizing: border-box; color: rgb(25, 33, 49); font-family: Poppins, sans-serif; outline: none !important;\">&#8211; \u0130thal kuma\u015f, y\u00fczeyinde olu\u015fan \u00e7ay, kahve gibi lekerin yanl\u0131zca su ve hidrofil bir bez yard\u0131m\u0131yla kolayl\u0131la temizlenebilmesini sa\u011flar.<\/div>\n<div style=\"box-sizing: border-box; color: rgb(25, 33, 49); font-family: Poppins, sans-serif; outline: none !important;\">&#8211; \u00d6zel \u00fcretilmi\u015f kendine has tu\u015fesi ile \u00e7ok yumu\u015fak ve ipeksi bir dokuya sahiptir<\/div>\n<div style=\"box-sizing: border-box; color: rgb(25, 33, 49); font-family: Poppins, sans-serif; outline: none !important;\">&#8211; \u00d6zel tasar\u0131m y\u00fcksek aya\u011f\u0131 sayesinde, yerinden \u00e7ekmeden bulundu\u011fu zemini temizleme imkan\u0131 sunar. Ayr\u0131ca \u00fcr\u00fcn\u00fcn daha uzun s\u00fcreli kullan\u0131lmas\u0131 i\u00e7in gizli ayaklar&nbsp; ile a\u011f\u0131r y\u00fcke kar\u015f\u0131 desteklenmi\u015ftir.<\/div>\n<div style=\"box-sizing: border-box; color: rgb(25, 33, 49); font-family: Poppins, sans-serif; outline: none !important;\">&#8211; Her t\u00fcrl\u00fc ko\u015fulda mukavemetinin tam ve \u00f6mr\u00fcn\u00fcn uzun olmas\u0131 i\u00e7in iskeletin t\u00fcm destek noktalar\u0131 kutu metal profilden, a\u011f\u0131rl\u0131k noktalar\u0131 ise kay\u0131n a\u011fac\u0131ndan imal edilmi\u015ftir. T\u00fcm kesim i\u015flemleri standart \u00f6l\u00e7\u00fc ve i\u015f\u00e7ili\u011fi yakalamas\u0131 ad\u0131na CNC makinalarda i\u015flem g\u00f6rmektedir.<\/div>\n<\/div>\n<div>&nbsp;<\/div>\n<div><span style=\"font-weight: bold;\">AS\u0130L YEMEK ODASI TAKIMI<\/span><\/div>\n<div>\n<div style=\"box-sizing: border-box; color: rgb(25, 33, 49); font-family: Poppins, sans-serif; outline: none !important;\">&#8211; Yal\u0131n, modern ve zamans\u0131z bir tasar\u0131m olan Asil yemek odas\u0131 tak\u0131m\u0131, konsol, tv \u00fcnitesi, masa ve 6 adet sandalye\u2019den olu\u015fmaktad\u0131r. Tak\u0131ma, iste\u011fe ba\u011fl\u0131 olarak vitrin\u2019de eklenebilmektedir.<\/div>\n<div style=\"box-sizing: border-box; color: rgb(25, 33, 49); font-family: Poppins, sans-serif; outline: none !important;\">&#8211; Renk konfig\u00fcrasyonunda genel itibariyle parlak beyaz renk kullan\u0131lm\u0131\u015ft\u0131r.<\/div>\n<div style=\"box-sizing: border-box; color: rgb(25, 33, 49); font-family: Poppins, sans-serif; outline: none !important;\">&#8211; Kullan\u0131lan malzemeler \u00e7izilme ve s\u00fcrt\u00fcnmeye kar\u015f\u0131 dayan\u0131kl\u0131d\u0131r.<\/div>\n<div style=\"box-sizing: border-box; color: rgb(25, 33, 49); font-family: Poppins, sans-serif; outline: none !important;\">&#8211; Anfora yemek odas\u0131 tak\u0131m\u0131nda yava\u015flat\u0131c\u0131 sistem kullan\u0131lm\u0131\u015f olup, h\u0131zl\u0131 \u00e7arpmalar engellenerek \u00fcr\u00fcn fonksiyonelli\u011fi art\u0131r\u0131lm\u0131\u015ft\u0131r.<\/div>\n<div style=\"box-sizing: border-box; color: rgb(25, 33, 49); font-family: Poppins, sans-serif; outline: none !important;\">&#8211; Tv \u00fcnitesinin \u00fcst k\u0131sm\u0131nda dvd, uydu al\u0131c\u0131s\u0131 konulabilmesi i\u00e7in bo\u015f alan b\u0131rak\u0131lm\u0131\u015ft\u0131r.<\/div>\n<div style=\"box-sizing: border-box; color: rgb(25, 33, 49); font-family: Poppins, sans-serif; outline: none !important;\">&#8211; \u00dcr\u00fcn\u00fcm\u00fczde yerden y\u00fcksek ayak kullan\u0131lm\u0131\u015f olup siz de\u011ferli m\u00fc\u015fterilerimize temizlik kolayl\u0131\u011f\u0131 sa\u011flanm\u0131\u015ft\u0131r.<\/div>\n<div style=\"box-sizing: border-box; color: rgb(25, 33, 49); font-family: Poppins, sans-serif; outline: none !important;\">&#8211; 2 y\u0131l garantilidir.<\/div>\n<div style=\"box-sizing: border-box; color: rgb(25, 33, 49); font-family: Poppins, sans-serif; outline: none !important;\">&#8211; Asil yemek odas\u0131 tak\u0131m\u0131n\u0131, Asil yatak odas\u0131 ve koltuk tak\u0131m\u0131 ile kombine ederek evinizde \u015f\u0131kl\u0131k ve b\u00fct\u00fcnl\u00fck olu\u015fturabilirsiniz.<\/div>\n<div style=\"box-sizing: border-box; color: rgb(25, 33, 49); font-family: Poppins, sans-serif; outline: none !important;\">&#8211; \u00dcr\u00fcn\u00fcm\u00fcze web sitemiz \u00fczerinden yada size en yak\u0131n modalife ma\u011fazas\u0131ndan ula\u015fabilirsiniz.<\/div>\n<div style=\"box-sizing: border-box; color: rgb(25, 33, 49); font-family: Poppins, sans-serif; outline: none !important;\">&#8211; Aksesuarlar dekor ama\u00e7l\u0131 kullan\u0131lm\u0131\u015f olup, fiyata dahil de\u011fildir.<\/div>\n<\/div>\n<div class=\"product-detail-content\">\n<div class=\"row\"><\/p>\n<div class=\"col-lg-4\">\n<div class=\"product-detail-info\">            <\/div>\n<\/p><\/div>\n<\/p><\/div>\n<\/div>\n<table style=\"border-collapse: collapse; width: 100%; height: 90px;\">\n<tbody>\n<tr style=\"height: 18px;\">\n<td style=\"text-align: center; border-width: 1px; border-style: solid; height: 18px;\">&nbsp;<span style=\"font-weight: bold;\">Asil Salon Paketi<\/span><\/td>\n<td style=\"text-align: center; border-width: 1px; border-style: solid; height: 18px;\"><span style=\"font-weight: bold;\">&nbsp;Geni\u015flik<\/span><\/td>\n<td style=\"text-align: center; border-width: 1px; border-style: solid; height: 18px;\"><span style=\"font-weight: bold;\">&nbsp;Y\u00fckseklik<\/span><\/td>\n<td style=\"text-align: center; border-width: 1px; border-style: solid; height: 18px;\"><span style=\"font-weight: bold;\">&nbsp;Derinlik<\/span><\/td>\n<\/tr>\n<tr style=\"height: 18px;\">\n<td style=\"text-align: center; border-width: 1px; border-style: solid; height: 18px;\">&nbsp;<span style=\"font-weight: bold;\">Konsol<\/span><\/td>\n<td style=\"text-align: center; border-width: 1px; border-style: solid; height: 18px;\">&nbsp;186,2 cm<\/td>\n<td style=\"text-align: center; border-width: 1px; border-style: solid; height: 18px;\">&nbsp;162 cm<\/td>\n<td style=\"text-align: center; border-width: 1px; border-style: solid; height: 18px;\">&nbsp;45 cm<\/td>\n<\/tr>\n<tr style=\"height: 18px;\">\n<td style=\"text-align: center; border-width: 1px; border-style: solid; height: 18px;\">&nbsp;<span style=\"font-weight: bold;\">Tv \u00dcnitesi<\/span><\/td>\n<td style=\"text-align: center; border-width: 1px; border-style: solid; height: 18px;\">&nbsp;141,4 cm<\/td>\n<td style=\"text-align: center; border-width: 1px; border-style: solid; height: 18px;\">163 cm&nbsp;<\/td>\n<td style=\"text-align: center; border-width: 1px; border-style: solid; height: 18px;\">44 cm&nbsp;<\/td>\n<\/tr>\n<tr style=\"height: 18px;\">\n<td style=\"text-align: center; border-width: 1px; border-style: solid; height: 18px;\"><span style=\"font-weight: bold;\">&nbsp;Masa<\/span><\/td>\n<td style=\"text-align: center; border-width: 1px; border-style: solid; height: 18px;\">&nbsp;139,6 cm<\/td>\n<td style=\"text-align: center; border-width: 1px; border-style: solid; height: 18px;\">76 cm&nbsp;<\/td>\n<td style=\"text-align: center; border-width: 1px; border-style: solid; height: 18px;\">92 cm&nbsp;<\/td>\n<\/tr>\n<tr style=\"height: 18px;\">\n<td style=\"text-align: center; border-width: 1px; border-style: solid; height: 18px;\">&nbsp;<span style=\"font-weight: bold;\">Sandalye<\/span><\/td>\n<td style=\"text-align: center; border-width: 1px; border-style: solid; height: 18px;\">&nbsp;45 cm<\/td>\n<td style=\"text-align: center; border-width: 1px; border-style: solid; height: 18px;\">93 cm&nbsp;<\/td>\n<td style=\"text-align: center; border-width: 1px; border-style: solid; height: 18px;\">56 cm&nbsp;<\/td>\n<\/tr>\n<tr style=\"height: 18px;\">\n<td style=\"text-align: center; border-width: 1px; border-style: solid; height: 18px;\">&nbsp;<span style=\"font-weight: bold;\">\u00dc\u00e7l\u00fc Koltuk<\/span><\/td>\n<td style=\"text-align: center; border-width: 1px; border-style: solid; height: 18px;\">232 cm&nbsp;<\/td>\n<td style=\"text-align: center; border-width: 1px; border-style: solid; height: 18px;\">95 cm&nbsp;<\/td>\n<td style=\"text-align: center; border-width: 1px; border-style: solid; height: 18px;\">&nbsp;90 cm<\/td>\n<\/tr>\n<tr style=\"height: 18px;\">\n<td style=\"text-align: center; border-width: 1px; border-style: solid; height: 18px;\"><span style=\"font-weight: bold;\">&nbsp;Berjer<\/span><\/td>\n<td style=\"text-align: center; border-width: 1px; border-style: solid; height: 18px;\">&nbsp;90 cm<\/td>\n<td style=\"text-align: center; border-width: 1px; border-style: solid; height: 18px;\">96 cm&nbsp;<\/td>\n<td style=\"text-align: center; border-width: 1px; border-style: solid; height: 18px;\">95 cm&nbsp;<\/td>\n<\/tr>\n<\/tbody>\n<\/table>\n<p><a href=\"https:\/\/www.modalife.com\/urun\/asil-salon-paketi\"><strong>\u00dcr\u00fcne Git<\/strong><\/a><\/p>\n","protected":false},"excerpt":{"rendered":"<p>AS\u0130L KOLTUK TAKIMI &#8211; Asil koltuk tak\u0131m\u0131, t\u00fcm detaylar\u0131 ve farkl\u0131 tasar\u0131m\u0131 ile adeta ad\u0131yla b\u00fct\u00fcnle\u015fmi\u015f bir koltuk tak\u0131m\u0131d\u0131r. S\u0131rt k\u0131sm\u0131nda uygulanan kapitone, d\u00fc\u011fme ve berjerindeki \u00f6zel el i\u015f\u00e7ili\u011fi ah\u015fap detaylar\u0131 bir ince ustal\u0131\u011f\u0131 sayesinde olu\u015fabilmektedir. Ayn\u0131 zaman yap\u0131lan \u00f6zverili AR-GE \u00e7al\u0131\u015fmalar\u0131 sayesinde duvara s\u0131f\u0131r a\u00e7\u0131labilen yatak ve sand\u0131k uygulamas\u0131 da yap\u0131lm\u0131\u015ft\u0131r. &#8211; M\u00fckemmel renk [&hellip;]<\/p>\n","protected":false},"author":1,"featured_media":0,"comment_status":"closed","ping_status":"closed","sticky":false,"template":"","format":"standard","meta":[],"categories":[],"tags":[],"gutentor_comment":0,"_links":{"self":[{"href":"https:\/\/blog.modalife.click\/index.php?rest_route=\/wp\/v2\/posts\/4404"}],"collection":[{"href":"https:\/\/blog.modalife.click\/index.php?rest_route=\/wp\/v2\/posts"}],"about":[{"href":"https:\/\/blog.modalife.click\/index.php?rest_route=\/wp\/v2\/types\/post"}],"author":[{"embeddable":true,"href":"https:\/\/blog.modalife.click\/index.php?rest_route=\/wp\/v2\/users\/1"}],"replies":[{"embeddable":true,"href":"https:\/\/blog.modalife.click\/index.php?rest_route=%2Fwp%2Fv2%2Fcomments&post=4404"}],"version-history":[{"count":0,"href":"https:\/\/blog.modalife.click\/index.php?rest_route=\/wp\/v2\/posts\/4404\/revisions"}],"wp:attachment":[{"href":"https:\/\/blog.modalife.click\/index.php?rest_route=%2Fwp%2Fv2%2Fmedia&parent=4404"}],"wp:term":[{"taxonomy":"category","embeddable":true,"href":"https:\/\/blog.modalife.click\/index.php?rest_route=%2Fwp%2Fv2%2Fcategories&post=4404"},{"taxonomy":"post_tag","embeddable":true,"href":"https:\/\/blog.modalife.click\/index.php?rest_route=%2Fwp%2Fv2%2Ftags&post=4404"}],"curies":[{"name":"wp","href":"https:\/\/api.w.org\/{rel}","templated":true}]}}