{"id":4386,"date":"2021-04-11T02:35:01","date_gmt":"2021-04-10T23:35:01","guid":{"rendered":"http:\/\/blog.modalife.click\/?p=4386"},"modified":"2021-04-11T02:35:01","modified_gmt":"2021-04-10T23:35:01","slug":"bianco-dugun-paketi-yatakbaza-hediye","status":"publish","type":"post","link":"https:\/\/blog.modalife.click\/?p=4386","title":{"rendered":"Bianco D\u00fc\u011f\u00fcn Paketi (Yatak+Baza Hediye)"},"content":{"rendered":"<p><img src=\"https:\/\/st2.myideasoft.com\/shop\/bo\/48\/myassets\/products\/930\/modalife-bianco-uclu-dugun-paketi.jpg?revision=1612955544\" alt=\"\" \/><\/p>\n<div>\n<div style=\"box-sizing: border-box; color: rgb(25, 33, 49); font-family: Poppins, sans-serif; outline: none !important;\"><span style=\"box-sizing: border-box; outline: none !important; font-weight: bold;\"><\/span><\/div>\n<div style=\"box-sizing: border-box; color: rgb(25, 33, 49); font-family: Poppins, sans-serif; outline: none !important;\"><span style=\"font-weight: bold;\">&nbsp;B\u0130ANCO YATAK ODASI TAKIMI<\/span><\/div>\n<div style=\"box-sizing: border-box; color: rgb(25, 33, 49); font-family: Poppins, sans-serif; outline: none !important;\">\n<div style=\"box-sizing: border-box; color: rgb(25, 33, 49); font-family: Poppins, sans-serif; outline: none !important;\">\n<div style=\"box-sizing: border-box; outline: none !important;\">&#8211; Bianco yatak odas\u0131n\u0131n konfor ve kullan\u0131m rahatl\u0131\u011f\u0131 sizi g\u00fcne mutlu uyand\u0131racak.<\/div>\n<div style=\"box-sizing: border-box; outline: none !important;\">&#8211; Tak\u0131m\u0131m\u0131z gard\u0131rop, \u015fifonyer, ba\u015fl\u0131k ve 2 adet komodin\u2019den olu\u015fmaktad\u0131r.<\/div>\n<div style=\"box-sizing: border-box; outline: none !important;\">&#8211; Renk konfig\u00fcrasyonunda genel itibariyle k\u0131r\u0131k beyaz renk kullan\u0131lm\u0131\u015ft\u0131r.<\/div>\n<div style=\"box-sizing: border-box; outline: none !important;\">&#8211; \u00dcr\u00fcn\u00fcm\u00fcz\u00fcn gard\u0131robu kapakl\u0131 ve s\u00fcrg\u00fcl\u00fc olmak \u00fczere 2 farkl\u0131 \u015fekilde tasarlanm\u0131\u015ft\u0131r.<\/div>\n<div style=\"box-sizing: border-box; outline: none !important;\">&#8211; \u015eifonyer tak\u0131m\u0131n kimli\u011fine uyumlu olarak tasarlanm\u0131\u015f olup, \u00fcst \u00e7ekmecesi aksesuar alan\u0131 olarak belirlenmi\u015ftir.<\/div>\n<div style=\"box-sizing: border-box; outline: none !important;\">&#8211; \u00dcnitelerde yerden y\u00fcksek ayak kullan\u0131lm\u0131\u015f olup, siz de\u011ferli m\u00fc\u015fterilerimize temizlik kolayl\u0131\u011f\u0131 sa\u011flanm\u0131\u015ft\u0131r.<\/div>\n<div style=\"box-sizing: border-box; outline: none !important;\">&#8211; Komodin\u2019de 2 adet \u00e7ekmece kullan\u0131lm\u0131\u015f olup kapak y\u00fczeyindeki detaylar di\u011fer \u00fcr\u00fcnlerle kombine edilmi\u015ftir.<\/div>\n<div style=\"box-sizing: border-box; outline: none !important;\">&#8211; Yatak odas\u0131 tak\u0131mlar\u0131nda baza hediyemizdir.&nbsp;<\/div>\n<div style=\"box-sizing: border-box; outline: none !important;\">&#8211; 2 y\u0131l garantilidir.<\/div>\n<div style=\"box-sizing: border-box; outline: none !important;\">&#8211; Bianco yatak odas\u0131 tak\u0131m\u0131n\u0131, Bianco yemek odas\u0131 ve koltuk tak\u0131m\u0131 ile kombine ederek evinizde \u015f\u0131kl\u0131k ve b\u00fct\u00fcnl\u00fck olu\u015fturabilirsiniz.<\/div>\n<div style=\"box-sizing: border-box; outline: none !important;\">&#8211; Aksesuarlar dekor ama\u00e7l\u0131 kullan\u0131lm\u0131\u015f olup, fiyata dahil de\u011fildir.<\/div>\n<div style=\"box-sizing: border-box; outline: none !important;\">&#8211; \u00dcr\u00fcn\u00fcm\u00fcze web sitemiz \u00fczerinden yada size en yak\u0131n modalife ma\u011fazas\u0131ndan ula\u015fabilirsiniz.<\/div>\n<\/div>\n<\/div>\n<div style=\"box-sizing: border-box; color: rgb(25, 33, 49); font-family: Poppins, sans-serif; outline: none !important;\">&nbsp;<\/div>\n<div style=\"box-sizing: border-box; color: rgb(25, 33, 49); font-family: Poppins, sans-serif; outline: none !important;\"><span style=\"box-sizing: border-box; outline: none !important; font-weight: bold;\">B\u0130ANCO YEMEK ODASI TAKIMI<\/span><\/div>\n<div style=\"box-sizing: border-box; color: rgb(25, 33, 49); font-family: Poppins, sans-serif; outline: none !important;\">\n<div style=\"box-sizing: border-box; outline: none !important;\">&#8211; Bianco yemek odas\u0131 tak\u0131m\u0131m\u0131z, konsol, tv \u00fcnitesi, masa ve 6 adet sandalye\u2019den olu\u015fmaktad\u0131r. Tak\u0131ma, iste\u011fe ba\u011fl\u0131 olarak vitrin de eklenebilmektedir.<\/div>\n<div style=\"box-sizing: border-box; outline: none !important;\">&#8211; Renk konfig\u00fcrasyonunda genel itibariyle k\u0131r\u0131k beyaz renk kullan\u0131lm\u0131\u015ft\u0131r.<\/div>\n<div style=\"box-sizing: border-box; outline: none !important;\">&#8211; Yerden y\u00fcksek ayak kullan\u0131lm\u0131\u015f olup, siz de\u011ferli m\u00fc\u015fterilerimize temizlik kolayl\u0131\u011f\u0131 sa\u011flanm\u0131\u015ft\u0131r.<\/div>\n<div style=\"box-sizing: border-box; outline: none !important;\">&#8211; Tv \u00fcnitesi \u00e7ekmecesinin \u00fcst k\u0131sm\u0131nda dvd, uydu al\u0131c\u0131s\u0131 vb \u00fcr\u00fcnler konulabilmesi i\u00e7in bo\u015f alan b\u0131rak\u0131lm\u0131\u015f olup fonksiyonelli\u011fi artt\u0131r\u0131lm\u0131\u015ft\u0131r.<\/div>\n<div style=\"box-sizing: border-box; outline: none !important;\">&#8211; Geni\u015f ailelerin uzun sohbetler e\u015fli\u011finde rahat\u00e7a yemek yiyebilmesi i\u00e7in masa a\u00e7\u0131l\u0131r olarak tasarlanm\u0131\u015f olup %100 b\u00fcy\u00fcmektedir.<\/div>\n<div style=\"box-sizing: border-box; outline: none !important;\">&#8211; 2 y\u0131l garantilidir.<\/div>\n<div style=\"box-sizing: border-box; outline: none !important;\">&#8211; Bianco yemek odas\u0131 tak\u0131m\u0131n\u0131, Bianco yatak odas\u0131 ve koltuk tak\u0131m\u0131 ile kombine ederek evinizde \u015f\u0131kl\u0131k ve b\u00fct\u00fcnl\u00fck olu\u015fturabilirsiniz.<\/div>\n<div style=\"box-sizing: border-box; outline: none !important;\">&#8211; Aksesuarlar dekor ama\u00e7l\u0131 kullan\u0131lm\u0131\u015f olup, fiyata dahil de\u011fildir.<\/div>\n<div style=\"box-sizing: border-box; outline: none !important;\">&#8211; \u00dcr\u00fcn\u00fcm\u00fcze web sitemiz \u00fczerinden yada size en yak\u0131n modalife ma\u011fazas\u0131ndan ula\u015fabilirsiniz.<\/div>\n<\/div>\n<div style=\"box-sizing: border-box; color: rgb(25, 33, 49); font-family: Poppins, sans-serif; outline: none !important;\">&nbsp;<\/div>\n<div style=\"box-sizing: border-box; color: rgb(25, 33, 49); font-family: Poppins, sans-serif; outline: none !important;\"><span style=\"box-sizing: border-box; outline: none !important; font-weight: bold;\">B\u0130ANCO M\u0130D\u0130 KOLTUK TAKIMI<\/span><\/div>\n<div style=\"box-sizing: border-box; color: rgb(25, 33, 49); font-family: Poppins, sans-serif; outline: none !important;\">\n<div style=\"box-sizing: border-box; outline: none !important;\">&#8211; Bianco koltuk tak\u0131m\u0131m\u0131z sade ve modern g\u00f6r\u00fcn\u00fcm\u00fc ile m\u00fc\u015fterilerimizden gelen geri bildirimlerde dikkate al\u0131narak \u00f6zenle tasarlanm\u0131\u015ft\u0131r.<\/div>\n<div style=\"box-sizing: border-box; outline: none !important;\">&#8211; Kollar\u0131nda ve \u00f6n bazas\u0131nda el i\u015f\u00e7ili\u011fi ile yap\u0131lan nevr\u00fcr diki\u015f uygulamas\u0131 bulunmaktad\u0131r.<\/div>\n<div style=\"box-sizing: border-box; outline: none !important;\">&#8211; \u00dc\u00e7l\u00fc koltuklar\u0131n\u0131n yan k\u0131rlentlerinde \u00f6zel tasar\u0131m dijital g\u00f6bekli desen uygulamas\u0131, orta k\u0131rlentinde ise kapitone uygulamas\u0131 yap\u0131larak \u00fcr\u00fcne g\u00f6rsel a\u00e7\u0131dan zenginlik kazand\u0131r\u0131lm\u0131\u015ft\u0131r.<\/div>\n<div style=\"box-sizing: border-box; outline: none !important;\">&#8211; \u00dcr\u00fcn\u00fcm\u00fcz misafirlerinizi daha rahat a\u011f\u0131rlayabilmeniz ad\u0131na yatakl\u0131, e\u015fyalar\u0131n\u0131z\u0131 depolayabilmeniz ad\u0131na sand\u0131kl\u0131 olarak \u00fcretilmi\u015ftir.<\/div>\n<div style=\"box-sizing: border-box; outline: none !important;\">&#8211; \u00dcr\u00fcn\u00fcm\u00fczde kullan\u0131lan y\u00fcksek ayak sayesinde \u00fcr\u00fcn\u00fc yerinden \u00e7ekmeden bulundu\u011fu zemini rahat\u00e7a temizleme imkan\u0131 sunar.Ayr\u0131ca \u00fcr\u00fcn\u00fcn daha uzun s\u00fcreli kullan\u0131lmas\u0131 i\u00e7in gizli ayaklar ile a\u011f\u0131r y\u00fcke kar\u015f\u0131 desteklenmi\u015ftir.<\/div>\n<div style=\"box-sizing: border-box; outline: none !important;\">&#8211; Her t\u00fcrl\u00fc ko\u015fulda mukavemetinin tam ve \u00f6mr\u00fcn\u00fcn uzun olmas\u0131 i\u00e7in iskeletin a\u011f\u0131rl\u0131k noktalar\u0131 metal kutu profilden imal edilmi\u015ftir. Ayr\u0131ca t\u00fcm kesim i\u015flemleri standart \u00f6l\u00e7\u00fc ve i\u015f\u00e7ili\u011fi yakalamas\u0131 ad\u0131na CNC makinalarda i\u015flem g\u00f6rmektedir.<\/div>\n<div style=\"box-sizing: border-box; outline: none !important;\">&#8211; Kuma\u015f yap\u0131s\u0131 olarak, oturum ve s\u0131rt (yaslanma) ve k\u0131rlent b\u00f6l\u00fcm\u00fcnde 320 gr\/m2 kalitesinde \u00e7\u00f6zg\u00fcl\u00fc \u00f6rme teknolojisi ile \u00fcretilen yerli kuma\u015flar uygulanmaktad\u0131r.<\/div>\n<div style=\"box-sizing: border-box; outline: none !important;\"><br style=\"box-sizing: border-box; outline: none !important;\" \/>\n\t\t\t<\/div>\n<div style=\"box-sizing: border-box; outline: none !important;\"><span style=\"box-sizing: border-box; outline: none !important; font-weight: bold;\">Kuma\u015f Temizleme i\u015flemi i\u00e7in mutlaka a\u015fa\u011f\u0131da belirtilen temizlik \u00f6nerilerine uyunuz.<\/span><\/div>\n<div style=\"box-sizing: border-box; outline: none !important;\"><span style=\"box-sizing: border-box; outline: none !important; font-weight: bold;\">Silerek Temizleme ve Leke \u00c7\u0131kart\u0131lmas\u0131:<\/span><\/div>\n<div style=\"box-sizing: border-box; outline: none !important;\"><br style=\"box-sizing: border-box; outline: none !important;\" \/>\n\t\t\t<\/div>\n<div style=\"box-sizing: border-box; outline: none !important;\">&#8211; Lekeyi olu\u015fturan bir s\u0131v\u0131 ise; d\u00f6k\u00fclen s\u0131v\u0131y\u0131 hemen ka\u011f\u0131t havlu veya emici bir bez ile lekenin yay\u0131lmamas\u0131 i\u00e7in b\u00f6lgeyi d\u0131\u015ftan i\u00e7e do\u011fru bast\u0131rmadan temizleyiniz.<\/div>\n<div style=\"box-sizing: border-box; outline: none !important;\">&#8211; 1\/4 \u00f6l\u00e7ek toz sabun ve 1 lt. \u0131l\u0131k su ile haz\u0131rlanm\u0131\u015f y\u0131kama \u00e7\u00f6zeltisi haz\u0131rlay\u0131n\u0131z.<\/div>\n<div style=\"box-sizing: border-box; outline: none !important;\">&#8211; Mikrofiber bez ile \u00e7\u00f6zeltinin k\u00f6p\u00fc\u011f\u00fcn\u00fc alarak kuma\u015f\u0131n y\u00fczeyini veya lekeli b\u00f6lgeyi fazla kuvvet uygulamadan siliniz.<\/div>\n<div style=\"box-sizing: border-box; outline: none !important;\">&#8211; \u0130nat\u00e7\u0131 lekeler i\u00e7in k\u00f6p\u00fc\u011f\u00fc 15 dakika kadar lekenin \u00fczerinde bekletiniz.<\/div>\n<div style=\"box-sizing: border-box; outline: none !important;\">&#8211; Hafif nemli mikrofiber bez ile t\u00fcm sabun kal\u0131nt\u0131lar\u0131 giderilinceye kadar durulay\u0131n\u0131z.<\/div>\n<div style=\"box-sizing: border-box; outline: none !important;\">&#8211; A\u00e7\u0131k \u015fekilde kurumaya b\u0131rak\u0131n\u0131z. Kurutmak i\u00e7in kesinlikle sa\u00e7 kurutma makinesi veya ba\u015fka bir \u0131s\u0131t\u0131c\u0131 kullanmay\u0131n\u0131z.<\/div>\n<div style=\"box-sizing: border-box; outline: none !important;\"><br style=\"box-sizing: border-box; outline: none !important;\" \/>\n\t\t\t<\/div>\n<div style=\"box-sizing: border-box; outline: none !important;\"><span style=\"box-sizing: border-box; outline: none !important; font-weight: bold;\">Makinede Y\u0131kama<\/span><\/div>\n<div style=\"box-sizing: border-box; outline: none !important;\">30 C\u00ba de a\u011fart\u0131c\u0131 i\u00e7ermeyen deterjan ile y\u0131kay\u0131n\u0131z. (Tavsiye edilen silerek temizlemektir \u00f6nerilmez.)<\/div>\n<div style=\"box-sizing: border-box; outline: none !important;\"><br style=\"box-sizing: border-box; outline: none !important;\" \/>\n\t\t\t<\/div>\n<div style=\"box-sizing: border-box; outline: none !important;\"><span style=\"box-sizing: border-box; outline: none !important; font-weight: bold;\">\u00dct\u00fcleme<\/span><\/div>\n<div style=\"box-sizing: border-box; outline: none !important;\">Kuma\u015f\u0131n\u0131z\u0131 tersten d\u00fc\u015f\u00fck \u0131s\u0131da \u00fct\u00fcleyiniz.<\/div>\n<\/div>\n<\/div>\n<div>\n\t<\/div>\n<table style=\"border-collapse: collapse; width: 100%; height: 90px;\">\n<tbody>\n<tr style=\"height: 18px;\">\n<td style=\"text-align: center; border-width: 1px; border-style: solid; height: 18px;\"><span style=\"font-weight: bold;\">Bianco D\u00fc\u011f\u00fcn Paketi<\/span><\/td>\n<td style=\"text-align: center; border-width: 1px; border-style: solid; height: 18px;\"><span style=\"font-weight: bold;\">&nbsp;Geni\u015flik<\/span><\/td>\n<td style=\"text-align: center; border-width: 1px; border-style: solid; height: 18px;\"><span style=\"font-weight: bold;\">&nbsp;Y\u00fckseklik<\/span><\/td>\n<td style=\"text-align: center; border-width: 1px; border-style: solid; height: 18px;\"><span style=\"font-weight: bold;\">&nbsp;Derinlik<\/span><\/td>\n<\/tr>\n<tr style=\"height: 18px;\">\n<td style=\"text-align: center; border-width: 1px; border-style: solid; height: 18px;\"><span style=\"font-weight: bold;\">Konsol&nbsp;<\/span><\/td>\n<td style=\"text-align: center; border-width: 1px; border-style: solid; height: 18px;\">180,4 cm&nbsp;<\/td>\n<td style=\"text-align: center; border-width: 1px; border-style: solid; height: 18px;\">152,7 cm<\/td>\n<td style=\"text-align: center; border-width: 1px; border-style: solid; height: 18px;\">45,6 cm&nbsp;<\/td>\n<\/tr>\n<tr style=\"height: 18px;\">\n<td style=\"text-align: center; border-width: 1px; border-style: solid; height: 18px;\"><span style=\"font-weight: bold;\">&nbsp;Tv \u00dcnitesi<\/span><\/td>\n<td style=\"text-align: center; border-width: 1px; border-style: solid; height: 18px;\">140,2 cm&nbsp;<\/td>\n<td style=\"text-align: center; border-width: 1px; border-style: solid; height: 18px;\">177,8 cm<\/td>\n<td style=\"text-align: center; border-width: 1px; border-style: solid; height: 18px;\">49,8 cm&nbsp;<\/td>\n<\/tr>\n<tr style=\"height: 18px;\">\n<td style=\"text-align: center; border-width: 1px; border-style: solid; height: 18px;\"><span style=\"font-weight: bold;\">Masa<\/span><\/td>\n<td style=\"text-align: center; border-width: 1px; border-style: solid; height: 18px;\">120 cm&nbsp;<\/td>\n<td style=\"text-align: center; border-width: 1px; border-style: solid; height: 18px;\">77,6 cm&nbsp;<\/td>\n<td style=\"text-align: center; border-width: 1px; border-style: solid; height: 18px;\">85 cm&nbsp;<\/td>\n<\/tr>\n<tr style=\"height: 18px;\">\n<td style=\"text-align: center; border-width: 1px; border-style: solid; height: 18px;\"><span style=\"font-weight: bold;\">Sandalye<\/span><\/td>\n<td style=\"text-align: center; border-width: 1px; border-style: solid; height: 18px;\">&#8211;<\/td>\n<td style=\"text-align: center; border-width: 1px; border-style: solid; height: 18px;\">&#8211;<\/td>\n<td style=\"text-align: center; border-width: 1px; border-style: solid; height: 18px;\">&#8211;<\/td>\n<\/tr>\n<tr style=\"height: 18px;\">\n<td style=\"text-align: center; border-width: 1px; border-style: solid; height: 18px;\"><span style=\"font-weight: bold;\">&nbsp;\u00dc\u00e7l\u00fc Koltuk<\/span><\/td>\n<td style=\"text-align: center; border-width: 1px; border-style: solid; height: 18px;\">232 cm<\/td>\n<td style=\"text-align: center; border-width: 1px; border-style: solid; height: 18px;\">90 cm<\/td>\n<td style=\"text-align: center; border-width: 1px; border-style: solid; height: 18px;\">90 cm&nbsp;<\/td>\n<\/tr>\n<tr style=\"height: 18px;\">\n<td style=\"text-align: center; border-width: 1px; border-style: solid; height: 18px;\"><span style=\"font-weight: bold;\">Berjer&nbsp;<\/span><\/td>\n<td style=\"text-align: center; border-width: 1px; border-style: solid; height: 18px;\">80 cm<\/td>\n<td style=\"text-align: center; border-width: 1px; border-style: solid; height: 18px;\">87 cm<\/td>\n<td style=\"text-align: center; border-width: 1px; border-style: solid; height: 18px;\">90 cm&nbsp;<\/td>\n<\/tr>\n<tr style=\"height: 18px;\">\n<td style=\"text-align: center; border-width: 1px; border-style: solid; height: 18px;\"><span style=\"font-weight: bold;\">Kapakl\u0131 Gard\u0131rop&nbsp;<\/span><\/td>\n<td style=\"text-align: center; border-width: 1px; border-style: solid; height: 18px;\">248 cm&nbsp;<\/td>\n<td style=\"text-align: center; border-width: 1px; border-style: solid; height: 18px;\">209,8 cm&nbsp;<\/td>\n<td style=\"text-align: center; border-width: 1px; border-style: solid; height: 18px;\">62,7 cm&nbsp;<\/td>\n<\/tr>\n<tr style=\"height: 18px;\">\n<td style=\"text-align: center; border-width: 1px; border-style: solid; height: 18px;\"><span style=\"font-weight: bold;\">&nbsp;\u015eifonyer<\/span><\/td>\n<td style=\"text-align: center; border-width: 1px; border-style: solid; height: 18px;\">100 cm<\/td>\n<td style=\"text-align: center; border-width: 1px; border-style: solid; height: 18px;\">150,8 cm&nbsp;<\/td>\n<td style=\"text-align: center; border-width: 1px; border-style: solid; height: 18px;\">49,9 cm<\/td>\n<\/tr>\n<tr style=\"height: 18px;\">\n<td style=\"text-align: center; border-width: 1px; border-style: solid; height: 18px;\"><span style=\"font-weight: bold;\">&nbsp;Komodin<\/span><\/td>\n<td style=\"text-align: center; border-width: 1px; border-style: solid; height: 18px;\">55,2 cm<\/td>\n<td style=\"text-align: center; border-width: 1px; border-style: solid; height: 18px;\">55 cm<\/td>\n<td style=\"text-align: center; border-width: 1px; border-style: solid; height: 18px;\">42,9 cm&nbsp;<\/td>\n<\/tr>\n<tr style=\"height: 18px;\">\n<td style=\"text-align: center; border-width: 1px; border-style: solid; height: 18px;\"><span style=\"font-weight: bold;\">&nbsp;Ba\u015fl\u0131k<\/span><\/td>\n<td style=\"text-align: center; border-width: 1px; border-style: solid; height: 18px;\">157 cm<\/td>\n<td style=\"text-align: center; border-width: 1px; border-style: solid; height: 18px;\">115,8 cm<\/td>\n<td style=\"text-align: center; border-width: 1px; border-style: solid; height: 18px;\">&#8211;<\/td>\n<\/tr>\n<\/tbody>\n<\/table>\n<div class=\"col-lg-4\">&nbsp;<\/div>\n<p><center><iframe width='560' height='315' src='https:\/\/www.youtube.com\/embed\/3ZTJM3Q7RFQ' frameborder='0' allow='accelerometer; autoplay; clipboard-write; encrypted-media; gyroscope; picture-in-picture' allowfullscreen><\/iframe><\/center><br \/>\n<a href=\"https:\/\/www.modalife.com\/urun\/bianco-uclu-dugun-paketi\"><strong>\u00dcr\u00fcne Git<\/strong><\/a><\/p>\n","protected":false},"excerpt":{"rendered":"<p>&nbsp;B\u0130ANCO YATAK ODASI TAKIMI &#8211; Bianco yatak odas\u0131n\u0131n konfor ve kullan\u0131m rahatl\u0131\u011f\u0131 sizi g\u00fcne mutlu uyand\u0131racak. &#8211; Tak\u0131m\u0131m\u0131z gard\u0131rop, \u015fifonyer, ba\u015fl\u0131k ve 2 adet komodin\u2019den olu\u015fmaktad\u0131r. &#8211; Renk konfig\u00fcrasyonunda genel itibariyle k\u0131r\u0131k beyaz renk kullan\u0131lm\u0131\u015ft\u0131r. &#8211; \u00dcr\u00fcn\u00fcm\u00fcz\u00fcn gard\u0131robu kapakl\u0131 ve s\u00fcrg\u00fcl\u00fc olmak \u00fczere 2 farkl\u0131 \u015fekilde tasarlanm\u0131\u015ft\u0131r. &#8211; \u015eifonyer tak\u0131m\u0131n kimli\u011fine uyumlu olarak tasarlanm\u0131\u015f olup, [&hellip;]<\/p>\n","protected":false},"author":1,"featured_media":0,"comment_status":"closed","ping_status":"closed","sticky":false,"template":"","format":"standard","meta":[],"categories":[],"tags":[],"gutentor_comment":0,"_links":{"self":[{"href":"https:\/\/blog.modalife.click\/index.php?rest_route=\/wp\/v2\/posts\/4386"}],"collection":[{"href":"https:\/\/blog.modalife.click\/index.php?rest_route=\/wp\/v2\/posts"}],"about":[{"href":"https:\/\/blog.modalife.click\/index.php?rest_route=\/wp\/v2\/types\/post"}],"author":[{"embeddable":true,"href":"https:\/\/blog.modalife.click\/index.php?rest_route=\/wp\/v2\/users\/1"}],"replies":[{"embeddable":true,"href":"https:\/\/blog.modalife.click\/index.php?rest_route=%2Fwp%2Fv2%2Fcomments&post=4386"}],"version-history":[{"count":0,"href":"https:\/\/blog.modalife.click\/index.php?rest_route=\/wp\/v2\/posts\/4386\/revisions"}],"wp:attachment":[{"href":"https:\/\/blog.modalife.click\/index.php?rest_route=%2Fwp%2Fv2%2Fmedia&parent=4386"}],"wp:term":[{"taxonomy":"category","embeddable":true,"href":"https:\/\/blog.modalife.click\/index.php?rest_route=%2Fwp%2Fv2%2Fcategories&post=4386"},{"taxonomy":"post_tag","embeddable":true,"href":"https:\/\/blog.modalife.click\/index.php?rest_route=%2Fwp%2Fv2%2Ftags&post=4386"}],"curies":[{"name":"wp","href":"https:\/\/api.w.org\/{rel}","templated":true}]}}