{"id":4380,"date":"2021-06-03T10:25:43","date_gmt":"2021-06-03T07:25:43","guid":{"rendered":"http:\/\/blog.modalife.click\/?p=4380"},"modified":"2021-06-03T10:25:43","modified_gmt":"2021-06-03T07:25:43","slug":"bianco-yatak-odasi-takimi-kapakli","status":"publish","type":"post","link":"https:\/\/blog.modalife.click\/?p=4380","title":{"rendered":"Bianco Yatak Odas\u0131 Tak\u0131m\u0131 (Kapakl\u0131)"},"content":{"rendered":"<p><img src=\"https:\/\/st3.myideasoft.com\/shop\/bo\/48\/myassets\/products\/941\/modalife-bianco-yatak-odasi-takimi-kapakli.jpg?revision=1619004187\" alt=\"\" \/><\/p>\n<div>\n<div>&#8211; Bianco yatak odas\u0131n\u0131n konfor ve kullan\u0131m rahatl\u0131\u011f\u0131 sizi g\u00fcne mutlu uyand\u0131racak.<\/div>\n<div>&#8211; Tak\u0131m\u0131m\u0131z gard\u0131rop, \u015fifonyer, ba\u015fl\u0131k ve 2 adet komodin\u2019den olu\u015fmaktad\u0131r.<\/div>\n<div>&#8211; Renk konfig\u00fcrasyonunda genel itibariyle k\u0131r\u0131k beyaz renk kullan\u0131lm\u0131\u015ft\u0131r.<\/div>\n<div>&#8211; \u00dcr\u00fcn\u00fcm\u00fcz\u00fcn gard\u0131robu kapakl\u0131 ve s\u00fcrg\u00fcl\u00fc olmak \u00fczere 2 farkl\u0131 \u015fekilde tasarlanm\u0131\u015ft\u0131r.<\/div>\n<div>&#8211; \u015eifonyer tak\u0131m\u0131n kimli\u011fine uyumlu olarak tasarlanm\u0131\u015f olup, \u00fcst \u00e7ekmecesi aksesuar alan\u0131 olarak belirlenmi\u015ftir.<\/div>\n<div>&#8211; \u00dcnitelerde yerden y\u00fcksek ayak kullan\u0131lm\u0131\u015f olup, siz de\u011ferli m\u00fc\u015fterilerimize temizlik kolayl\u0131\u011f\u0131 sa\u011flanm\u0131\u015ft\u0131r.<\/div>\n<div>&#8211; Komodin\u2019de 2 adet \u00e7ekmece kullan\u0131lm\u0131\u015f olup kapak y\u00fczeyindeki detaylar di\u011fer \u00fcr\u00fcnlerle kombine edilmi\u015ftir.<\/div>\n<div>&#8211; Yatak odas\u0131 tak\u0131mlar\u0131nda baza hediyemizdir.&nbsp;<\/div>\n<div>&#8211; 2 y\u0131l garantilidir.<\/div>\n<div>&#8211; Bianco yatak odas\u0131 tak\u0131m\u0131n\u0131, Bianco yemek odas\u0131 ve koltuk tak\u0131m\u0131 ile kombine ederek evinizde \u015f\u0131kl\u0131k ve b\u00fct\u00fcnl\u00fck olu\u015fturabilirsiniz.<\/div>\n<div>&#8211; Aksesuarlar dekor ama\u00e7l\u0131 kullan\u0131lm\u0131\u015f olup, fiyata dahil de\u011fildir.<\/div>\n<div>&#8211; \u00dcr\u00fcn\u00fcm\u00fcze web sitemiz \u00fczerinden yada size en yak\u0131n modalife ma\u011fazas\u0131ndan ula\u015fabilirsiniz.<\/div>\n<\/div>\n<div>\n\t<\/div>\n<table style=\"border-collapse: collapse; width: 100%; height: 90px;\">\n<tbody>\n<tr style=\"height: 18px;\">\n<td style=\"text-align: center; border-width: 1px; border-style: solid; height: 18px;\"><span style=\"font-weight: bold;\">Bianco Yatak Odas\u0131 Tak\u0131m\u0131<\/span><\/td>\n<td style=\"text-align: center; border-width: 1px; border-style: solid; height: 18px;\"><span style=\"font-weight: bold;\">&nbsp;Geni\u015flik<\/span><\/td>\n<td style=\"text-align: center; border-width: 1px; border-style: solid; height: 18px;\"><span style=\"font-weight: bold;\">&nbsp;Y\u00fckseklik<\/span><\/td>\n<td style=\"text-align: center; border-width: 1px; border-style: solid; height: 18px;\"><span style=\"font-weight: bold;\">&nbsp;Derinlik<\/span><\/td>\n<\/tr>\n<tr style=\"height: 18px;\">\n<td style=\"text-align: center; border-width: 1px; border-style: solid; height: 18px;\"><span style=\"font-weight: bold;\">Kapakl\u0131 Gard\u0131rop&nbsp;<\/span><\/td>\n<td style=\"text-align: center; border-width: 1px; border-style: solid; height: 18px;\">248 cm&nbsp;<\/td>\n<td style=\"text-align: center; border-width: 1px; border-style: solid; height: 18px;\">209,8 cm&nbsp;<\/td>\n<td style=\"text-align: center; border-width: 1px; border-style: solid; height: 18px;\">62,7 cm&nbsp;<\/td>\n<\/tr>\n<tr style=\"height: 18px;\">\n<td style=\"text-align: center; border-width: 1px; border-style: solid; height: 18px;\"><span style=\"font-weight: bold;\">&nbsp;\u015eifonyer<\/span><\/td>\n<td style=\"text-align: center; border-width: 1px; border-style: solid; height: 18px;\">100 cm<\/td>\n<td style=\"text-align: center; border-width: 1px; border-style: solid; height: 18px;\">150,8 cm&nbsp;<\/td>\n<td style=\"text-align: center; border-width: 1px; border-style: solid; height: 18px;\">49,9 cm<\/td>\n<\/tr>\n<tr style=\"height: 18px;\">\n<td style=\"text-align: center; border-width: 1px; border-style: solid; height: 18px;\"><span style=\"font-weight: bold;\">&nbsp;Komodin<\/span><\/td>\n<td style=\"text-align: center; border-width: 1px; border-style: solid; height: 18px;\">55,2 cm<\/td>\n<td style=\"text-align: center; border-width: 1px; border-style: solid; height: 18px;\">55 cm<\/td>\n<td style=\"text-align: center; border-width: 1px; border-style: solid; height: 18px;\">42,9 cm&nbsp;<\/td>\n<\/tr>\n<tr style=\"height: 18px;\">\n<td style=\"text-align: center; border-width: 1px; border-style: solid; height: 18px;\"><span style=\"font-weight: bold;\">&nbsp;Ba\u015fl\u0131k<\/span><\/td>\n<td style=\"text-align: center; border-width: 1px; border-style: solid; height: 18px;\">157 cm<\/td>\n<td style=\"text-align: center; border-width: 1px; border-style: solid; height: 18px;\">115,8 cm<\/td>\n<td style=\"text-align: center; border-width: 1px; border-style: solid; height: 18px;\">&#8211;<\/td>\n<\/tr>\n<\/tbody>\n<\/table>\n<p><center><iframe width='560' height='315' src='https:\/\/www.youtube.com\/embed\/k-wSMTPiVH0' frameborder='0' allow='accelerometer; autoplay; clipboard-write; encrypted-media; gyroscope; picture-in-picture' allowfullscreen><\/iframe><\/center><br \/>\n<a href=\"https:\/\/www.modalife.com\/urun\/bianco-yatak-odasi-takimi-kapakli\"><strong>\u00dcr\u00fcne Git<\/strong><\/a><\/p>\n","protected":false},"excerpt":{"rendered":"<p>&#8211; Bianco yatak odas\u0131n\u0131n konfor ve kullan\u0131m rahatl\u0131\u011f\u0131 sizi g\u00fcne mutlu uyand\u0131racak. &#8211; Tak\u0131m\u0131m\u0131z gard\u0131rop, \u015fifonyer, ba\u015fl\u0131k ve 2 adet komodin\u2019den olu\u015fmaktad\u0131r. &#8211; Renk konfig\u00fcrasyonunda genel itibariyle k\u0131r\u0131k beyaz renk kullan\u0131lm\u0131\u015ft\u0131r. &#8211; \u00dcr\u00fcn\u00fcm\u00fcz\u00fcn gard\u0131robu kapakl\u0131 ve s\u00fcrg\u00fcl\u00fc olmak \u00fczere 2 farkl\u0131 \u015fekilde tasarlanm\u0131\u015ft\u0131r. &#8211; \u015eifonyer tak\u0131m\u0131n kimli\u011fine uyumlu olarak tasarlanm\u0131\u015f olup, \u00fcst \u00e7ekmecesi aksesuar alan\u0131 [&hellip;]<\/p>\n","protected":false},"author":1,"featured_media":0,"comment_status":"closed","ping_status":"closed","sticky":false,"template":"","format":"standard","meta":[],"categories":[],"tags":[],"gutentor_comment":0,"_links":{"self":[{"href":"https:\/\/blog.modalife.click\/index.php?rest_route=\/wp\/v2\/posts\/4380"}],"collection":[{"href":"https:\/\/blog.modalife.click\/index.php?rest_route=\/wp\/v2\/posts"}],"about":[{"href":"https:\/\/blog.modalife.click\/index.php?rest_route=\/wp\/v2\/types\/post"}],"author":[{"embeddable":true,"href":"https:\/\/blog.modalife.click\/index.php?rest_route=\/wp\/v2\/users\/1"}],"replies":[{"embeddable":true,"href":"https:\/\/blog.modalife.click\/index.php?rest_route=%2Fwp%2Fv2%2Fcomments&post=4380"}],"version-history":[{"count":0,"href":"https:\/\/blog.modalife.click\/index.php?rest_route=\/wp\/v2\/posts\/4380\/revisions"}],"wp:attachment":[{"href":"https:\/\/blog.modalife.click\/index.php?rest_route=%2Fwp%2Fv2%2Fmedia&parent=4380"}],"wp:term":[{"taxonomy":"category","embeddable":true,"href":"https:\/\/blog.modalife.click\/index.php?rest_route=%2Fwp%2Fv2%2Fcategories&post=4380"},{"taxonomy":"post_tag","embeddable":true,"href":"https:\/\/blog.modalife.click\/index.php?rest_route=%2Fwp%2Fv2%2Ftags&post=4380"}],"curies":[{"name":"wp","href":"https:\/\/api.w.org\/{rel}","templated":true}]}}