{"id":4358,"date":"2021-07-12T13:13:15","date_gmt":"2021-07-12T10:13:15","guid":{"rendered":"http:\/\/blog.modalife.click\/?p=4358"},"modified":"2021-07-12T13:13:15","modified_gmt":"2021-07-12T10:13:15","slug":"bianco-orta-sehpa","status":"publish","type":"post","link":"https:\/\/blog.modalife.click\/?p=4358","title":{"rendered":"Bianco Orta Sehpa"},"content":{"rendered":"<p><img src=\"https:\/\/st2.myideasoft.com\/shop\/bo\/48\/myassets\/products\/532\/pr_01_11532.jpg?revision=1451304201\" alt=\"\" \/><\/p>\n<div>&#8211; Tak\u0131m renk konfig\u00fcrasyonunda genel itibariyle Moda beyaz renk kullan\u0131lm\u0131\u015ft\u0131r.<\/div>\n<div>&#8211; \u00dcr\u00fcn \u00fcst tabla kenarlar\u0131 profil ile \u00e7evrelenerek estetik g\u00f6r\u00fcn\u00fcm sa\u011flanm\u0131\u015ft\u0131r.<\/div>\n<div>&#8211; \u00dcnitelerde yerden y\u00fcksek ayak kullan\u0131lm\u0131\u015f olup, temizlik kolayl\u0131\u011f\u0131 sa\u011flanm\u0131\u015ft\u0131r.<\/div>\n<div>&#8211; T\u00fcm \u00fcr\u00fcnlerimiz TSE ve kalite g\u00fcvence belgelerine sahiptir.<\/div>\n<div>&#8211; T\u00fcm \u00fcr\u00fcnlerimiz 2 y\u0131l garantilidir.<\/div>\n<div><\/p>\n<table style=\"border-collapse:collapse;width:100%;\">\n<tbody>\n<tr>\n<td style=\"text-align: center; border-width: 1px; border-style: solid;\"><span style=\"font-weight: bold;\">Bianco&nbsp;<\/span><\/td>\n<td style=\"text-align: center; border-width: 1px; border-style: solid;\"><span style=\"font-weight: bold;\">Geni\u015flik&nbsp;<\/span><\/td>\n<td style=\"text-align: center; border-width: 1px; border-style: solid;\"><span style=\"font-weight: bold;\">Y\u00fckseklik&nbsp;<\/span><\/td>\n<td style=\"text-align: center; border-width: 1px; border-style: solid;\"><span style=\"font-weight: bold;\">Derin&nbsp;<\/span><\/td>\n<\/tr>\n<tr>\n<td style=\"text-align: center; border-width: 1px; border-style: solid;\">Orta Sehpa&nbsp;<\/td>\n<td style=\"text-align: center; border-width: 1px; border-style: solid;\">100 cm&nbsp;<\/td>\n<td style=\"text-align: center; border-width: 1px; border-style: solid;\">44,4 cm&nbsp;<\/td>\n<td style=\"text-align: center; border-width: 1px; border-style: solid;\">60 cm&nbsp;<\/td>\n<\/tr>\n<\/tbody>\n<\/table><\/div>\n<p><a href=\"https:\/\/www.modalife.com\/urun\/bianco-orta-sehpa\"><strong>\u00dcr\u00fcne Git<\/strong><\/a><\/p>\n","protected":false},"excerpt":{"rendered":"<p>&#8211; Tak\u0131m renk konfig\u00fcrasyonunda genel itibariyle Moda beyaz renk kullan\u0131lm\u0131\u015ft\u0131r. &#8211; \u00dcr\u00fcn \u00fcst tabla kenarlar\u0131 profil ile \u00e7evrelenerek estetik g\u00f6r\u00fcn\u00fcm sa\u011flanm\u0131\u015ft\u0131r. &#8211; \u00dcnitelerde yerden y\u00fcksek ayak kullan\u0131lm\u0131\u015f olup, temizlik kolayl\u0131\u011f\u0131 sa\u011flanm\u0131\u015ft\u0131r. &#8211; T\u00fcm \u00fcr\u00fcnlerimiz TSE ve kalite g\u00fcvence belgelerine sahiptir. &#8211; T\u00fcm \u00fcr\u00fcnlerimiz 2 y\u0131l garantilidir. Bianco&nbsp; Geni\u015flik&nbsp; Y\u00fckseklik&nbsp; Derin&nbsp; Orta Sehpa&nbsp; 100 cm&nbsp; 44,4 [&hellip;]<\/p>\n","protected":false},"author":1,"featured_media":0,"comment_status":"closed","ping_status":"closed","sticky":false,"template":"","format":"standard","meta":[],"categories":[],"tags":[],"gutentor_comment":0,"_links":{"self":[{"href":"https:\/\/blog.modalife.click\/index.php?rest_route=\/wp\/v2\/posts\/4358"}],"collection":[{"href":"https:\/\/blog.modalife.click\/index.php?rest_route=\/wp\/v2\/posts"}],"about":[{"href":"https:\/\/blog.modalife.click\/index.php?rest_route=\/wp\/v2\/types\/post"}],"author":[{"embeddable":true,"href":"https:\/\/blog.modalife.click\/index.php?rest_route=\/wp\/v2\/users\/1"}],"replies":[{"embeddable":true,"href":"https:\/\/blog.modalife.click\/index.php?rest_route=%2Fwp%2Fv2%2Fcomments&post=4358"}],"version-history":[{"count":0,"href":"https:\/\/blog.modalife.click\/index.php?rest_route=\/wp\/v2\/posts\/4358\/revisions"}],"wp:attachment":[{"href":"https:\/\/blog.modalife.click\/index.php?rest_route=%2Fwp%2Fv2%2Fmedia&parent=4358"}],"wp:term":[{"taxonomy":"category","embeddable":true,"href":"https:\/\/blog.modalife.click\/index.php?rest_route=%2Fwp%2Fv2%2Fcategories&post=4358"},{"taxonomy":"post_tag","embeddable":true,"href":"https:\/\/blog.modalife.click\/index.php?rest_route=%2Fwp%2Fv2%2Ftags&post=4358"}],"curies":[{"name":"wp","href":"https:\/\/api.w.org\/{rel}","templated":true}]}}