{"id":4357,"date":"2021-04-19T15:06:38","date_gmt":"2021-04-19T12:06:38","guid":{"rendered":"http:\/\/blog.modalife.click\/?p=4357"},"modified":"2021-04-19T15:06:38","modified_gmt":"2021-04-19T12:06:38","slug":"asil-midi-koltuk-takimi-krem","status":"publish","type":"post","link":"https:\/\/blog.modalife.click\/?p=4357","title":{"rendered":"Asil Midi Koltuk Tak\u0131m\u0131 &#8211; Krem"},"content":{"rendered":"<p><img src=\"https:\/\/st3.myideasoft.com\/shop\/bo\/48\/myassets\/products\/642\/modalife-asil-midi-koltuk-takimi-yatakli-sandikli-krem.jpg?revision=1611221624\" alt=\"\" \/><\/p>\n<div>&#8211; Asil koltuk tak\u0131m\u0131, t\u00fcm detaylar\u0131 ve farkl\u0131 tasar\u0131m\u0131 ile adeta ad\u0131yla b\u00fct\u00fcnle\u015fmi\u015f bir koltuk tak\u0131m\u0131d\u0131r. S\u0131rt k\u0131sm\u0131nda uygulanan kapitone, d\u00fc\u011fme ve berjerindeki \u00f6zel el i\u015f\u00e7ili\u011fi ah\u015fap detaylar\u0131 bir ince ustal\u0131\u011f\u0131 sayesinde olu\u015fabilmektedir. Ayn\u0131 zaman yap\u0131lan \u00f6zverili AR-GE \u00e7al\u0131\u015fmalar\u0131 sayesinde duvara s\u0131f\u0131r a\u00e7\u0131labilen yatak ve sand\u0131k uygulamas\u0131 da yap\u0131lm\u0131\u015ft\u0131r. <\/div>\n<div>&#8211; M\u00fckemmel renk kontrast ge\u00e7i\u015fleri ve farkl\u0131 renk kombinasyonu ile evinizindeki t\u00fcm e\u015fyalar kolayca uyum sa\u011flayabilecektir.. \u00d6zel yumu\u015fac\u0131k kuma\u015f dokusu ve bir b\u00fct\u00fcn halinde uygulanan tasar\u0131msal ayaklar\u0131 ile g\u00f6steri\u015fli salonlar i\u00e7in tercih edilebilir.<\/div>\n<div>&#8211; Asil maxi Koltuk tak\u0131m\u0131m\u0131z 3+3+1 mod\u00fcllerinden olu\u015fmaktad\u0131r.<\/div>\n<div>&#8211; Asil Koltuk tak\u0131m\u0131m\u0131z yatakl\u0131 ve sand\u0131kl\u0131d\u0131r.<\/div>\n<div>&#8211; Lekeyi olu\u015fturan bir s\u0131v\u0131 ise; d\u00f6k\u00fclen s\u0131v\u0131y\u0131 hemen ka\u011f\u0131t havlu veya emici bir bez ile lekenin yay\u0131lmamas\u0131 i\u00e7in b\u00f6lgeyi d\u0131\u015ftan i\u00e7e do\u011fru bast\u0131rmadan temizleyiniz.<\/div>\n<div>&#8211; \u00dcr\u00fcn\u00fcm\u00fczde 8 adet 45&#215;45 cm uzunlu\u011funda k\u0131rlent mevcuttur.<\/div>\n<div>&#8211; Oturum ve s\u0131rt (yaslanma) b\u00f6l\u00fcm\u00fcnde 330 gr\/m2 kalitesinde yumu\u015fak tu\u015feli ithal kuma\u015flar uygulanmaktad\u0131r.<\/div>\n<div>&#8211; \u0130thal kuma\u015f, y\u00fczeyinde olu\u015fan \u00e7ay, kahve gibi lekerin yanl\u0131zca su ve hidrofil bir bez yard\u0131m\u0131yla kolayl\u0131la temizlenebilmesini sa\u011flar.<\/div>\n<div>&#8211; \u00d6zel \u00fcretilmi\u015f kendine has tu\u015fesi ile \u00e7ok yumu\u015fak ve ipeksi bir dokuya sahiptir<\/div>\n<div>&#8211; \u00d6zel tasar\u0131m y\u00fcksek aya\u011f\u0131 sayesinde, yerinden \u00e7ekmeden bulundu\u011fu zemini temizleme imkan\u0131 sunar. Ayr\u0131ca \u00fcr\u00fcn\u00fcn daha uzun s\u00fcreli kullan\u0131lmas\u0131 i\u00e7in gizli ayaklar&nbsp; ile a\u011f\u0131r y\u00fcke kar\u015f\u0131 desteklenmi\u015ftir.<\/div>\n<div>&#8211; Her t\u00fcrl\u00fc ko\u015fulda mukavemetinin tam ve \u00f6mr\u00fcn\u00fcn uzun olmas\u0131 i\u00e7in iskeletin t\u00fcm destek noktalar\u0131 kutu metal profilden, a\u011f\u0131rl\u0131k noktalar\u0131 ise kay\u0131n a\u011fac\u0131ndan imal edilmi\u015ftir. T\u00fcm kesim i\u015flemleri standart \u00f6l\u00e7\u00fc ve i\u015f\u00e7ili\u011fi yakalamas\u0131 ad\u0131na CNC makinalarda i\u015flem g\u00f6rmektedir.<\/div>\n<div><\/p>\n<table style=\"text-align: center; border-collapse: collapse; width: 100%;\">\n<tbody>\n<tr>\n<td style=\"text-align: center; border-width: 1px; border-style: solid;\"><span style=\"font-weight: bold;\">Asil Midi Koltuk Tak\u0131m\u0131<\/span><\/td>\n<td style=\"text-align: center; border-width: 1px; border-style: solid;\"><span style=\"font-weight: bold;\">Geni\u015flik<\/span><\/td>\n<td style=\"text-align: center; border-width: 1px; border-style: solid;\"><span style=\"font-weight: bold;\">Y\u00fckseklik<\/span><\/td>\n<td style=\"text-align: center; border-width: 1px; border-style: solid;\"><span style=\"font-weight: bold;\">Derinlik<\/span><\/td>\n<\/tr>\n<tr>\n<td style=\"text-align: center; border-width: 1px; border-style: solid;\">&nbsp;\u00dc\u00e7l\u00fc Koltuk<\/td>\n<td style=\"text-align: center; border-width: 1px; border-style: solid;\">&nbsp;232 cm<\/td>\n<td style=\"text-align: center; border-width: 1px; border-style: solid;\">95 cm&nbsp;<\/td>\n<td style=\"text-align: center; border-width: 1px; border-style: solid;\">90 cm&nbsp;<\/td>\n<\/tr>\n<tr>\n<td style=\"text-align: center; border-width: 1px; border-style: solid;\">&nbsp;Berjer<\/td>\n<td style=\"text-align: center; border-width: 1px; border-style: solid;\">&nbsp;90 cm<\/td>\n<td style=\"text-align: center; border-width: 1px; border-style: solid;\">96 cm&nbsp;<\/td>\n<td style=\"text-align: center; border-width: 1px; border-style: solid;\">95 cm&nbsp;<\/td>\n<\/tr>\n<\/tbody>\n<\/table>\n<\/div>\n<p><center><iframe width='560' height='315' src='https:\/\/www.youtube.com\/embed\/3gvL2zwLKhk' frameborder='0' allow='accelerometer; autoplay; clipboard-write; encrypted-media; gyroscope; picture-in-picture' allowfullscreen><\/iframe><\/center><br \/>\n<a href=\"https:\/\/www.modalife.com\/urun\/asil-midi-koltuk-takimi-renk-secenekli\"><strong>\u00dcr\u00fcne Git<\/strong><\/a><\/p>\n","protected":false},"excerpt":{"rendered":"<p>&#8211; Asil koltuk tak\u0131m\u0131, t\u00fcm detaylar\u0131 ve farkl\u0131 tasar\u0131m\u0131 ile adeta ad\u0131yla b\u00fct\u00fcnle\u015fmi\u015f bir koltuk tak\u0131m\u0131d\u0131r. S\u0131rt k\u0131sm\u0131nda uygulanan kapitone, d\u00fc\u011fme ve berjerindeki \u00f6zel el i\u015f\u00e7ili\u011fi ah\u015fap detaylar\u0131 bir ince ustal\u0131\u011f\u0131 sayesinde olu\u015fabilmektedir. Ayn\u0131 zaman yap\u0131lan \u00f6zverili AR-GE \u00e7al\u0131\u015fmalar\u0131 sayesinde duvara s\u0131f\u0131r a\u00e7\u0131labilen yatak ve sand\u0131k uygulamas\u0131 da yap\u0131lm\u0131\u015ft\u0131r. &#8211; M\u00fckemmel renk kontrast ge\u00e7i\u015fleri ve [&hellip;]<\/p>\n","protected":false},"author":1,"featured_media":0,"comment_status":"closed","ping_status":"closed","sticky":false,"template":"","format":"standard","meta":[],"categories":[],"tags":[],"gutentor_comment":0,"_links":{"self":[{"href":"https:\/\/blog.modalife.click\/index.php?rest_route=\/wp\/v2\/posts\/4357"}],"collection":[{"href":"https:\/\/blog.modalife.click\/index.php?rest_route=\/wp\/v2\/posts"}],"about":[{"href":"https:\/\/blog.modalife.click\/index.php?rest_route=\/wp\/v2\/types\/post"}],"author":[{"embeddable":true,"href":"https:\/\/blog.modalife.click\/index.php?rest_route=\/wp\/v2\/users\/1"}],"replies":[{"embeddable":true,"href":"https:\/\/blog.modalife.click\/index.php?rest_route=%2Fwp%2Fv2%2Fcomments&post=4357"}],"version-history":[{"count":0,"href":"https:\/\/blog.modalife.click\/index.php?rest_route=\/wp\/v2\/posts\/4357\/revisions"}],"wp:attachment":[{"href":"https:\/\/blog.modalife.click\/index.php?rest_route=%2Fwp%2Fv2%2Fmedia&parent=4357"}],"wp:term":[{"taxonomy":"category","embeddable":true,"href":"https:\/\/blog.modalife.click\/index.php?rest_route=%2Fwp%2Fv2%2Fcategories&post=4357"},{"taxonomy":"post_tag","embeddable":true,"href":"https:\/\/blog.modalife.click\/index.php?rest_route=%2Fwp%2Fv2%2Ftags&post=4357"}],"curies":[{"name":"wp","href":"https:\/\/api.w.org\/{rel}","templated":true}]}}