{"id":4319,"date":"2021-04-25T13:47:46","date_gmt":"2021-04-25T10:47:46","guid":{"rendered":"http:\/\/blog.modalife.click\/?p=4319"},"modified":"2021-04-25T13:47:46","modified_gmt":"2021-04-25T10:47:46","slug":"alize-yemek-odasi-takimi","status":"publish","type":"post","link":"https:\/\/blog.modalife.click\/?p=4319","title":{"rendered":"Alize Yemek Odas\u0131 Tak\u0131m\u0131"},"content":{"rendered":"<p><img src=\"https:\/\/st1.myideasoft.com\/shop\/bo\/48\/myassets\/products\/443\/modalife-alize-yemek-odasi-takimi.jpg?revision=1618991517\" alt=\"\" \/><\/p>\n<div>\n<div>&#8211; T\u00fcm aileyi bir araya getiren yemek odas\u0131, \u015f\u0131k bir g\u00f6r\u00fcnt\u00fcy\u00fc hak eder.&nbsp;<\/div>\n<div>&#8211; Alize yemek odas\u0131 tak\u0131m\u0131m\u0131z, konsol, tv \u00fcnitesi, masa ve 6 adet sandalye\u2019den olu\u015fmaktad\u0131r.<\/div>\n<div>&#8211; Tak\u0131ma iste\u011fe ba\u011fl\u0131 olarak vitrin de eklenebilmektedir.<\/div>\n<div>&#8211; Vitrin kapak cam\u0131nda ve \u00fcnite i\u00e7erisinde depolama ama\u00e7l\u0131 kullan\u0131lan cam raflar temperli olup, g\u00fcvenlik \u00f6n plana \u00e7\u0131kar\u0131lm\u0131\u015ft\u0131r.<\/div>\n<div>&#8211; Tak\u0131m renk konfig\u00fcrasyonunda genel itibariyle Legnano renk kullan\u0131lm\u0131\u015ft\u0131r. Ayta\u015f\u0131 wood&nbsp; renk uygulamas\u0131 ile kombine edilmi\u015ftir.<\/div>\n<div>&#8211; Tv \u00fcnitesinin \u00e7ekmecelerinde yeni nesil \u00e7ift a\u00e7\u0131l\u0131m ve stoplu ray kullan\u0131lm\u0131\u015ft\u0131r.<\/div>\n<div>&#8211; \u00dcnitelerde yerden y\u00fcksek ayak kullan\u0131lm\u0131\u015f olup, siz de\u011ferli m\u00fc\u015fterilerimize temizlik kolayl\u0131\u011f\u0131 sa\u011flanm\u0131\u015ft\u0131r.<\/div>\n<div>&#8211; Konsol aynas\u0131 iki par\u00e7adan tasarlanm\u0131\u015f olup, bir par\u00e7as\u0131 alt\u0131gen formda \u00fcretilmi\u015ftir.<\/div>\n<div>&#8211; Konsol ve vitrin kapaklar\u0131nda yava\u015flat\u0131c\u0131 sistem kullan\u0131lm\u0131\u015f olup, h\u0131zl\u0131 \u00e7arpmalar engellenerek \u00fcr\u00fcn fonksiyonelli\u011fi art\u0131r\u0131lm\u0131\u015ft\u0131r.<\/div>\n<div>&#8211; Tv \u00fcnitesinin \u00fcst k\u0131sm\u0131nda dvd, uydu al\u0131c\u0131s\u0131 konulabilmesi i\u00e7in bo\u015f alan b\u0131rak\u0131lm\u0131\u015f olup, kitapl\u0131k b\u00f6lmesiyle de fonksiyonellik kazand\u0131r\u0131lm\u0131\u015ft\u0131r.<\/div>\n<div>&#8211; Alize yemek odas\u0131 tak\u0131m\u0131n\u0131, Alize koltuk tak\u0131m\u0131 ve yatak odas\u0131 tak\u0131m\u0131 ile kombine ederek evinizde \u015f\u0131kl\u0131k ve b\u00fct\u00fcnl\u00fck olu\u015fturabilirsiniz.<\/div>\n<\/div>\n<div>\n\t<\/div>\n<table style=\"border-collapse: collapse; width: 100%; height: 90px;\">\n<tbody>\n<tr style=\"height: 18px;\">\n<td style=\"text-align: center; border-width: 1px; border-style: solid; height: 18px;\"><span style=\"font-weight: bold;\">Alize Yemek Odas\u0131 Tak\u0131m\u0131<\/span><\/td>\n<td style=\"text-align: center; border-width: 1px; border-style: solid; height: 18px;\"><span style=\"font-weight: bold;\">&nbsp;Geni\u015flik<\/span><\/td>\n<td style=\"text-align: center; border-width: 1px; border-style: solid; height: 18px;\"><span style=\"font-weight: bold;\">&nbsp;Y\u00fckseklik<\/span><\/td>\n<td style=\"text-align: center; border-width: 1px; border-style: solid; height: 18px;\"><span style=\"font-weight: bold;\">&nbsp;Derinlik<\/span><\/td>\n<\/tr>\n<tr style=\"height: 18px;\">\n<td style=\"text-align: center; border-width: 1px; border-style: solid; height: 18px;\"><span style=\"font-weight: bold;\">Konsol&nbsp;<\/span><\/td>\n<td style=\"text-align: center; border-width: 1px; border-style: solid; height: 18px;\">180 cm&nbsp;<\/td>\n<td style=\"text-align: center; border-width: 1px; border-style: solid; height: 18px;\">133,5 cm<\/td>\n<td style=\"text-align: center; border-width: 1px; border-style: solid; height: 18px;\">42,5 cm&nbsp;<\/td>\n<\/tr>\n<tr style=\"height: 18px;\">\n<td style=\"text-align: center; border-width: 1px; border-style: solid; height: 18px;\"><span style=\"font-weight: bold;\">&nbsp;Tv \u00dcnitesi<\/span><\/td>\n<td style=\"text-align: center; border-width: 1px; border-style: solid; height: 18px;\">160 cm&nbsp;<\/td>\n<td style=\"text-align: center; border-width: 1px; border-style: solid; height: 18px;\">150 cm<\/td>\n<td style=\"text-align: center; border-width: 1px; border-style: solid; height: 18px;\">44,3 cm&nbsp;<\/td>\n<\/tr>\n<tr style=\"height: 18px;\">\n<td style=\"text-align: center; border-width: 1px; border-style: solid; height: 18px;\"><span style=\"font-weight: bold;\">Masa<\/span><\/td>\n<td style=\"text-align: center; border-width: 1px; border-style: solid; height: 18px;\">180 cm&nbsp;<\/td>\n<td style=\"text-align: center; border-width: 1px; border-style: solid; height: 18px;\">77,5 cm&nbsp;<\/td>\n<td style=\"text-align: center; border-width: 1px; border-style: solid; height: 18px;\">90 cm&nbsp;<\/td>\n<\/tr>\n<tr style=\"height: 18px;\">\n<td style=\"text-align: center; border-width: 1px; border-style: solid; height: 18px;\"><span style=\"font-weight: bold;\">Sandalye<\/span><\/td>\n<td style=\"text-align: center; border-width: 1px; border-style: solid; height: 18px;\">&#8211;<\/td>\n<td style=\"text-align: center; border-width: 1px; border-style: solid; height: 18px;\">&#8211;<\/td>\n<td style=\"text-align: center; border-width: 1px; border-style: solid; height: 18px;\">&#8211;<\/td>\n<\/tr>\n<\/tbody>\n<\/table>\n<p><center><iframe width='560' height='315' src='https:\/\/www.youtube.com\/embed\/zAE9mvLOHkQ' frameborder='0' allow='accelerometer; autoplay; clipboard-write; encrypted-media; gyroscope; picture-in-picture' allowfullscreen><\/iframe><\/center><br \/>\n<a href=\"https:\/\/www.modalife.com\/urun\/alize-yemek-odasi-takimi\"><strong>\u00dcr\u00fcne Git<\/strong><\/a><\/p>\n","protected":false},"excerpt":{"rendered":"<p>&#8211; T\u00fcm aileyi bir araya getiren yemek odas\u0131, \u015f\u0131k bir g\u00f6r\u00fcnt\u00fcy\u00fc hak eder.&nbsp; &#8211; Alize yemek odas\u0131 tak\u0131m\u0131m\u0131z, konsol, tv \u00fcnitesi, masa ve 6 adet sandalye\u2019den olu\u015fmaktad\u0131r. &#8211; Tak\u0131ma iste\u011fe ba\u011fl\u0131 olarak vitrin de eklenebilmektedir. &#8211; Vitrin kapak cam\u0131nda ve \u00fcnite i\u00e7erisinde depolama ama\u00e7l\u0131 kullan\u0131lan cam raflar temperli olup, g\u00fcvenlik \u00f6n plana \u00e7\u0131kar\u0131lm\u0131\u015ft\u0131r. &#8211; Tak\u0131m [&hellip;]<\/p>\n","protected":false},"author":1,"featured_media":0,"comment_status":"closed","ping_status":"closed","sticky":false,"template":"","format":"standard","meta":[],"categories":[],"tags":[],"gutentor_comment":0,"_links":{"self":[{"href":"https:\/\/blog.modalife.click\/index.php?rest_route=\/wp\/v2\/posts\/4319"}],"collection":[{"href":"https:\/\/blog.modalife.click\/index.php?rest_route=\/wp\/v2\/posts"}],"about":[{"href":"https:\/\/blog.modalife.click\/index.php?rest_route=\/wp\/v2\/types\/post"}],"author":[{"embeddable":true,"href":"https:\/\/blog.modalife.click\/index.php?rest_route=\/wp\/v2\/users\/1"}],"replies":[{"embeddable":true,"href":"https:\/\/blog.modalife.click\/index.php?rest_route=%2Fwp%2Fv2%2Fcomments&post=4319"}],"version-history":[{"count":0,"href":"https:\/\/blog.modalife.click\/index.php?rest_route=\/wp\/v2\/posts\/4319\/revisions"}],"wp:attachment":[{"href":"https:\/\/blog.modalife.click\/index.php?rest_route=%2Fwp%2Fv2%2Fmedia&parent=4319"}],"wp:term":[{"taxonomy":"category","embeddable":true,"href":"https:\/\/blog.modalife.click\/index.php?rest_route=%2Fwp%2Fv2%2Fcategories&post=4319"},{"taxonomy":"post_tag","embeddable":true,"href":"https:\/\/blog.modalife.click\/index.php?rest_route=%2Fwp%2Fv2%2Ftags&post=4319"}],"curies":[{"name":"wp","href":"https:\/\/api.w.org\/{rel}","templated":true}]}}