{"id":4318,"date":"2021-05-17T06:43:02","date_gmt":"2021-05-17T03:43:02","guid":{"rendered":"http:\/\/blog.modalife.click\/?p=4318"},"modified":"2021-05-17T06:43:02","modified_gmt":"2021-05-17T03:43:02","slug":"alize-yatak-odasi-takimi-kapakli","status":"publish","type":"post","link":"https:\/\/blog.modalife.click\/?p=4318","title":{"rendered":"Alize Yatak Odas\u0131 Tak\u0131m\u0131 (Kapakl\u0131)"},"content":{"rendered":"<p><img src=\"https:\/\/st3.myideasoft.com\/shop\/bo\/48\/myassets\/products\/448\/modalife-alize-yatak-odasi-takimi-kapakli.jpg?revision=1619013144\" alt=\"\" \/><\/p>\n<div>\n<div>&#8211; Alize yatak odas\u0131n\u0131n konfor ve kullan\u0131m rahatl\u0131\u011f\u0131 sizi g\u00fcne mutlu uyand\u0131racak.<\/div>\n<div>&#8211; Tak\u0131m\u0131m\u0131z gard\u0131rop, \u015fifonyer, ba\u015fl\u0131k ve 2 adet komodin\u2019den olu\u015fmaktad\u0131r.<\/div>\n<div>&#8211; Tak\u0131m renk konfig\u00fcrasyonunda genel itibariyle Legnano renk kullan\u0131lm\u0131\u015ft\u0131r. Ayta\u015f\u0131 Wood renk uygulamas\u0131 ile kombine edilmi\u015ftir.<\/div>\n<div>&#8211; Gard\u0131rop, i\u00e7erisinde elbiselerin depolanabilmesine olanak sa\u011flayan, i\u00e7 \u00e7ekmece, rafl\u0131 b\u00f6lmeler ve elbise ask\u0131l\u0131klar\u0131 kullan\u0131larak fonksiyonellik art\u0131r\u0131lm\u0131\u015ft\u0131r. \u00dcr\u00fcn\u00fcm\u00fcz alt\u0131 kapakl\u0131 ve d\u00f6rt \u00e7ekmeceli olup iste\u011fe ba\u011fl\u0131 olarak s\u00fcrg\u00fcl\u00fc kapak alternatifi sunulmaktad\u0131r.&nbsp;<\/div>\n<div>&#8211; Gard\u0131rop, kullan\u0131lan led ayd\u0131nlatmalar sayesinde e\u015fsiz g\u00f6r\u00fcn\u00fcme sahip olmu\u015ftur.<\/div>\n<div>&#8211; Gard\u0131rop ve \u015fifonyerin kapak ve \u00e7ekmecelerinde yava\u015flat\u0131c\u0131 sistem kullan\u0131lm\u0131\u015f olup, h\u0131zl\u0131 \u00e7arpmalar engellenerek \u00fcr\u00fcn fonksiyonelli\u011fi art\u0131r\u0131lm\u0131\u015ft\u0131r.<\/div>\n<div>&#8211; \u015eifonyer aynas\u0131 iki par\u00e7adan tasarlanm\u0131\u015f olup, bir par\u00e7as\u0131 alt\u0131gen formda \u00fcretilmi\u015ftir.<\/div>\n<div>&#8211; \u00dcnitelerde yerden y\u00fcksek ayak kullan\u0131lm\u0131\u015f olup, siz de\u011ferli m\u00fc\u015fterilerimize temizlik kolayl\u0131\u011f\u0131 sa\u011flanm\u0131\u015ft\u0131r.<\/div>\n<div>&#8211; Yatak odas\u0131 tak\u0131mlar\u0131nda baza hediyemiz olup t\u00fcm \u00fcr\u00fcnlerimiz 2 y\u0131l garantilidir.<\/div>\n<\/div>\n<div>\n\t<\/div>\n<table style=\"border-collapse: collapse; width: 100%; height: 90px;\">\n<tbody>\n<tr style=\"height: 18px;\">\n<td style=\"text-align: center; border-width: 1px; border-style: solid; height: 18px;\"><span style=\"font-weight: bold;\">Alize Yatak Odas\u0131 Tak\u0131m\u0131<\/span><\/td>\n<td style=\"text-align: center; border-width: 1px; border-style: solid; height: 18px;\"><span style=\"font-weight: bold;\">&nbsp;Geni\u015flik<\/span><\/td>\n<td style=\"text-align: center; border-width: 1px; border-style: solid; height: 18px;\"><span style=\"font-weight: bold;\">&nbsp;Y\u00fckseklik<\/span><\/td>\n<td style=\"text-align: center; border-width: 1px; border-style: solid; height: 18px;\"><span style=\"font-weight: bold;\">&nbsp;Derinlik<\/span><\/td>\n<\/tr>\n<tr style=\"height: 18px;\">\n<td style=\"text-align: center; border-width: 1px; border-style: solid; height: 18px;\"><span style=\"font-weight: bold;\">Kapakl\u0131 Gard\u0131rop&nbsp;<\/span><\/td>\n<td style=\"text-align: center; border-width: 1px; border-style: solid; height: 18px;\">240 cm&nbsp;<\/td>\n<td style=\"text-align: center; border-width: 1px; border-style: solid; height: 18px;\">211,6 cm&nbsp;<\/td>\n<td style=\"text-align: center; border-width: 1px; border-style: solid; height: 18px;\">65,5 cm&nbsp;<\/td>\n<\/tr>\n<tr style=\"height: 18px;\">\n<td style=\"text-align: center; border-width: 1px; border-style: solid; height: 18px;\"><span style=\"font-weight: bold;\">&nbsp;\u015eifonyer<\/span><\/td>\n<td style=\"text-align: center; border-width: 1px; border-style: solid; height: 18px;\">120 cm<\/td>\n<td style=\"text-align: center; border-width: 1px; border-style: solid; height: 18px;\">133,5 cm&nbsp;<\/td>\n<td style=\"text-align: center; border-width: 1px; border-style: solid; height: 18px;\">42,5 cm<\/td>\n<\/tr>\n<tr style=\"height: 18px;\">\n<td style=\"text-align: center; border-width: 1px; border-style: solid; height: 18px;\"><span style=\"font-weight: bold;\">&nbsp;Komodin<\/span><\/td>\n<td style=\"text-align: center; border-width: 1px; border-style: solid; height: 18px;\">55 cm<\/td>\n<td style=\"text-align: center; border-width: 1px; border-style: solid; height: 18px;\">51,8 cm<\/td>\n<td style=\"text-align: center; border-width: 1px; border-style: solid; height: 18px;\">38 cm&nbsp;<\/td>\n<\/tr>\n<tr style=\"height: 18px;\">\n<td style=\"text-align: center; border-width: 1px; border-style: solid; height: 18px;\"><span style=\"font-weight: bold;\">&nbsp;Ba\u015fl\u0131k<\/span><\/td>\n<td style=\"text-align: center; border-width: 1px; border-style: solid; height: 18px;\">283,6 cm<\/td>\n<td style=\"text-align: center; border-width: 1px; border-style: solid; height: 18px;\">110 cm<\/td>\n<td style=\"text-align: center; border-width: 1px; border-style: solid; height: 18px;\">&#8211;<\/td>\n<\/tr>\n<\/tbody>\n<\/table>\n<p><center><iframe width='560' height='315' src='https:\/\/www.youtube.com\/embed\/IyOUQY45YSo' frameborder='0' allow='accelerometer; autoplay; clipboard-write; encrypted-media; gyroscope; picture-in-picture' allowfullscreen><\/iframe><\/center><br \/>\n<a href=\"https:\/\/www.modalife.com\/urun\/alize-yatak-odasi-takimi-kapakli\"><strong>\u00dcr\u00fcne Git<\/strong><\/a><\/p>\n","protected":false},"excerpt":{"rendered":"<p>&#8211; Alize yatak odas\u0131n\u0131n konfor ve kullan\u0131m rahatl\u0131\u011f\u0131 sizi g\u00fcne mutlu uyand\u0131racak. &#8211; Tak\u0131m\u0131m\u0131z gard\u0131rop, \u015fifonyer, ba\u015fl\u0131k ve 2 adet komodin\u2019den olu\u015fmaktad\u0131r. &#8211; Tak\u0131m renk konfig\u00fcrasyonunda genel itibariyle Legnano renk kullan\u0131lm\u0131\u015ft\u0131r. Ayta\u015f\u0131 Wood renk uygulamas\u0131 ile kombine edilmi\u015ftir. &#8211; Gard\u0131rop, i\u00e7erisinde elbiselerin depolanabilmesine olanak sa\u011flayan, i\u00e7 \u00e7ekmece, rafl\u0131 b\u00f6lmeler ve elbise ask\u0131l\u0131klar\u0131 kullan\u0131larak fonksiyonellik art\u0131r\u0131lm\u0131\u015ft\u0131r. [&hellip;]<\/p>\n","protected":false},"author":1,"featured_media":0,"comment_status":"closed","ping_status":"closed","sticky":false,"template":"","format":"standard","meta":[],"categories":[],"tags":[],"gutentor_comment":0,"_links":{"self":[{"href":"https:\/\/blog.modalife.click\/index.php?rest_route=\/wp\/v2\/posts\/4318"}],"collection":[{"href":"https:\/\/blog.modalife.click\/index.php?rest_route=\/wp\/v2\/posts"}],"about":[{"href":"https:\/\/blog.modalife.click\/index.php?rest_route=\/wp\/v2\/types\/post"}],"author":[{"embeddable":true,"href":"https:\/\/blog.modalife.click\/index.php?rest_route=\/wp\/v2\/users\/1"}],"replies":[{"embeddable":true,"href":"https:\/\/blog.modalife.click\/index.php?rest_route=%2Fwp%2Fv2%2Fcomments&post=4318"}],"version-history":[{"count":0,"href":"https:\/\/blog.modalife.click\/index.php?rest_route=\/wp\/v2\/posts\/4318\/revisions"}],"wp:attachment":[{"href":"https:\/\/blog.modalife.click\/index.php?rest_route=%2Fwp%2Fv2%2Fmedia&parent=4318"}],"wp:term":[{"taxonomy":"category","embeddable":true,"href":"https:\/\/blog.modalife.click\/index.php?rest_route=%2Fwp%2Fv2%2Fcategories&post=4318"},{"taxonomy":"post_tag","embeddable":true,"href":"https:\/\/blog.modalife.click\/index.php?rest_route=%2Fwp%2Fv2%2Ftags&post=4318"}],"curies":[{"name":"wp","href":"https:\/\/api.w.org\/{rel}","templated":true}]}}