{"id":4303,"date":"2021-06-16T21:59:34","date_gmt":"2021-06-16T18:59:34","guid":{"rendered":"http:\/\/blog.modalife.click\/?p=4303"},"modified":"2021-06-16T21:59:34","modified_gmt":"2021-06-16T18:59:34","slug":"polo-kose-takimi-krem","status":"publish","type":"post","link":"https:\/\/blog.modalife.click\/?p=4303","title":{"rendered":"Polo K\u00f6\u015fe Tak\u0131m\u0131 &#8211; Krem"},"content":{"rendered":"<p><img src=\"https:\/\/st2.myideasoft.com\/shop\/bo\/48\/myassets\/products\/767\/modalife-polo-kose-takimi-krem.jpg?revision=1611135143\" alt=\"\" \/><\/p>\n<div>&#8211; Polo K\u00f6\u015fe Tak\u0131m\u0131 \u015fok fiyat\u0131yla Modalife Mobilya&#8217;da!<\/div>\n<div>&#8211; Polo K\u00f6\u015fe Tak\u0131m\u0131 yatakl\u0131 ve sand\u0131kl\u0131 de\u011fildir.<\/div>\n<div>&#8211; Kolay temizlenebilen ve yumu\u015fak dokulu kuma\u015flarla \u00fcr\u00fcnlerimiz kaplanmaktad\u0131r.<\/div>\n<div>&#8211; \u00dcr\u00fcnlerimiz sizlere ekstra konfor sunmak i\u00e7in \u00f6zenle tasarlanmaktad\u0131r.<\/div>\n<div>&#8211; Evlerinizde temizli\u011fi kolayla\u015ft\u0131rmak i\u00e7in kanepe ayaklar\u0131nda ergonometri g\u00f6zetilmi\u015ftir.<\/div>\n<div>&#8211; K\u00f6\u015fe tak\u0131m\u0131&#8217;nda kaliteli ucuzlu\u011fun adresi Modalife Mobilya olmaya devam ediyor&#8230;<\/div>\n<div>&nbsp;<\/div>\n<div>\n<table style=\"border-collapse:collapse;width:100%;\">\n<tbody>\n<tr>\n<td style=\"text-align: center; border-width: 1px; border-style: solid;\"><span style=\"font-weight: bold;\">Polo K\u00f6\u015fe Tak\u0131m\u0131<\/span><\/td>\n<td style=\"text-align: center; border-width: 1px; border-style: solid;\"><span style=\"font-weight: bold;\">Geni\u015flik<\/span><\/td>\n<td style=\"text-align: center; border-width: 1px; border-style: solid;\"><span style=\"font-weight: bold;\">Y\u00fckseklik<\/span><\/td>\n<td style=\"text-align: center; border-width: 1px; border-style: solid;\"><span style=\"font-weight: bold;\">Derinlik<\/span><\/td>\n<\/tr>\n<tr>\n<td style=\"text-align: center; border-width: 1px; border-style: solid;\">&nbsp;Yatay B\u00f6l\u00fcm<\/td>\n<td style=\"text-align: center; border-width: 1px; border-style: solid;\">&nbsp;230 cm<\/td>\n<td style=\"text-align: center; border-width: 1px; border-style: solid;\">76 cm&nbsp;<\/td>\n<td style=\"text-align: center; border-width: 1px; border-style: solid;\">85 cm<\/td>\n<\/tr>\n<tr>\n<td style=\"text-align: center; border-width: 1px; border-style: solid;\">&nbsp;K\u0131sa B\u00f6l\u00fcm<\/td>\n<td style=\"text-align: center; border-width: 1px; border-style: solid;\">&nbsp;210 cm<\/td>\n<td style=\"text-align: center; border-width: 1px; border-style: solid;\">76 cm&nbsp;<\/td>\n<td style=\"text-align: center; border-width: 1px; border-style: solid;\">&nbsp;85 cm<\/td>\n<\/tr>\n<\/tbody>\n<\/table>\n<p>\n\t<img loading=\"lazy\" border=\"0\" src=\"https:\/\/www.modalife.com\/class\/INNOVAEditor\/assets\/uruniciresim\/polo\/polokoseolcu.jpg\" width=\"1062\" height=\"528\" style=\"box-sizing: border-box; vertical-align: middle; border: 0px; height: auto; max-width: 100%; color: rgb(25, 33, 49); font-family: poppins, sans-serif; text-align: -webkit-center; outline: none !important;\" \/>\n\t<\/div>\n<p><a href=\"https:\/\/www.modalife.com\/urun\/polo-kose-takimi\"><strong>\u00dcr\u00fcne Git<\/strong><\/a><\/p>\n","protected":false},"excerpt":{"rendered":"<p>&#8211; Polo K\u00f6\u015fe Tak\u0131m\u0131 \u015fok fiyat\u0131yla Modalife Mobilya&#8217;da! &#8211; Polo K\u00f6\u015fe Tak\u0131m\u0131 yatakl\u0131 ve sand\u0131kl\u0131 de\u011fildir. &#8211; Kolay temizlenebilen ve yumu\u015fak dokulu kuma\u015flarla \u00fcr\u00fcnlerimiz kaplanmaktad\u0131r. &#8211; \u00dcr\u00fcnlerimiz sizlere ekstra konfor sunmak i\u00e7in \u00f6zenle tasarlanmaktad\u0131r. &#8211; Evlerinizde temizli\u011fi kolayla\u015ft\u0131rmak i\u00e7in kanepe ayaklar\u0131nda ergonometri g\u00f6zetilmi\u015ftir. &#8211; K\u00f6\u015fe tak\u0131m\u0131&#8217;nda kaliteli ucuzlu\u011fun adresi Modalife Mobilya olmaya devam ediyor&#8230; &nbsp; [&hellip;]<\/p>\n","protected":false},"author":1,"featured_media":0,"comment_status":"closed","ping_status":"closed","sticky":false,"template":"","format":"standard","meta":[],"categories":[],"tags":[],"gutentor_comment":0,"_links":{"self":[{"href":"https:\/\/blog.modalife.click\/index.php?rest_route=\/wp\/v2\/posts\/4303"}],"collection":[{"href":"https:\/\/blog.modalife.click\/index.php?rest_route=\/wp\/v2\/posts"}],"about":[{"href":"https:\/\/blog.modalife.click\/index.php?rest_route=\/wp\/v2\/types\/post"}],"author":[{"embeddable":true,"href":"https:\/\/blog.modalife.click\/index.php?rest_route=\/wp\/v2\/users\/1"}],"replies":[{"embeddable":true,"href":"https:\/\/blog.modalife.click\/index.php?rest_route=%2Fwp%2Fv2%2Fcomments&post=4303"}],"version-history":[{"count":0,"href":"https:\/\/blog.modalife.click\/index.php?rest_route=\/wp\/v2\/posts\/4303\/revisions"}],"wp:attachment":[{"href":"https:\/\/blog.modalife.click\/index.php?rest_route=%2Fwp%2Fv2%2Fmedia&parent=4303"}],"wp:term":[{"taxonomy":"category","embeddable":true,"href":"https:\/\/blog.modalife.click\/index.php?rest_route=%2Fwp%2Fv2%2Fcategories&post=4303"},{"taxonomy":"post_tag","embeddable":true,"href":"https:\/\/blog.modalife.click\/index.php?rest_route=%2Fwp%2Fv2%2Ftags&post=4303"}],"curies":[{"name":"wp","href":"https:\/\/api.w.org\/{rel}","templated":true}]}}