{"id":4302,"date":"2021-05-07T09:25:05","date_gmt":"2021-05-07T06:25:05","guid":{"rendered":"http:\/\/blog.modalife.click\/?p=4302"},"modified":"2021-05-07T09:25:05","modified_gmt":"2021-05-07T06:25:05","slug":"alize-orta-sehpa","status":"publish","type":"post","link":"https:\/\/blog.modalife.click\/?p=4302","title":{"rendered":"Alize Orta Sehpa"},"content":{"rendered":"<p><img src=\"https:\/\/st3.myideasoft.com\/shop\/bo\/48\/myassets\/products\/768\/mg-0565.jpg?revision=1574759839\" alt=\"\" \/><\/p>\n<div>\n<div>&#8211; Orta Sehpa renk konfig\u00fcrasyonunda genel itibariyle Legnano renk kullan\u0131lm\u0131\u015ft\u0131r. Ayta\u015f\u0131 wood renk uygulamas\u0131 ile kombine edilmi\u015ftir.<\/div>\n<div>&#8211; \u00dcr\u00fcn kullan\u0131m a\u00e7\u0131s\u0131ndan \u00e7izilme ve s\u00fcrt\u00fcnmeye kar\u015f\u0131 dayan\u0131kl\u0131 olup, kolay temizlenme \u00f6zelli\u011fine sahiptir.<\/div>\n<div>&#8211; \u00dcr\u00fcnde yerden y\u00fcksek ayak kullan\u0131lm\u0131\u015f olup, temizlik kolayl\u0131\u011f\u0131 sa\u011flanm\u0131\u015ft\u0131r.<\/div>\n<div>&#8211; \u00dcr\u00fcn\u00fcm\u00fcze web sitemiz \u00fczerinden yada size en yak\u0131n modalife ma\u011fazalar\u0131ndan ula\u015fabilirsiniz.<\/div>\n<\/div>\n<div><\/p>\n<table style=\"text-align: center; border-collapse: collapse; width: 100%;\">\n<tbody>\n<tr>\n<td style=\"border-width: 1px; border-style: solid;\"><span style=\"font-weight: bold;\">Alize<\/span><\/td>\n<td style=\"border-width: 1px; border-style: solid;\"><span style=\"font-weight: bold;\">Geni\u015flik<\/span><\/td>\n<td style=\"border-width: 1px; border-style: solid;\"><span style=\"font-weight: bold;\">Y\u00fckseklik<\/span><\/td>\n<td style=\"border-width: 1px; border-style: solid;\"><span style=\"font-weight: bold;\">Derinlik<\/span><\/td>\n<\/tr>\n<tr>\n<td style=\"border-width: 1px; border-style: solid;\">Orta Sehpa&nbsp;<\/td>\n<td style=\"border-width: 1px; border-style: solid;\">120 cm<\/td>\n<td style=\"border-width: 1px; border-style: solid;\">33 cm&nbsp;<\/td>\n<td style=\"border-width: 1px; border-style: solid;\">69 cm&nbsp;<\/td>\n<\/tr>\n<\/tbody>\n<\/table>\n<\/div>\n<p><a href=\"https:\/\/www.modalife.com\/urun\/alize-orta-sehpa\"><strong>\u00dcr\u00fcne Git<\/strong><\/a><\/p>\n","protected":false},"excerpt":{"rendered":"<p>&#8211; Orta Sehpa renk konfig\u00fcrasyonunda genel itibariyle Legnano renk kullan\u0131lm\u0131\u015ft\u0131r. Ayta\u015f\u0131 wood renk uygulamas\u0131 ile kombine edilmi\u015ftir. &#8211; \u00dcr\u00fcn kullan\u0131m a\u00e7\u0131s\u0131ndan \u00e7izilme ve s\u00fcrt\u00fcnmeye kar\u015f\u0131 dayan\u0131kl\u0131 olup, kolay temizlenme \u00f6zelli\u011fine sahiptir. &#8211; \u00dcr\u00fcnde yerden y\u00fcksek ayak kullan\u0131lm\u0131\u015f olup, temizlik kolayl\u0131\u011f\u0131 sa\u011flanm\u0131\u015ft\u0131r. &#8211; \u00dcr\u00fcn\u00fcm\u00fcze web sitemiz \u00fczerinden yada size en yak\u0131n modalife ma\u011fazalar\u0131ndan ula\u015fabilirsiniz. Alize Geni\u015flik [&hellip;]<\/p>\n","protected":false},"author":1,"featured_media":0,"comment_status":"closed","ping_status":"closed","sticky":false,"template":"","format":"standard","meta":[],"categories":[],"tags":[],"gutentor_comment":0,"_links":{"self":[{"href":"https:\/\/blog.modalife.click\/index.php?rest_route=\/wp\/v2\/posts\/4302"}],"collection":[{"href":"https:\/\/blog.modalife.click\/index.php?rest_route=\/wp\/v2\/posts"}],"about":[{"href":"https:\/\/blog.modalife.click\/index.php?rest_route=\/wp\/v2\/types\/post"}],"author":[{"embeddable":true,"href":"https:\/\/blog.modalife.click\/index.php?rest_route=\/wp\/v2\/users\/1"}],"replies":[{"embeddable":true,"href":"https:\/\/blog.modalife.click\/index.php?rest_route=%2Fwp%2Fv2%2Fcomments&post=4302"}],"version-history":[{"count":0,"href":"https:\/\/blog.modalife.click\/index.php?rest_route=\/wp\/v2\/posts\/4302\/revisions"}],"wp:attachment":[{"href":"https:\/\/blog.modalife.click\/index.php?rest_route=%2Fwp%2Fv2%2Fmedia&parent=4302"}],"wp:term":[{"taxonomy":"category","embeddable":true,"href":"https:\/\/blog.modalife.click\/index.php?rest_route=%2Fwp%2Fv2%2Fcategories&post=4302"},{"taxonomy":"post_tag","embeddable":true,"href":"https:\/\/blog.modalife.click\/index.php?rest_route=%2Fwp%2Fv2%2Ftags&post=4302"}],"curies":[{"name":"wp","href":"https:\/\/api.w.org\/{rel}","templated":true}]}}