{"id":4299,"date":"2021-06-22T10:10:10","date_gmt":"2021-06-22T07:10:10","guid":{"rendered":"http:\/\/blog.modalife.click\/?p=4299"},"modified":"2021-06-22T10:10:10","modified_gmt":"2021-06-22T07:10:10","slug":"bianco-vitrin","status":"publish","type":"post","link":"https:\/\/blog.modalife.click\/?p=4299","title":{"rendered":"Bianco Vitrin"},"content":{"rendered":"<p><img src=\"https:\/\/st2.myideasoft.com\/shop\/bo\/48\/myassets\/products\/792\/modalife-mobilya-bianco-vitrin.jpg?revision=1488268150\" alt=\"\" \/><\/p>\n<div>&#8211; Tak\u0131m renk konfig\u00fcrasyonunda genel itibariyle Moda beyaz renk kullan\u0131lm\u0131\u015ft\u0131r.<\/div>\n<div>&#8211; \u00dcnitelerde yerden y\u00fcksek ayak kullan\u0131lm\u0131\u015f olup, temizlik kolayl\u0131\u011f\u0131 sa\u011flanm\u0131\u015ft\u0131r.<\/div>\n<div>&#8211; \u00dcr\u00fcnde estetik kulp kullan\u0131larak zenginle\u015ftirilmi\u015ftir..<\/div>\n<div>&#8211; T\u00fcm \u00fcr\u00fcnlerimiz TSE ve kalite g\u00fcvence belgelerine sahiptir.<\/div>\n<div>&#8211; T\u00fcm \u00fcr\u00fcnlerimiz 2 y\u0131l garantilidir.<\/div>\n<div>&#8211; Kapak cam\u0131nda ve \u00fcnite i\u00e7erisinde depolama ama\u00e7l\u0131 kullan\u0131lan cam raflar temperli olup, g\u00fcvenlik \u00f6n plana \u00e7\u0131kart\u0131lm\u0131\u015ft\u0131r.<\/div>\n<div><\/p>\n<table style=\"text-align: center; border-collapse: collapse; width: 100%;\">\n<tbody>\n<tr>\n<td style=\"border-width: 1px; border-style: solid;\"><span style=\"font-weight: bold;\">Bianco&nbsp;<\/span><\/td>\n<td style=\"border-width: 1px; border-style: solid;\"><span style=\"font-weight: bold;\">Geni\u015flik&nbsp;<\/span><\/td>\n<td style=\"border-width: 1px; border-style: solid;\"><span style=\"font-weight: bold;\">Y\u00fckseklik&nbsp;<\/span><\/td>\n<td style=\"border-width: 1px; border-style: solid;\"><span style=\"font-weight: bold;\">&nbsp;Derinlik<\/span><\/td>\n<\/tr>\n<tr>\n<td style=\"border-width: 1px; border-style: solid;\">Vitrin&nbsp;<\/td>\n<td style=\"border-width: 1px; border-style: solid;\">106 cm&nbsp;<\/td>\n<td style=\"border-width: 1px; border-style: solid;\">175 cm&nbsp;<\/td>\n<td style=\"border-width: 1px; border-style: solid;\">49 cm&nbsp;<\/td>\n<\/tr>\n<\/tbody>\n<\/table>\n<div style=\"text-align: center;\">\n\t\t<\/div>\n<div style=\"text-align: center;\">\n\t\t<\/div>\n<\/div>\n<p><a href=\"https:\/\/www.modalife.com\/urun\/bianco-vitrin-gumusluk\"><strong>\u00dcr\u00fcne Git<\/strong><\/a><\/p>\n","protected":false},"excerpt":{"rendered":"<p>&#8211; Tak\u0131m renk konfig\u00fcrasyonunda genel itibariyle Moda beyaz renk kullan\u0131lm\u0131\u015ft\u0131r. &#8211; \u00dcnitelerde yerden y\u00fcksek ayak kullan\u0131lm\u0131\u015f olup, temizlik kolayl\u0131\u011f\u0131 sa\u011flanm\u0131\u015ft\u0131r. &#8211; \u00dcr\u00fcnde estetik kulp kullan\u0131larak zenginle\u015ftirilmi\u015ftir.. &#8211; T\u00fcm \u00fcr\u00fcnlerimiz TSE ve kalite g\u00fcvence belgelerine sahiptir. &#8211; T\u00fcm \u00fcr\u00fcnlerimiz 2 y\u0131l garantilidir. &#8211; Kapak cam\u0131nda ve \u00fcnite i\u00e7erisinde depolama ama\u00e7l\u0131 kullan\u0131lan cam raflar temperli olup, g\u00fcvenlik [&hellip;]<\/p>\n","protected":false},"author":1,"featured_media":0,"comment_status":"closed","ping_status":"closed","sticky":false,"template":"","format":"standard","meta":[],"categories":[],"tags":[],"gutentor_comment":0,"_links":{"self":[{"href":"https:\/\/blog.modalife.click\/index.php?rest_route=\/wp\/v2\/posts\/4299"}],"collection":[{"href":"https:\/\/blog.modalife.click\/index.php?rest_route=\/wp\/v2\/posts"}],"about":[{"href":"https:\/\/blog.modalife.click\/index.php?rest_route=\/wp\/v2\/types\/post"}],"author":[{"embeddable":true,"href":"https:\/\/blog.modalife.click\/index.php?rest_route=\/wp\/v2\/users\/1"}],"replies":[{"embeddable":true,"href":"https:\/\/blog.modalife.click\/index.php?rest_route=%2Fwp%2Fv2%2Fcomments&post=4299"}],"version-history":[{"count":0,"href":"https:\/\/blog.modalife.click\/index.php?rest_route=\/wp\/v2\/posts\/4299\/revisions"}],"wp:attachment":[{"href":"https:\/\/blog.modalife.click\/index.php?rest_route=%2Fwp%2Fv2%2Fmedia&parent=4299"}],"wp:term":[{"taxonomy":"category","embeddable":true,"href":"https:\/\/blog.modalife.click\/index.php?rest_route=%2Fwp%2Fv2%2Fcategories&post=4299"},{"taxonomy":"post_tag","embeddable":true,"href":"https:\/\/blog.modalife.click\/index.php?rest_route=%2Fwp%2Fv2%2Ftags&post=4299"}],"curies":[{"name":"wp","href":"https:\/\/api.w.org\/{rel}","templated":true}]}}