{"id":4298,"date":"2021-05-03T01:37:17","date_gmt":"2021-05-02T22:37:17","guid":{"rendered":"http:\/\/blog.modalife.click\/?p=4298"},"modified":"2021-05-03T01:37:17","modified_gmt":"2021-05-02T22:37:17","slug":"asil-vitrin","status":"publish","type":"post","link":"https:\/\/blog.modalife.click\/?p=4298","title":{"rendered":"Asil Vitrin"},"content":{"rendered":"<p><img src=\"https:\/\/st1.myideasoft.com\/shop\/bo\/48\/myassets\/products\/796\/modalife-mobilya-asil-vitrin.JPG?revision=1488268446\" alt=\"\" \/><\/p>\n<div>&#8211; Malzemeler kullan\u0131m a\u00e7\u0131s\u0131ndan, \u00e7izilme s\u00fcrt\u00fcnmeye dayan\u0131kl\u0131 olup, kolay temizlenme \u00f6zelli\u011fine sahiptir.<\/div>\n<div>&#8211; Tak\u0131m renk konfig\u00fcrasyonunda genel itibariyle parlak beyaz renk kullan\u0131lm\u0131\u015ft\u0131r.<\/div>\n<div>&#8211; \u00dcnitelerde yerden y\u00fcksek ayak kullan\u0131lm\u0131\u015f olup, temizlik kolayl\u0131\u011f\u0131 sa\u011flanm\u0131\u015ft\u0131r.<\/div>\n<div>&#8211; \u00dcr\u00fcnde estetik kulp kullan\u0131larak zenginle\u015ftirilmi\u015ftir.<\/div>\n<div>&#8211; \u00dcnite kapaklar\u0131nda yava\u015flat\u0131c\u0131 sistem kullan\u0131lm\u0131\u015f olup, h\u0131zl\u0131 \u00e7arpmalar engellenerek \u00fcr\u00fcn fonksiyonelli\u011fi artt\u0131r\u0131lm\u0131\u015ft\u0131r.<\/div>\n<div>&#8211; Kapak cam\u0131nda ve \u00fcnite i\u00e7erisinde depolama ama\u00e7l\u0131 kullan\u0131lan cam raflar temperli olup, g\u00fcvenlik \u00f6n plana \u00e7\u0131kart\u0131lm\u0131\u015ft\u0131r.<\/div>\n<div>&#8211; \u00dcnite led ayd\u0131nlat\u0131mlar sayesinde e\u015fsiz g\u00f6r\u00fcn\u00fcme sahip olmu\u015ftur.<\/div>\n<div><\/p>\n<table style=\"text-align: center; border-collapse: collapse; width: 100%;\">\n<tbody>\n<tr>\n<td style=\"border-width: 1px; border-style: solid;\"><span style=\"font-weight: bold;\">Asil&nbsp;<\/span><\/td>\n<td style=\"border-width: 1px; border-style: solid;\"><span style=\"font-weight: bold;\">Geni\u015flik&nbsp;<\/span><\/td>\n<td style=\"border-width: 1px; border-style: solid;\"><span style=\"font-weight: bold;\">Y\u00fckseklik&nbsp;<\/span><\/td>\n<td style=\"border-width: 1px; border-style: solid;\"><span style=\"font-weight: bold;\">Derinlik&nbsp;<\/span><\/td>\n<\/tr>\n<tr>\n<td style=\"border-width: 1px; border-style: solid;\">Vitrin&nbsp;<\/td>\n<td style=\"border-width: 1px; border-style: solid;\">106 cm&nbsp;<\/td>\n<td style=\"border-width: 1px; border-style: solid;\">188 cm&nbsp;<\/td>\n<td style=\"border-width: 1px; border-style: solid;\">45 cm&nbsp;<\/td>\n<\/tr>\n<\/tbody>\n<\/table>\n<div style=\"text-align: center;\">\n\t\t<\/div>\n<div style=\"text-align: center;\">\n\t\t<\/div>\n<\/div>\n<p><a href=\"https:\/\/www.modalife.com\/urun\/asil-vitrin-gumusluk\"><strong>\u00dcr\u00fcne Git<\/strong><\/a><\/p>\n","protected":false},"excerpt":{"rendered":"<p>&#8211; Malzemeler kullan\u0131m a\u00e7\u0131s\u0131ndan, \u00e7izilme s\u00fcrt\u00fcnmeye dayan\u0131kl\u0131 olup, kolay temizlenme \u00f6zelli\u011fine sahiptir. &#8211; Tak\u0131m renk konfig\u00fcrasyonunda genel itibariyle parlak beyaz renk kullan\u0131lm\u0131\u015ft\u0131r. &#8211; \u00dcnitelerde yerden y\u00fcksek ayak kullan\u0131lm\u0131\u015f olup, temizlik kolayl\u0131\u011f\u0131 sa\u011flanm\u0131\u015ft\u0131r. &#8211; \u00dcr\u00fcnde estetik kulp kullan\u0131larak zenginle\u015ftirilmi\u015ftir. &#8211; \u00dcnite kapaklar\u0131nda yava\u015flat\u0131c\u0131 sistem kullan\u0131lm\u0131\u015f olup, h\u0131zl\u0131 \u00e7arpmalar engellenerek \u00fcr\u00fcn fonksiyonelli\u011fi artt\u0131r\u0131lm\u0131\u015ft\u0131r. &#8211; Kapak cam\u0131nda ve [&hellip;]<\/p>\n","protected":false},"author":1,"featured_media":0,"comment_status":"closed","ping_status":"closed","sticky":false,"template":"","format":"standard","meta":[],"categories":[],"tags":[],"gutentor_comment":0,"_links":{"self":[{"href":"https:\/\/blog.modalife.click\/index.php?rest_route=\/wp\/v2\/posts\/4298"}],"collection":[{"href":"https:\/\/blog.modalife.click\/index.php?rest_route=\/wp\/v2\/posts"}],"about":[{"href":"https:\/\/blog.modalife.click\/index.php?rest_route=\/wp\/v2\/types\/post"}],"author":[{"embeddable":true,"href":"https:\/\/blog.modalife.click\/index.php?rest_route=\/wp\/v2\/users\/1"}],"replies":[{"embeddable":true,"href":"https:\/\/blog.modalife.click\/index.php?rest_route=%2Fwp%2Fv2%2Fcomments&post=4298"}],"version-history":[{"count":0,"href":"https:\/\/blog.modalife.click\/index.php?rest_route=\/wp\/v2\/posts\/4298\/revisions"}],"wp:attachment":[{"href":"https:\/\/blog.modalife.click\/index.php?rest_route=%2Fwp%2Fv2%2Fmedia&parent=4298"}],"wp:term":[{"taxonomy":"category","embeddable":true,"href":"https:\/\/blog.modalife.click\/index.php?rest_route=%2Fwp%2Fv2%2Fcategories&post=4298"},{"taxonomy":"post_tag","embeddable":true,"href":"https:\/\/blog.modalife.click\/index.php?rest_route=%2Fwp%2Fv2%2Ftags&post=4298"}],"curies":[{"name":"wp","href":"https:\/\/api.w.org\/{rel}","templated":true}]}}