{"id":4296,"date":"2021-04-05T00:13:03","date_gmt":"2021-04-04T21:13:03","guid":{"rendered":"http:\/\/blog.modalife.click\/?p=4296"},"modified":"2021-04-05T00:13:03","modified_gmt":"2021-04-04T21:13:03","slug":"bianco-kapakli-gardirop","status":"publish","type":"post","link":"https:\/\/blog.modalife.click\/?p=4296","title":{"rendered":"Bianco Kapakl\u0131 Gard\u0131rop"},"content":{"rendered":"<p><img src=\"https:\/\/st2.myideasoft.com\/shop\/bo\/48\/myassets\/products\/807\/bianco-kapakli-yatak-odasi-33.jpg?revision=1525250405\" alt=\"\" \/><\/p>\n<div>&#8211; Tak\u0131m renk konfig\u00fcrasyonunda genel itibariyle Moda beyaz renk kullan\u0131lm\u0131\u015ft\u0131r.<\/div>\n<div>&#8211; Gard\u0131rop,i\u00e7erisinde elbiselerin depolanabilmesine olanak sa\u011flayan, rafl\u0131 b\u00f6lmeler pantolonluk, geni\u015f depolama alan\u0131 ve elbise ask\u0131l\u0131klar\u0131 kullan\u0131larak fonksiyonellik artt\u0131r\u0131lm\u0131\u015ft\u0131r.<\/div>\n<div>&#8211; \u00dcr\u00fcn alt\u0131 kapakl\u0131 olup kapak y\u00fczeyini \u00e7evreleyen ve ortas\u0131ndaki s\u00fcsler estetikli\u011fini art\u0131rm\u015ft\u0131r<\/div>\n<div>&#8211; \u00dcnitelerde bazal\u0131 sistem kullan\u0131lm\u0131\u015ft\u0131r ve estetik bir g\u00f6r\u00fcn\u00fcm kazand\u0131r\u0131lm\u0131\u015ft\u0131r..<\/div>\n<div>&#8211; T\u00fcm \u00fcr\u00fcnlerimiz TSE ve kalite g\u00fcvence belgelerine sahiptir.<\/div>\n<div>&#8211; T\u00fcm \u00fcr\u00fcnlerimiz 2 y\u0131l garantilidir.<\/div>\n<div>&#8211; \u00dcnite kapaklar\u0131 \u00fczerinde yer alan ayna ile desen b\u00fct\u00fcnle\u015ftirilerek kapak sistemi kombine edilmi\u015ftir.<\/div>\n<div><\/p>\n<table style=\"border-collapse:collapse;width:100%;\">\n<tbody>\n<tr>\n<td style=\"text-align: center; border-width: 1px; border-style: solid;\"><span style=\"font-weight: bold;\">Bianco&nbsp;<\/span><\/td>\n<td style=\"text-align: center; border-width: 1px; border-style: solid;\"><span style=\"font-weight: bold;\">Geni\u015flik&nbsp;<\/span><\/td>\n<td style=\"text-align: center; border-width: 1px; border-style: solid;\"><span style=\"font-weight: bold;\">Y\u00fckseklik&nbsp;<\/span><\/td>\n<td style=\"text-align: center; border-width: 1px; border-style: solid;\"><span style=\"font-weight: bold;\">Derinlik&nbsp;<\/span><\/td>\n<\/tr>\n<tr>\n<td style=\"text-align: center; border-width: 1px; border-style: solid;\">Kapakl\u0131 Gard\u0131rop&nbsp;<\/td>\n<td style=\"text-align: center; border-width: 1px; border-style: solid;\">248 cm&nbsp;<\/td>\n<td style=\"text-align: center; border-width: 1px; border-style: solid;\">209 cm&nbsp;<\/td>\n<td style=\"text-align: center; border-width: 1px; border-style: solid;\">62,7 cm&nbsp;<\/td>\n<\/tr>\n<\/tbody>\n<\/table><\/div>\n<p><a href=\"https:\/\/www.modalife.com\/urun\/bianco-kapakli-gardirop\"><strong>\u00dcr\u00fcne Git<\/strong><\/a><\/p>\n","protected":false},"excerpt":{"rendered":"<p>&#8211; Tak\u0131m renk konfig\u00fcrasyonunda genel itibariyle Moda beyaz renk kullan\u0131lm\u0131\u015ft\u0131r. &#8211; Gard\u0131rop,i\u00e7erisinde elbiselerin depolanabilmesine olanak sa\u011flayan, rafl\u0131 b\u00f6lmeler pantolonluk, geni\u015f depolama alan\u0131 ve elbise ask\u0131l\u0131klar\u0131 kullan\u0131larak fonksiyonellik artt\u0131r\u0131lm\u0131\u015ft\u0131r. &#8211; \u00dcr\u00fcn alt\u0131 kapakl\u0131 olup kapak y\u00fczeyini \u00e7evreleyen ve ortas\u0131ndaki s\u00fcsler estetikli\u011fini art\u0131rm\u015ft\u0131r &#8211; \u00dcnitelerde bazal\u0131 sistem kullan\u0131lm\u0131\u015ft\u0131r ve estetik bir g\u00f6r\u00fcn\u00fcm kazand\u0131r\u0131lm\u0131\u015ft\u0131r.. &#8211; T\u00fcm \u00fcr\u00fcnlerimiz TSE [&hellip;]<\/p>\n","protected":false},"author":1,"featured_media":0,"comment_status":"closed","ping_status":"closed","sticky":false,"template":"","format":"standard","meta":[],"categories":[],"tags":[],"gutentor_comment":0,"_links":{"self":[{"href":"https:\/\/blog.modalife.click\/index.php?rest_route=\/wp\/v2\/posts\/4296"}],"collection":[{"href":"https:\/\/blog.modalife.click\/index.php?rest_route=\/wp\/v2\/posts"}],"about":[{"href":"https:\/\/blog.modalife.click\/index.php?rest_route=\/wp\/v2\/types\/post"}],"author":[{"embeddable":true,"href":"https:\/\/blog.modalife.click\/index.php?rest_route=\/wp\/v2\/users\/1"}],"replies":[{"embeddable":true,"href":"https:\/\/blog.modalife.click\/index.php?rest_route=%2Fwp%2Fv2%2Fcomments&post=4296"}],"version-history":[{"count":0,"href":"https:\/\/blog.modalife.click\/index.php?rest_route=\/wp\/v2\/posts\/4296\/revisions"}],"wp:attachment":[{"href":"https:\/\/blog.modalife.click\/index.php?rest_route=%2Fwp%2Fv2%2Fmedia&parent=4296"}],"wp:term":[{"taxonomy":"category","embeddable":true,"href":"https:\/\/blog.modalife.click\/index.php?rest_route=%2Fwp%2Fv2%2Fcategories&post=4296"},{"taxonomy":"post_tag","embeddable":true,"href":"https:\/\/blog.modalife.click\/index.php?rest_route=%2Fwp%2Fv2%2Ftags&post=4296"}],"curies":[{"name":"wp","href":"https:\/\/api.w.org\/{rel}","templated":true}]}}