{"id":4294,"date":"2021-04-17T21:50:30","date_gmt":"2021-04-17T18:50:30","guid":{"rendered":"http:\/\/blog.modalife.click\/?p=4294"},"modified":"2021-04-17T21:50:30","modified_gmt":"2021-04-17T18:50:30","slug":"asil-surgulu-gardirop","status":"publish","type":"post","link":"https:\/\/blog.modalife.click\/?p=4294","title":{"rendered":"Asil S\u00fcrg\u00fcl\u00fc Gard\u0131rop"},"content":{"rendered":"<p><img src=\"https:\/\/st1.myideasoft.com\/shop\/bo\/48\/myassets\/products\/815\/asil-yatak-019.jpg?revision=1490882560\" alt=\"\" \/><\/p>\n<div>&#8211; Malzemeler kullan\u0131m a\u00e7\u0131s\u0131ndan, \u00e7izilme s\u00fcrt\u00fcnmeye dayan\u0131kl\u0131 olup, kolay temizlenme \u00f6zelli\u011fine sahiptir.<\/div>\n<div>&#8211; Tak\u0131m renk konfig\u00fcrasyonunda genel itibariyle parlak beyaz renk kullan\u0131lm\u0131\u015ft\u0131r.<\/div>\n<div>&#8211; Gard\u0131rop,i\u00e7erisinde elbiselerin depolanabilmesine olanak sa\u011flayan, i\u00e7 \u00e7ekmece, rafl\u0131 b\u00f6lmeler ve elbise ask\u0131l\u0131klar\u0131 kullan\u0131larak fonksiyonellik artt\u0131r\u0131lm\u0131\u015ft\u0131r.<\/div>\n<div>&#8211; \u00dcr\u00fcn s\u00fcrg\u00fc kapakl\u0131 olup kapak y\u00fczeyini \u00e7evreleyen ve ortas\u0131ndaki s\u00fcsler estetikli\u011fini art\u0131rm\u0131\u015ft\u0131r.<\/div>\n<div>&#8211; \u00dcnite kapak ve \u00e7ekmecelerinde yava\u015flat\u0131c\u0131 sistem kullan\u0131lm\u0131\u015f olup, h\u0131zl\u0131 \u00e7arpmalar engellenerek \u00fcr\u00fcn fonksiyonelli\u011fi artt\u0131r\u0131lm\u0131\u015ft\u0131r.<\/div>\n<div>&#8211; Birbirini tamamlayan tasar\u0131ma sahip ayak yap\u0131s\u0131, \u00fcnite kapaklar\u0131 \u00fczerinde yer alan kanall\u0131 aynas\u0131 ve \u015f\u0131k bir s\u00fcs ile g\u00f6rsel a\u00e7\u0131dan zenginle\u015ftirilmi\u015ftir.<\/div>\n<div>&#8211; Yeni nesil geni\u015f a\u00e7\u0131l\u0131ml\u0131 raylar\u0131 sayesinde \u00e7ekmece i\u00e7ine rahat eri\u015fim sa\u011flamaktad\u0131r..<\/div>\n<div>&#8211; \u00dcnitelerde yerden y\u00fcksek ayak kullan\u0131lm\u0131\u015f olup, temizlik kolayl\u0131\u011f\u0131 sa\u011flanm\u0131\u015ft\u0131r.<\/div>\n<div>&#8211; Kapak y\u00fczeyine uygulanan \u00e7\u0131talar ve s\u00fcsler uygulamalar\u0131 ile g\u00f6r\u00fcnt\u00fc zenginle\u015fmi\u015ftir..<\/div>\n<div>&#8211; \u00dcnite led ayd\u0131nlatmlar sayesinde e\u015fsiz g\u00f6r\u00fcn\u00fcme sahip olmu\u015ftur..<\/div>\n<div><\/p>\n<table style=\"border-collapse:collapse;width:100%;\">\n<tbody>\n<tr>\n<td style=\"text-align: center; border-width: 1px; border-style: solid;\"><span style=\"font-weight: bold;\">Asil&nbsp;<\/span><\/td>\n<td style=\"text-align: center; border-width: 1px; border-style: solid;\"><span style=\"font-weight: bold;\">Geni\u015flik&nbsp;<\/span><\/td>\n<td style=\"text-align: center; border-width: 1px; border-style: solid;\"><span style=\"font-weight: bold;\">Y\u00fckseklik&nbsp;<\/span><\/td>\n<td style=\"text-align: center; border-width: 1px; border-style: solid;\"><span style=\"font-weight: bold;\">Derinlik&nbsp;<\/span><\/td>\n<\/tr>\n<tr>\n<td style=\"text-align: center; border-width: 1px; border-style: solid;\">S\u00fcrg\u00fcl\u00fc Gard\u0131rop&nbsp;<\/td>\n<td style=\"text-align: center; border-width: 1px; border-style: solid;\">248 cm&nbsp;<\/td>\n<td style=\"text-align: center; border-width: 1px; border-style: solid;\">225,2 cm&nbsp;<\/td>\n<td style=\"text-align: center; border-width: 1px; border-style: solid;\">70,2 cm&nbsp;<\/td>\n<\/tr>\n<\/tbody>\n<\/table><\/div>\n<p><a href=\"https:\/\/www.modalife.com\/urun\/asil-surgulu-gardirop\"><strong>\u00dcr\u00fcne Git<\/strong><\/a><\/p>\n","protected":false},"excerpt":{"rendered":"<p>&#8211; Malzemeler kullan\u0131m a\u00e7\u0131s\u0131ndan, \u00e7izilme s\u00fcrt\u00fcnmeye dayan\u0131kl\u0131 olup, kolay temizlenme \u00f6zelli\u011fine sahiptir. &#8211; Tak\u0131m renk konfig\u00fcrasyonunda genel itibariyle parlak beyaz renk kullan\u0131lm\u0131\u015ft\u0131r. &#8211; Gard\u0131rop,i\u00e7erisinde elbiselerin depolanabilmesine olanak sa\u011flayan, i\u00e7 \u00e7ekmece, rafl\u0131 b\u00f6lmeler ve elbise ask\u0131l\u0131klar\u0131 kullan\u0131larak fonksiyonellik artt\u0131r\u0131lm\u0131\u015ft\u0131r. &#8211; \u00dcr\u00fcn s\u00fcrg\u00fc kapakl\u0131 olup kapak y\u00fczeyini \u00e7evreleyen ve ortas\u0131ndaki s\u00fcsler estetikli\u011fini art\u0131rm\u0131\u015ft\u0131r. &#8211; \u00dcnite kapak ve [&hellip;]<\/p>\n","protected":false},"author":1,"featured_media":0,"comment_status":"closed","ping_status":"closed","sticky":false,"template":"","format":"standard","meta":[],"categories":[],"tags":[],"gutentor_comment":0,"_links":{"self":[{"href":"https:\/\/blog.modalife.click\/index.php?rest_route=\/wp\/v2\/posts\/4294"}],"collection":[{"href":"https:\/\/blog.modalife.click\/index.php?rest_route=\/wp\/v2\/posts"}],"about":[{"href":"https:\/\/blog.modalife.click\/index.php?rest_route=\/wp\/v2\/types\/post"}],"author":[{"embeddable":true,"href":"https:\/\/blog.modalife.click\/index.php?rest_route=\/wp\/v2\/users\/1"}],"replies":[{"embeddable":true,"href":"https:\/\/blog.modalife.click\/index.php?rest_route=%2Fwp%2Fv2%2Fcomments&post=4294"}],"version-history":[{"count":0,"href":"https:\/\/blog.modalife.click\/index.php?rest_route=\/wp\/v2\/posts\/4294\/revisions"}],"wp:attachment":[{"href":"https:\/\/blog.modalife.click\/index.php?rest_route=%2Fwp%2Fv2%2Fmedia&parent=4294"}],"wp:term":[{"taxonomy":"category","embeddable":true,"href":"https:\/\/blog.modalife.click\/index.php?rest_route=%2Fwp%2Fv2%2Fcategories&post=4294"},{"taxonomy":"post_tag","embeddable":true,"href":"https:\/\/blog.modalife.click\/index.php?rest_route=%2Fwp%2Fv2%2Ftags&post=4294"}],"curies":[{"name":"wp","href":"https:\/\/api.w.org\/{rel}","templated":true}]}}