{"id":4292,"date":"2021-06-23T00:37:27","date_gmt":"2021-06-22T21:37:27","guid":{"rendered":"http:\/\/blog.modalife.click\/?p=4292"},"modified":"2021-06-23T00:37:27","modified_gmt":"2021-06-22T21:37:27","slug":"alize-surgulu-gardirop","status":"publish","type":"post","link":"https:\/\/blog.modalife.click\/?p=4292","title":{"rendered":"Alize S\u00fcrg\u00fcl\u00fc Gard\u0131rop"},"content":{"rendered":"<p><img src=\"https:\/\/st2.myideasoft.com\/shop\/bo\/48\/myassets\/products\/817\/alize-ytk-oda-surgulu-07.jpg?revision=1491031088\" alt=\"\" \/><\/p>\n<div>\n<div>&#8211; Gard\u0131rop renk konfig\u00fcrasyonunda genel itibariyle Legnano renk kullan\u0131lm\u0131\u015ft\u0131r. Ayta\u015f\u0131 wood renk uygulamas\u0131 ile kombine edilmi\u015ftir.<\/div>\n<div>&#8211; \u00dcr\u00fcn kullan\u0131m a\u00e7\u0131s\u0131ndan \u00e7izilme ve s\u00fcrt\u00fcnmeye kar\u015f\u0131 dayan\u0131kl\u0131 olup, kolay temizlenme \u00f6zelli\u011fine sahiptir.<\/div>\n<div>&#8211; Gard\u0131rop, i\u00e7erisinde elbiselerin depolanabilmesine olanak sa\u011flayan, i\u00e7 \u00e7ekmece, rafl\u0131 b\u00f6lmeler ve elbise ask\u0131l\u0131klar\u0131 kullan\u0131larak fonksiyonellik artt\u0131r\u0131lm\u0131\u015ft\u0131r.<\/div>\n<div>&#8211; \u00dcr\u00fcn\u00fcm\u00fcz s\u00fcrg\u00fcl\u00fc kapak olup iste\u011fe ba\u011fl\u0131 olarak alt\u0131 kapakl\u0131 ve d\u00f6rt \u00e7ekmeceli alternatifi sunulmaktad\u0131r.&nbsp;<\/div>\n<div>&#8211; Gard\u0131rop, kullan\u0131lan led ayd\u0131nlatmalar sayesinde e\u015fsiz g\u00f6r\u00fcn\u00fcme sahip olmu\u015ftur.<\/div>\n<div>&#8211; \u00dcr\u00fcn kapak ve \u00e7ekmecelerinde yava\u015flat\u0131c\u0131 sistem kullan\u0131lm\u0131\u015f olup, h\u0131zl\u0131 \u00e7arpmalar engellenerek \u00fcr\u00fcn fonksiyonelli\u011fi art\u0131r\u0131lm\u0131\u015ft\u0131r.<\/div>\n<div>&#8211; \u00dcr\u00fcn\u00fcm\u00fcze web sitemiz \u00fczerinden yada size en yak\u0131n modalife ma\u011fazalar\u0131ndan ula\u015fabilirsiniz.<\/div>\n<\/div>\n<div><\/p>\n<table style=\"text-align: center; border-collapse: collapse; width: 100%;\">\n<tbody>\n<tr>\n<td style=\"border-width: 1px; border-style: solid;\">&nbsp;<span style=\"font-weight: bold;\">Alize<\/span><\/td>\n<td style=\"border-width: 1px; border-style: solid;\"><span style=\"font-weight: bold;\">&nbsp;Geni\u015flik<\/span><\/td>\n<td style=\"border-width: 1px; border-style: solid;\"><span style=\"font-weight: bold;\">&nbsp;Y\u00fckseklik<\/span><\/td>\n<td style=\"border-width: 1px; border-style: solid;\"><span style=\"font-weight: bold;\">&nbsp;Derinlik<\/span><\/td>\n<\/tr>\n<tr>\n<td style=\"border-width: 1px; border-style: solid;\">&nbsp;S\u00fcrg\u00fcl\u00fc Gard\u0131rop<\/td>\n<td style=\"border-width: 1px; border-style: solid;\">&nbsp;240 cm<\/td>\n<td style=\"border-width: 1px; border-style: solid;\">&nbsp;214 cm<\/td>\n<td style=\"border-width: 1px; border-style: solid;\">&nbsp;67 cm<\/td>\n<\/tr>\n<\/tbody>\n<\/table>\n<\/div>\n<div style=\"text-align: center;\">\n\t<\/div>\n<p><a href=\"https:\/\/www.modalife.com\/urun\/alize-surgulu-gardirop\"><strong>\u00dcr\u00fcne Git<\/strong><\/a><\/p>\n","protected":false},"excerpt":{"rendered":"<p>&#8211; Gard\u0131rop renk konfig\u00fcrasyonunda genel itibariyle Legnano renk kullan\u0131lm\u0131\u015ft\u0131r. Ayta\u015f\u0131 wood renk uygulamas\u0131 ile kombine edilmi\u015ftir. &#8211; \u00dcr\u00fcn kullan\u0131m a\u00e7\u0131s\u0131ndan \u00e7izilme ve s\u00fcrt\u00fcnmeye kar\u015f\u0131 dayan\u0131kl\u0131 olup, kolay temizlenme \u00f6zelli\u011fine sahiptir. &#8211; Gard\u0131rop, i\u00e7erisinde elbiselerin depolanabilmesine olanak sa\u011flayan, i\u00e7 \u00e7ekmece, rafl\u0131 b\u00f6lmeler ve elbise ask\u0131l\u0131klar\u0131 kullan\u0131larak fonksiyonellik artt\u0131r\u0131lm\u0131\u015ft\u0131r. &#8211; \u00dcr\u00fcn\u00fcm\u00fcz s\u00fcrg\u00fcl\u00fc kapak olup iste\u011fe ba\u011fl\u0131 olarak [&hellip;]<\/p>\n","protected":false},"author":1,"featured_media":0,"comment_status":"closed","ping_status":"closed","sticky":false,"template":"","format":"standard","meta":[],"categories":[],"tags":[],"gutentor_comment":0,"_links":{"self":[{"href":"https:\/\/blog.modalife.click\/index.php?rest_route=\/wp\/v2\/posts\/4292"}],"collection":[{"href":"https:\/\/blog.modalife.click\/index.php?rest_route=\/wp\/v2\/posts"}],"about":[{"href":"https:\/\/blog.modalife.click\/index.php?rest_route=\/wp\/v2\/types\/post"}],"author":[{"embeddable":true,"href":"https:\/\/blog.modalife.click\/index.php?rest_route=\/wp\/v2\/users\/1"}],"replies":[{"embeddable":true,"href":"https:\/\/blog.modalife.click\/index.php?rest_route=%2Fwp%2Fv2%2Fcomments&post=4292"}],"version-history":[{"count":0,"href":"https:\/\/blog.modalife.click\/index.php?rest_route=\/wp\/v2\/posts\/4292\/revisions"}],"wp:attachment":[{"href":"https:\/\/blog.modalife.click\/index.php?rest_route=%2Fwp%2Fv2%2Fmedia&parent=4292"}],"wp:term":[{"taxonomy":"category","embeddable":true,"href":"https:\/\/blog.modalife.click\/index.php?rest_route=%2Fwp%2Fv2%2Fcategories&post=4292"},{"taxonomy":"post_tag","embeddable":true,"href":"https:\/\/blog.modalife.click\/index.php?rest_route=%2Fwp%2Fv2%2Ftags&post=4292"}],"curies":[{"name":"wp","href":"https:\/\/api.w.org\/{rel}","templated":true}]}}