{"id":4287,"date":"2021-07-11T03:12:40","date_gmt":"2021-07-11T00:12:40","guid":{"rendered":"http:\/\/blog.modalife.click\/?p=4287"},"modified":"2021-07-11T03:12:40","modified_gmt":"2021-07-11T00:12:40","slug":"simena-kose-takimi-bej","status":"publish","type":"post","link":"https:\/\/blog.modalife.click\/?p=4287","title":{"rendered":"Simena K\u00f6\u015fe Tak\u0131m\u0131 &#8211; Bej"},"content":{"rendered":"<p><img src=\"https:\/\/st3.myideasoft.com\/shop\/bo\/48\/myassets\/products\/869\/modalife-simena-l-kose-takimi-bej.jpg?revision=1611313529\" alt=\"\" \/><\/p>\n<div>&#8211; Simena K\u00f6\u015fe koltuk tak\u0131m\u0131, kollar\u0131nda bir b\u00fct\u00fcn halinde bulunan raf sistemi ve sehba olarakta kullanabilinen, fonksiyonel detaylarla kusursuz birle\u015fme sa\u011flayan mod\u00fcler bir k\u00f6\u015fe tak\u0131m\u0131d\u0131r. Y\u00fcksek dayan\u0131ml\u0131 s\u0131rt minderleri, oturumundaki yumu\u015fak hatlar\u0131 ve mod\u00fclerli\u011fi sayesinde kullan\u0131m alan\u0131na g\u00f6re alternatif dekorasyon imkan\u0131 sa\u011flamakt\u0131r. Oturumunda extra rahatla\u0131\u011f\u0131 hissetmek i\u00e7in paket yay teknolejisi kullan\u0131lm\u0131\u015ft\u0131r.<\/div>\n<div>&#8211; Oturumda kullan\u0131lan, Paket Yay Teknolojisi, her biri birbirinden ba\u011f\u0131ms\u0131z, kuma\u015f torbalar i\u00e7ine yerle\u015ftirilmesiyle \u00fcretilen modern yay sistemleridir. Temel prensibi maksimum hava ge\u00e7irgenlik ve herkes i\u00e7in ayr\u0131 konforu ayn\u0131 \u00fcr\u00fcnde yakalamak olan yepyeni bir teknolojik yay sistemidir. V\u00fccut \u015fekline ve a\u011f\u0131rl\u0131\u011f\u0131na g\u00f6re \u015fekil almas\u0131na yard\u0131mc\u0131 olur. Ortalama M2\u2019ye d\u00fc\u015fen yay say\u0131s\u0131 220 adettir. Simena k\u00f6\u015fe koltuk tak\u0131m\u0131nda ise, toplamda 520 adet yay bulunmaktad\u0131r. Bu yaylar ayn\u0131 zamanda 8 cm \u00fcstte olmak \u00fczere ku\u015f t\u00fcy\u00fc s\u00fcnger ve M2\u2019 si 250 gram elyaf ile desteklenmektedir.<\/div>\n<div>&#8211; Oturum ve s\u0131rt (yaslanma) b\u00f6l\u00fcm\u00fcnde 330 gr\/m2 kalitesinde yumu\u015fak tu\u015feli ithal petek bask\u0131l\u0131 kuma\u015f kullan\u0131lm\u0131\u015ft\u0131r.<\/div>\n<div>&#8211; Simena K\u00f6\u015fe Koltuk tak\u0131m\u0131, 3+2+ k\u00f6\u015fe mod\u00fcllerinden olu\u015fmaktad\u0131r.<\/div>\n<div>&#8211; \u00dcr\u00fcn\u00fcm\u00fczde 2 adet 45&#215;90, 4 adet 65&#215;45 adet fa\u00e7al\u0131 s\u0131rt k\u0131rlenti k\u0131rlent mevcuttur.<\/div>\n<div>&#8211; Oturum ve s\u0131rt (yaslanma) b\u00f6l\u00fcm\u00fcnde 330 gr\/m2 kalitesinde yumu\u015fak tu\u015feli ithal kullan\u0131lm\u0131\u015ft\u0131r.<\/div>\n<div>&#8211; \u0130thal kuma\u015f, y\u00fczeyinde olu\u015fan \u00e7ay, kahve gibi lekelerin yanl\u0131zca su ve hidrofil bir bez yard\u0131m\u0131yla kolayl\u0131kla temizlenebilmesini sa\u011flar.<\/div>\n<div>&#8211; \u00d6zel \u00fcretilmi\u015f kendine has tu\u015fesi ile \u00e7ok yumu\u015fak ve ipeksi bir dokuya sahiptir.<\/div>\n<div>&#8211; \u00d6zel tasar\u0131m y\u00fcksek bazal\u0131 aya\u011f\u0131 sayesinde, yerinden \u00e7ekmeden bulundu\u011fu zemini temizleme imkan\u0131 sunar. Ayr\u0131ca \u00fcr\u00fcn\u00fcn daha uzun s\u00fcreli kullan\u0131lmas\u0131 i\u00e7in gizli ayaklar ile a\u011f\u0131r y\u00fcke kar\u015f\u0131 desteklenmi\u015ftir.<\/div>\n<div>&#8211; 73 cm oturum ile geni\u015f extra rahat oturum sa\u011flamakt\u0131r..<\/div>\n<div>&#8211; Her t\u00fcrl\u00fc ko\u015fulda mukavemetinin tam ve \u00f6mr\u00fcn\u00fcn uzun olmas\u0131 i\u00e7in iskeletin t\u00fcm destek noktalar\u0131 kontrplaktan, a\u011f\u0131rl\u0131k noktalar\u0131 ise metal kutu profilden imal edilmi\u015ftir. T\u00fcm kesim i\u015flemleri standart \u00f6l\u00e7\u00fc ve i\u015f\u00e7ili\u011fi yakalamas\u0131 ad\u0131na CNC makinalarda i\u015flem g\u00f6rmektedir.<\/div>\n<div>&#8211; Lekeyi olu\u015fturan bir s\u0131v\u0131 ise; d\u00f6k\u00fclen s\u0131v\u0131y\u0131 hemen ka\u011f\u0131t havlu veya emici bir bez ile, lekenin yay\u0131lmamas\u0131 i\u00e7in b\u00f6lgeyi d\u0131\u015ftan i\u00e7e do\u011fru bast\u0131rmadan temizleyiniz.<\/div>\n<div><\/p>\n<table style=\"text-align: center; border-collapse: collapse; width: 100%;\">\n<tbody>\n<tr>\n<td style=\"text-align: center; border-width: 1px; border-style: solid;\"><span style=\"font-weight: bold;\">&nbsp;Simena K\u00f6\u015fe Tak\u0131m\u0131<\/span><\/td>\n<td style=\"text-align: center; border-width: 1px; border-style: solid;\"><span style=\"font-weight: bold;\">&nbsp;Geni\u015flik<\/span><\/td>\n<td style=\"text-align: center; border-width: 1px; border-style: solid;\"><span style=\"font-weight: bold;\">&nbsp;Y\u00fckseklik<\/span><\/td>\n<td style=\"text-align: center; border-width: 1px; border-style: solid;\"><span style=\"font-weight: bold;\">&nbsp;Derinlik<\/span><\/td>\n<\/tr>\n<tr>\n<td style=\"text-align: center; border-width: 1px; border-style: solid;\">&nbsp;Yatay B\u00f6l\u00fcm<\/td>\n<td style=\"text-align: center; border-width: 1px; border-style: solid;\">320 cm<\/td>\n<td style=\"text-align: center; border-width: 1px; border-style: solid;\">68 cm<\/td>\n<td style=\"text-align: center; border-width: 1px; border-style: solid;\">90 cm<\/td>\n<\/tr>\n<tr>\n<td style=\"text-align: center; border-width: 1px; border-style: solid;\">&nbsp;Dikey B\u00f6l\u00fcm<\/td>\n<td style=\"text-align: center; border-width: 1px; border-style: solid;\">272 cm<\/td>\n<td style=\"text-align: center; border-width: 1px; border-style: solid;\">68 cm<\/td>\n<td style=\"text-align: center; border-width: 1px; border-style: solid;\">90 cm<\/td>\n<\/tr>\n<\/tbody>\n<\/table>\n<p>\n\t<img loading=\"lazy\" border=\"0\" src=\"https:\/\/www.modalife.com\/class\/INNOVAEditor\/assets\/uruniciresim\/simena\/simenateknik.jpg\" width=\"1062\" height=\"446\" style=\"box-sizing: border-box; vertical-align: middle; border: 0px; height: auto; max-width: 100%; color: rgb(25, 33, 49); font-family: poppins, sans-serif; text-align: -webkit-center; outline: none !important;\" \/>\n\t<\/div>\n<p><iframe width='560' height='315' src='https:\/\/www.youtube.com\/embed\/hFP7ZaJGQac?controls=0' title='YouTube video player' frameborder='0'allow='accelerometer; clipboard-write; encrypted-media; gyroscope; picture-in-picture'allowfullscreen><\/iframe><br \/>\n<a href=\"https:\/\/www.modalife.com\/urun\/simena-kose-takimi\"><strong>\u00dcr\u00fcne Git<\/strong><\/a><\/p>\n","protected":false},"excerpt":{"rendered":"<p>&#8211; Simena K\u00f6\u015fe koltuk tak\u0131m\u0131, kollar\u0131nda bir b\u00fct\u00fcn halinde bulunan raf sistemi ve sehba olarakta kullanabilinen, fonksiyonel detaylarla kusursuz birle\u015fme sa\u011flayan mod\u00fcler bir k\u00f6\u015fe tak\u0131m\u0131d\u0131r. Y\u00fcksek dayan\u0131ml\u0131 s\u0131rt minderleri, oturumundaki yumu\u015fak hatlar\u0131 ve mod\u00fclerli\u011fi sayesinde kullan\u0131m alan\u0131na g\u00f6re alternatif dekorasyon imkan\u0131 sa\u011flamakt\u0131r. Oturumunda extra rahatla\u0131\u011f\u0131 hissetmek i\u00e7in paket yay teknolejisi kullan\u0131lm\u0131\u015ft\u0131r. &#8211; Oturumda kullan\u0131lan, Paket [&hellip;]<\/p>\n","protected":false},"author":1,"featured_media":0,"comment_status":"closed","ping_status":"closed","sticky":false,"template":"","format":"standard","meta":[],"categories":[],"tags":[],"gutentor_comment":0,"_links":{"self":[{"href":"https:\/\/blog.modalife.click\/index.php?rest_route=\/wp\/v2\/posts\/4287"}],"collection":[{"href":"https:\/\/blog.modalife.click\/index.php?rest_route=\/wp\/v2\/posts"}],"about":[{"href":"https:\/\/blog.modalife.click\/index.php?rest_route=\/wp\/v2\/types\/post"}],"author":[{"embeddable":true,"href":"https:\/\/blog.modalife.click\/index.php?rest_route=\/wp\/v2\/users\/1"}],"replies":[{"embeddable":true,"href":"https:\/\/blog.modalife.click\/index.php?rest_route=%2Fwp%2Fv2%2Fcomments&post=4287"}],"version-history":[{"count":0,"href":"https:\/\/blog.modalife.click\/index.php?rest_route=\/wp\/v2\/posts\/4287\/revisions"}],"wp:attachment":[{"href":"https:\/\/blog.modalife.click\/index.php?rest_route=%2Fwp%2Fv2%2Fmedia&parent=4287"}],"wp:term":[{"taxonomy":"category","embeddable":true,"href":"https:\/\/blog.modalife.click\/index.php?rest_route=%2Fwp%2Fv2%2Fcategories&post=4287"},{"taxonomy":"post_tag","embeddable":true,"href":"https:\/\/blog.modalife.click\/index.php?rest_route=%2Fwp%2Fv2%2Ftags&post=4287"}],"curies":[{"name":"wp","href":"https:\/\/api.w.org\/{rel}","templated":true}]}}