{"id":4260,"date":"2021-05-21T08:00:24","date_gmt":"2021-05-21T05:00:24","guid":{"rendered":"http:\/\/blog.modalife.click\/?p=4260"},"modified":"2021-05-21T08:00:24","modified_gmt":"2021-05-21T05:00:24","slug":"royal-surgulu-gardirop","status":"publish","type":"post","link":"https:\/\/blog.modalife.click\/?p=4260","title":{"rendered":"Royal S\u00fcrg\u00fcl\u00fc Gard\u0131rop"},"content":{"rendered":"<p><img src=\"https:\/\/st1.myideasoft.com\/shop\/bo\/48\/myassets\/products\/966\/mg-6351.jpg?revision=1514274406\" alt=\"\" \/><\/p>\n<div>&#8211; Malzemeler kullan\u0131m a\u00e7\u0131s\u0131ndan, \u00e7izilme s\u00fcrt\u00fcnmeye dayan\u0131kl\u0131 olup, kolay temizlenme \u00f6zelli\u011fine sahiptir.<\/div>\n<div>&#8211; Tak\u0131m renk konfig\u00fcrasyonunda genel itibariyle M\u0130NYAT\u00dcR renk kullan\u0131lm\u0131\u015ft\u0131r.V\u0130ZON renk uygulamas\u0131 ile alt\u0131n sar\u0131s\u0131 renk kombine edilmi\u015ftir.<\/div>\n<div>&#8211; Gard\u0131rop,i\u00e7erisinde elbiselerin depolanabilmesine olanak sa\u011flayan, i\u00e7 \u00e7ekmece, rafl\u0131 b\u00f6lmeler ve elbise ask\u0131l\u0131klar\u0131 kullan\u0131larak fonksiyonellik artt\u0131r\u0131lm\u0131\u015ft\u0131r.<\/div>\n<div>&#8211; \u00dcr\u00fcn s\u00fcrg\u00fc kapakl\u0131 olup kapak y\u00fczeyini \u00e7evreleyen ve ortas\u0131ndaki s\u00fcsler estetikli\u011fini art\u0131rm\u0131\u015ft\u0131r.<\/div>\n<div>&#8211; \u00dcnite kapak ve \u00e7ekmecelerinde yava\u015flat\u0131c\u0131 sistem kullan\u0131lm\u0131\u015f olup, h\u0131zl\u0131 \u00e7arpmalar engellenerek \u00fcr\u00fcn fonksiyonelli\u011fi artt\u0131r\u0131lm\u0131\u015ft\u0131r.<\/div>\n<div>&#8211; Birbirini tamamlayan tasar\u0131ma sahip ayak yap\u0131s\u0131, \u00fcnite kapaklar\u0131 \u00fczerinde yer alan kanall\u0131 aynas\u0131 ve \u015f\u0131k bir s\u00fcs ile g\u00f6rsel a\u00e7\u0131dan zenginle\u015ftirilmi\u015ftir.<\/div>\n<div>&#8211; Yeni nesil geni\u015f a\u00e7\u0131l\u0131ml\u0131 raylar\u0131 sayesinde \u00e7ekmece i\u00e7ine rahat eri\u015fim sa\u011flamaktad\u0131r.<\/div>\n<div>&#8211; Kapak y\u00fczeyine lazer i\u015flemeli desenler uygulamas\u0131 yap\u0131lm\u0131\u015ft\u0131r.<\/div>\n<div>&#8211; \u00dcnite kapaklar\u0131 caml\u0131 ve perdeli olarak uygulanm\u0131\u015ft\u0131r ve zengin g\u00f6r\u00fcn\u00fcm kat\u0131lm\u0131\u015ft\u0131r.<\/div>\n<div><\/p>\n<table style=\"border-collapse:collapse;width:100%;\">\n<tbody>\n<tr>\n<td style=\"text-align: center; border-width: 1px; border-style: solid;\"><span style=\"font-weight: bold;\">Royal<\/span><\/td>\n<td style=\"text-align: center; border-width: 1px; border-style: solid;\"><span style=\"font-weight: bold;\">Geni\u015flik<\/span><\/td>\n<td style=\"text-align: center; border-width: 1px; border-style: solid;\"><span style=\"font-weight: bold;\">Y\u00fckseklik<\/span><\/td>\n<td style=\"text-align: center; border-width: 1px; border-style: solid;\"><span style=\"font-weight: bold;\">Derinlik<\/span><\/td>\n<\/tr>\n<tr>\n<td style=\"text-align: center; border-width: 1px; border-style: solid;\">S\u00fcrg\u00fcl\u00fc Gard\u0131rop<\/td>\n<td style=\"text-align: center; border-width: 1px; border-style: solid;\">240 cm<\/td>\n<td style=\"text-align: center; border-width: 1px; border-style: solid;\">212 cm<\/td>\n<td style=\"text-align: center; border-width: 1px; border-style: solid;\">66 cm<\/td>\n<\/tr>\n<\/tbody>\n<\/table><\/div>\n<p><a href=\"https:\/\/www.modalife.com\/urun\/royal-surgulu-gardirop\"><strong>\u00dcr\u00fcne Git<\/strong><\/a><\/p>\n","protected":false},"excerpt":{"rendered":"<p>&#8211; Malzemeler kullan\u0131m a\u00e7\u0131s\u0131ndan, \u00e7izilme s\u00fcrt\u00fcnmeye dayan\u0131kl\u0131 olup, kolay temizlenme \u00f6zelli\u011fine sahiptir. &#8211; Tak\u0131m renk konfig\u00fcrasyonunda genel itibariyle M\u0130NYAT\u00dcR renk kullan\u0131lm\u0131\u015ft\u0131r.V\u0130ZON renk uygulamas\u0131 ile alt\u0131n sar\u0131s\u0131 renk kombine edilmi\u015ftir. &#8211; Gard\u0131rop,i\u00e7erisinde elbiselerin depolanabilmesine olanak sa\u011flayan, i\u00e7 \u00e7ekmece, rafl\u0131 b\u00f6lmeler ve elbise ask\u0131l\u0131klar\u0131 kullan\u0131larak fonksiyonellik artt\u0131r\u0131lm\u0131\u015ft\u0131r. &#8211; \u00dcr\u00fcn s\u00fcrg\u00fc kapakl\u0131 olup kapak y\u00fczeyini \u00e7evreleyen ve ortas\u0131ndaki [&hellip;]<\/p>\n","protected":false},"author":1,"featured_media":0,"comment_status":"closed","ping_status":"closed","sticky":false,"template":"","format":"standard","meta":[],"categories":[],"tags":[],"gutentor_comment":0,"_links":{"self":[{"href":"https:\/\/blog.modalife.click\/index.php?rest_route=\/wp\/v2\/posts\/4260"}],"collection":[{"href":"https:\/\/blog.modalife.click\/index.php?rest_route=\/wp\/v2\/posts"}],"about":[{"href":"https:\/\/blog.modalife.click\/index.php?rest_route=\/wp\/v2\/types\/post"}],"author":[{"embeddable":true,"href":"https:\/\/blog.modalife.click\/index.php?rest_route=\/wp\/v2\/users\/1"}],"replies":[{"embeddable":true,"href":"https:\/\/blog.modalife.click\/index.php?rest_route=%2Fwp%2Fv2%2Fcomments&post=4260"}],"version-history":[{"count":0,"href":"https:\/\/blog.modalife.click\/index.php?rest_route=\/wp\/v2\/posts\/4260\/revisions"}],"wp:attachment":[{"href":"https:\/\/blog.modalife.click\/index.php?rest_route=%2Fwp%2Fv2%2Fmedia&parent=4260"}],"wp:term":[{"taxonomy":"category","embeddable":true,"href":"https:\/\/blog.modalife.click\/index.php?rest_route=%2Fwp%2Fv2%2Fcategories&post=4260"},{"taxonomy":"post_tag","embeddable":true,"href":"https:\/\/blog.modalife.click\/index.php?rest_route=%2Fwp%2Fv2%2Ftags&post=4260"}],"curies":[{"name":"wp","href":"https:\/\/api.w.org\/{rel}","templated":true}]}}