{"id":4257,"date":"2021-04-27T17:28:09","date_gmt":"2021-04-27T14:28:09","guid":{"rendered":"http:\/\/blog.modalife.click\/?p=4257"},"modified":"2021-04-27T17:28:09","modified_gmt":"2021-04-27T14:28:09","slug":"ciragan-yatak-odasi-takimi","status":"publish","type":"post","link":"https:\/\/blog.modalife.click\/?p=4257","title":{"rendered":"\u00c7\u0131ra\u011fan Yatak Odas\u0131 Tak\u0131m\u0131"},"content":{"rendered":"<p><img src=\"https:\/\/st3.myideasoft.com\/shop\/bo\/48\/myassets\/products\/031\/modalife-ciragan-yatak-odasi-takimi.jpg?revision=1619079815\" alt=\"\" \/><\/p>\n<div>\n<div>&#8211; \u00c7\u0131ra\u011fan yatak odas\u0131 tak\u0131m\u0131 odan\u0131z\u0131n havas\u0131n\u0131 de\u011fi\u015firecek.<\/div>\n<div>&#8211; Tak\u0131m\u0131m\u0131z gard\u0131rop, \u015fifonyer, ba\u015fl\u0131k ve 2 adet komodin\u2019den olu\u015fmaktad\u0131r.<\/div>\n<div>&#8211; Kullan\u0131lan malzemeler \u00e7izilme ve s\u00fcrt\u00fcnmeye kar\u015f\u0131 dayan\u0131kl\u0131d\u0131r.<\/div>\n<div>&#8211; Renk konfig\u00fcrasyonunda genel itibariyle ayta\u015f\u0131 renk kullan\u0131lm\u0131\u015ft\u0131r. Highgloss ayta\u015f\u0131 renk uygulamas\u0131 ile alt\u0131n sar\u0131s\u0131 renk kombine edilmi\u015ftir.<\/div>\n<div>&#8211; Gard\u0131rop i\u00e7i, ihtiya\u00e7lara uygun olarak d\u00fczenlenmi\u015f ve geni\u015f bir kullan\u0131m alan\u0131 olu\u015fturulmu\u015ftur.<\/div>\n<div>&#8211; \u00dcr\u00fcn\u00fcm\u00fczde yava\u015flat\u0131c\u0131 sistem kullan\u0131lm\u0131\u015f olup, h\u0131zl\u0131 \u00e7arpmalar engellenerek \u00fcr\u00fcn fonksiyonelli\u011fi art\u0131r\u0131lm\u0131\u015ft\u0131r.<\/div>\n<div>&#8211; Yerden y\u00fcksek ayak kullan\u0131lm\u0131\u015f olup, siz de\u011ferli m\u00fc\u015fterilerimize temizlik kolayl\u0131\u011f\u0131 sa\u011flanm\u0131\u015ft\u0131r.<\/div>\n<div>&#8211; Yatak odas\u0131 tak\u0131mlar\u0131m\u0131zda baza hediyemizdir.<\/div>\n<div>&#8211; \u00dcr\u00fcnlerimiz 2 y\u0131l garantilidir.<\/div>\n<div>&#8211; \u00c7\u0131ra\u011fan yatak odas\u0131 tak\u0131m\u0131n\u0131, \u00c7\u0131ra\u011fan yemek odas\u0131 ve Vera koltuk tak\u0131m\u0131 ile kombine ederek evinizde \u015f\u0131kl\u0131k ve b\u00fct\u00fcnl\u00fck olu\u015fturabilirsiniz.<\/div>\n<div>&#8211; \u00dcr\u00fcn\u00fcm\u00fcze web sitemiz \u00fczerinden yada size en yak\u0131n modalife ma\u011fazas\u0131ndan ula\u015fabilirsiniz.<\/div>\n<div>&#8211; Aksesuarlar dekor ama\u00e7l\u0131 kullan\u0131lm\u0131\u015f olup, fiyata dahil de\u011fildir.<\/div>\n<\/div>\n<div>\n\t<\/div>\n<table style=\"border-collapse: collapse; width: 100%; height: 90px;\">\n<tbody>\n<tr style=\"height: 18px;\">\n<td style=\"text-align: center; border-width: 1px; border-style: solid; height: 18px;\"><span style=\"font-weight: bold;\">\u00c7\u0131ra\u011fan Yatak Odas\u0131 Tak\u0131m\u0131<\/span><\/td>\n<td style=\"text-align: center; border-width: 1px; border-style: solid; height: 18px;\"><span style=\"font-weight: bold;\">&nbsp;Geni\u015flik<\/span><\/td>\n<td style=\"text-align: center; border-width: 1px; border-style: solid; height: 18px;\"><span style=\"font-weight: bold;\">&nbsp;Y\u00fckseklik<\/span><\/td>\n<td style=\"text-align: center; border-width: 1px; border-style: solid; height: 18px;\"><span style=\"font-weight: bold;\">&nbsp;Derinlik<\/span><\/td>\n<\/tr>\n<tr style=\"height: 18px;\">\n<td style=\"text-align: center; border-width: 1px; border-style: solid; height: 18px;\"><span style=\"font-weight: bold;\">S\u00fcrg\u00fcl\u00fc Gard\u0131rop&nbsp;<\/span><\/td>\n<td style=\"text-align: center; border-width: 1px; border-style: solid; height: 18px;\">240 cm&nbsp;<\/td>\n<td style=\"text-align: center; border-width: 1px; border-style: solid; height: 18px;\">237 cm&nbsp;<\/td>\n<td style=\"text-align: center; border-width: 1px; border-style: solid; height: 18px;\">67 cm&nbsp;<\/td>\n<\/tr>\n<tr style=\"height: 18px;\">\n<td style=\"text-align: center; border-width: 1px; border-style: solid; height: 18px;\"><span style=\"font-weight: bold;\">&nbsp;\u015eifonyer<\/span><\/td>\n<td style=\"text-align: center; border-width: 1px; border-style: solid; height: 18px;\">120 cm<\/td>\n<td style=\"text-align: center; border-width: 1px; border-style: solid; height: 18px;\">170 cm&nbsp;<\/td>\n<td style=\"text-align: center; border-width: 1px; border-style: solid; height: 18px;\">44 cm<\/td>\n<\/tr>\n<tr style=\"height: 18px;\">\n<td style=\"text-align: center; border-width: 1px; border-style: solid; height: 18px;\"><span style=\"font-weight: bold;\">&nbsp;Komodin<\/span><\/td>\n<td style=\"text-align: center; border-width: 1px; border-style: solid; height: 18px;\">60 cm<\/td>\n<td style=\"text-align: center; border-width: 1px; border-style: solid; height: 18px;\">50 cm<\/td>\n<td style=\"text-align: center; border-width: 1px; border-style: solid; height: 18px;\">42 cm&nbsp;<\/td>\n<\/tr>\n<tr style=\"height: 18px;\">\n<td style=\"text-align: center; border-width: 1px; border-style: solid; height: 18px;\"><span style=\"font-weight: bold;\">&nbsp;Ba\u015fl\u0131k<\/span><\/td>\n<td style=\"text-align: center; border-width: 1px; border-style: solid; height: 18px;\">160 cm<\/td>\n<td style=\"text-align: center; border-width: 1px; border-style: solid; height: 18px;\">147 cm<\/td>\n<td style=\"text-align: center; border-width: 1px; border-style: solid; height: 18px;\">&#8211;<\/td>\n<\/tr>\n<tr style=\"height: 18px;\">\n<td style=\"text-align: center; border-width: 1px; border-style: solid; height: 18px;\"><span style=\"font-weight: bold;\">Puf<\/span><\/td>\n<td style=\"text-align: center; border-width: 1px; border-style: solid; height: 18px;\">62 cm<\/td>\n<td style=\"text-align: center; border-width: 1px; border-style: solid; height: 18px;\">51 cm<\/td>\n<td style=\"text-align: center; border-width: 1px; border-style: solid; height: 18px;\">42 cm<\/td>\n<\/tr>\n<\/tbody>\n<\/table>\n<p><iframe width='560' height='315' src='https:\/\/www.youtube.com\/embed\/NwT3EwzrUOs' title='YouTube video player' frameborder='0' allow='accelerometer; autoplay; clipboard-write; encrypted-media; gyroscope; picture-in-picture' allowfullscreen><\/iframe><br \/>\n<a href=\"https:\/\/www.modalife.com\/urun\/ciragan-yatak-odasi-takimi\"><strong>\u00dcr\u00fcne Git<\/strong><\/a><\/p>\n","protected":false},"excerpt":{"rendered":"<p>&#8211; \u00c7\u0131ra\u011fan yatak odas\u0131 tak\u0131m\u0131 odan\u0131z\u0131n havas\u0131n\u0131 de\u011fi\u015firecek. &#8211; Tak\u0131m\u0131m\u0131z gard\u0131rop, \u015fifonyer, ba\u015fl\u0131k ve 2 adet komodin\u2019den olu\u015fmaktad\u0131r. &#8211; Kullan\u0131lan malzemeler \u00e7izilme ve s\u00fcrt\u00fcnmeye kar\u015f\u0131 dayan\u0131kl\u0131d\u0131r. &#8211; Renk konfig\u00fcrasyonunda genel itibariyle ayta\u015f\u0131 renk kullan\u0131lm\u0131\u015ft\u0131r. Highgloss ayta\u015f\u0131 renk uygulamas\u0131 ile alt\u0131n sar\u0131s\u0131 renk kombine edilmi\u015ftir. &#8211; Gard\u0131rop i\u00e7i, ihtiya\u00e7lara uygun olarak d\u00fczenlenmi\u015f ve geni\u015f bir kullan\u0131m [&hellip;]<\/p>\n","protected":false},"author":1,"featured_media":0,"comment_status":"closed","ping_status":"closed","sticky":false,"template":"","format":"standard","meta":[],"categories":[],"tags":[],"gutentor_comment":0,"_links":{"self":[{"href":"https:\/\/blog.modalife.click\/index.php?rest_route=\/wp\/v2\/posts\/4257"}],"collection":[{"href":"https:\/\/blog.modalife.click\/index.php?rest_route=\/wp\/v2\/posts"}],"about":[{"href":"https:\/\/blog.modalife.click\/index.php?rest_route=\/wp\/v2\/types\/post"}],"author":[{"embeddable":true,"href":"https:\/\/blog.modalife.click\/index.php?rest_route=\/wp\/v2\/users\/1"}],"replies":[{"embeddable":true,"href":"https:\/\/blog.modalife.click\/index.php?rest_route=%2Fwp%2Fv2%2Fcomments&post=4257"}],"version-history":[{"count":0,"href":"https:\/\/blog.modalife.click\/index.php?rest_route=\/wp\/v2\/posts\/4257\/revisions"}],"wp:attachment":[{"href":"https:\/\/blog.modalife.click\/index.php?rest_route=%2Fwp%2Fv2%2Fmedia&parent=4257"}],"wp:term":[{"taxonomy":"category","embeddable":true,"href":"https:\/\/blog.modalife.click\/index.php?rest_route=%2Fwp%2Fv2%2Fcategories&post=4257"},{"taxonomy":"post_tag","embeddable":true,"href":"https:\/\/blog.modalife.click\/index.php?rest_route=%2Fwp%2Fv2%2Ftags&post=4257"}],"curies":[{"name":"wp","href":"https:\/\/api.w.org\/{rel}","templated":true}]}}