{"id":4203,"date":"2021-06-30T00:17:13","date_gmt":"2021-06-29T21:17:13","guid":{"rendered":"http:\/\/blog.modalife.click\/?p=4203"},"modified":"2021-06-30T00:17:13","modified_gmt":"2021-06-29T21:17:13","slug":"ciragan-salon-paketi","status":"publish","type":"post","link":"https:\/\/blog.modalife.click\/?p=4203","title":{"rendered":"\u00c7\u0131ra\u011fan Salon Paketi"},"content":{"rendered":"<p><img src=\"https:\/\/st1.myideasoft.com\/shop\/bo\/48\/myassets\/products\/177\/modalife-ciragan-salon-paketi.jpg?revision=1613128116\" alt=\"\" \/><\/p>\n<div><span style=\"font-weight: bold;\">\u00c7IRA\u011eAN YEMEK ODASI TAKIMI<\/span><\/div>\n<div>\n<div style=\"box-sizing: border-box; color: rgb(25, 33, 49); font-family: Poppins, sans-serif; outline: none !important;\">&#8211; \u00c7\u0131ra\u011fan yemek odas\u0131 tak\u0131m\u0131 odan\u0131z\u0131n havas\u0131n\u0131 de\u011fi\u015ftirecek.<\/div>\n<div style=\"box-sizing: border-box; color: rgb(25, 33, 49); font-family: Poppins, sans-serif; outline: none !important;\">&#8211; Tak\u0131m\u0131m\u0131z konsol, tv \u00fcnitesi, masa ve 6 adet sandalyeden olu\u015fmaktad\u0131r.<\/div>\n<div style=\"box-sizing: border-box; color: rgb(25, 33, 49); font-family: Poppins, sans-serif; outline: none !important;\">&#8211; Kullan\u0131lan malzemeler \u00e7izilme ve s\u00fcrt\u00fcnmeye kar\u015f\u0131 dayan\u0131kl\u0131d\u0131r.<\/div>\n<div style=\"box-sizing: border-box; color: rgb(25, 33, 49); font-family: Poppins, sans-serif; outline: none !important;\">&#8211; Renk konfig\u00fcrasyonunda genel itibariyle ayta\u015f\u0131 renk kullan\u0131lm\u0131\u015ft\u0131r. Highgloss ayta\u015f\u0131 renk uygulamas\u0131 ile alt\u0131n sar\u0131s\u0131 renk kombine edilmi\u015ftir.<\/div>\n<div style=\"box-sizing: border-box; color: rgb(25, 33, 49); font-family: Poppins, sans-serif; outline: none !important;\">&#8211; Yerden y\u00fcksek ayak kullan\u0131lm\u0131\u015f olup, siz de\u011ferli m\u00fc\u015fterilerimize temizlik kolayl\u0131\u011f\u0131 sa\u011flanm\u0131\u015ft\u0131r.<\/div>\n<div style=\"box-sizing: border-box; color: rgb(25, 33, 49); font-family: Poppins, sans-serif; outline: none !important;\">&#8211; \u00dcr\u00fcn\u00fcm\u00fczde yava\u015flat\u0131c\u0131 sistem kullan\u0131lm\u0131\u015f olup, h\u0131zl\u0131 \u00e7arpmalar engellenerek \u00fcr\u00fcn fonksiyonelli\u011fi art\u0131r\u0131lm\u0131\u015ft\u0131r.<\/div>\n<div style=\"box-sizing: border-box; color: rgb(25, 33, 49); font-family: Poppins, sans-serif; outline: none !important;\">&#8211; Tv \u00fcnitesinin \u00fcst k\u0131sm\u0131nda dvd, uydu al\u0131c\u0131s\u0131 konulabilmesi i\u00e7in bo\u015f alan b\u0131rak\u0131lm\u0131\u015f olup fonksiyonellik art\u0131r\u0131lm\u0131\u015ft\u0131r.<\/div>\n<div style=\"box-sizing: border-box; color: rgb(25, 33, 49); font-family: Poppins, sans-serif; outline: none !important;\">&#8211; 2 y\u0131l garantilidir.<\/div>\n<div style=\"box-sizing: border-box; color: rgb(25, 33, 49); font-family: Poppins, sans-serif; outline: none !important;\">&#8211; \u00c7\u0131ra\u011fan yemek odas\u0131 tak\u0131m\u0131n\u0131, \u00c7\u0131ra\u011fan yatak odas\u0131 ve Vera koltuk tak\u0131m\u0131 ile kombine ederek evinizde \u015f\u0131kl\u0131k ve b\u00fct\u00fcnl\u00fck olu\u015fturabilirsiniz.<\/div>\n<div style=\"box-sizing: border-box; color: rgb(25, 33, 49); font-family: Poppins, sans-serif; outline: none !important;\">&#8211; \u00dcr\u00fcn\u00fcm\u00fcze web sitemiz \u00fczerinden yada size en yak\u0131n modalife ma\u011fazas\u0131ndan ula\u015fabilirsiniz.<\/div>\n<div style=\"box-sizing: border-box; color: rgb(25, 33, 49); font-family: Poppins, sans-serif; outline: none !important;\">&#8211; Aksesuarlar dekor ama\u00e7l\u0131 kullan\u0131lm\u0131\u015f olup, fiyata dahil de\u011fildir.<\/div>\n<\/div>\n<div>&nbsp;<\/div>\n<div><span style=\"font-weight: bold;\">VERA M\u0130D\u0130 KOLTUK TAKIMI<\/span><\/div>\n<div>\n<div style=\"box-sizing: border-box; color: rgb(25, 33, 49); font-family: Poppins, sans-serif; outline: none !important;\">&#8211; Vera Koltuk tak\u0131m\u0131m\u0131z 3+3+1 \u015feklindedir.<\/div>\n<div style=\"box-sizing: border-box; color: rgb(25, 33, 49); font-family: Poppins, sans-serif; outline: none !important;\">&#8211; Vera Koltuk tak\u0131m\u0131 yatakl\u0131 ve sand\u0131kl\u0131d\u0131r.<\/div>\n<div style=\"box-sizing: border-box; color: rgb(25, 33, 49); font-family: Poppins, sans-serif; outline: none !important;\">&#8211; Minimal, sade tasar\u0131m\u0131 ile ya\u015fam alanlar\u0131n\u0131za modern bir ambiyans sa\u011fl\u0131yacak t\u0131r.<\/div>\n<div style=\"box-sizing: border-box; color: rgb(25, 33, 49); font-family: Poppins, sans-serif; outline: none !important;\">&#8211; Kollar\u0131nda bulunan \u00f6zel tasar\u0131m ah\u015fap dekoratif klapa ve kol \u00fcstlerinde kullan\u0131lan bardakl\u0131k uygulamas\u0131 ile hem g\u00f6rsel hem de fonksiyonel a\u00e7\u0131dan uygulamalar yap\u0131lm\u0131\u015ft\u0131r.<\/div>\n<div style=\"box-sizing: border-box; color: rgb(25, 33, 49); font-family: Poppins, sans-serif; outline: none !important;\">&#8211; Tasar\u0131m\u0131 tamamlayan bazal\u0131 ayak uygulamas\u0131 ile \u00fcr\u00fcne b\u00fct\u00fcnl\u00fck sa\u011flanm\u0131\u015ft\u0131r.<\/div>\n<div style=\"box-sizing: border-box; color: rgb(25, 33, 49); font-family: Poppins, sans-serif; outline: none !important;\">&#8211; Oturum ve s\u0131rt k\u0131sm\u0131nda kullan\u0131lan paket yay teknolojisi size ultra konforu sa\u011flayarak, yatak konforun da kullan\u0131m imkan\u0131 sa\u011flar. Bu sistem v\u00fccut \u015fekline ve a\u011f\u0131rl\u0131\u011f\u0131na g\u00f6re \u015fekil almas\u0131na m\u00fckemmel adapte olur ve v\u00fccut k\u0131vr\u0131mlar\u0131n\u0131 destekleyerek do\u011fru omurga deste\u011fi sa\u011flar.<\/div>\n<div style=\"box-sizing: border-box; color: rgb(25, 33, 49); font-family: Poppins, sans-serif; outline: none !important;\">&#8211; Oturum ve s\u0131rt k\u0131sm\u0131nda kullan\u0131lan paket yay teknolojisi, her biri birbirinden ba\u011f\u0131ms\u0131z, kuma\u015f torbalar i\u00e7ine yerle\u015ftirilmesiyle \u00fcretilen modern yay sistemleridir. Temel prensibi maksimum hava ge\u00e7irgenlik ve herkes i\u00e7in ayr\u0131 konforu ayn\u0131 \u00fcr\u00fcnde yakalamak olan bir teknolojik yay sistemidir.<\/div>\n<div style=\"box-sizing: border-box; color: rgb(25, 33, 49); font-family: Poppins, sans-serif; outline: none !important;\">&#8211; Standart yay sistemlerinde m\u00b2 de ortalama 110 adet yay i\u00e7erir iken paket yay sisteminde ise m\u00b2 ortalama 260 adet i\u00e7erir. Albatros midi koltuk tak\u0131m\u0131nda ise toplam da 1060 adet yay bulunmaktad\u0131r. Bu yaylar ayn\u0131 zamanda 30 mm \u00fcstte olmak \u00fczere ku\u015f t\u00fcy\u00fc s\u00fcnger ve M2\u2019 si 90 gram elyaf ile desteklenmektedir.<\/div>\n<div style=\"box-sizing: border-box; color: rgb(25, 33, 49); font-family: Poppins, sans-serif; outline: none !important;\">&#8211; \u00dc\u00e7l\u00fc ve berjerde kullan\u0131lan d\u00fcz kapitone diki\u015f detaylar\u0131 ve farkl\u0131 sade k\u0131rlent uygulamas\u0131 ile hem g\u00f6rsel a\u00e7\u0131dan, hem de extra konforlu oturma ve yaslanma imkan\u0131 sa\u011flar.<\/div>\n<div style=\"box-sizing: border-box; color: rgb(25, 33, 49); font-family: Poppins, sans-serif; outline: none !important;\">&#8211; \u00dc\u00e7l\u00fc \u00fcnitelerinde yatak ve sand\u0131k fonksiyonlar\u0131 bulunmakla birlikte mekanizma olarak duvara s\u0131f\u0131r mekanizma kullan\u0131lm\u0131\u015ft\u0131r. (Bilindi\u011fi \u00fczere s\u0131f\u0131r mekanizma \u00fcr\u00fcn oturma konumunda ve duvara yasl\u0131 vaziyette iken \u00fcr\u00fcn\u00fcn \u00f6ne do\u011fru \u00e7ekilmesine gerek kalmadan rahatl\u0131kla a\u00e7\u0131l\u0131p kapanabilmesini sa\u011flamakta t\u0131r.)<\/div>\n<div style=\"box-sizing: border-box; color: rgb(25, 33, 49); font-family: Poppins, sans-serif; outline: none !important;\">&#8211; \u00d6zel tasar\u0131m y\u00fcksek aya\u011f\u0131 sayesinde, yerinden \u00e7ekmeden bulundu\u011fu zemini temizleme imkan\u0131 sunar. Ayr\u0131ca \u00fcr\u00fcn\u00fcn daha uzun s\u00fcreli kullan\u0131lmas\u0131 i\u00e7in gizli ayaklar ile a\u011f\u0131r y\u00fcke kar\u015f\u0131 desteklenmi\u015ftir.<\/div>\n<div style=\"box-sizing: border-box; color: rgb(25, 33, 49); font-family: Poppins, sans-serif; outline: none !important;\">&#8211; Her t\u00fcrl\u00fc ko\u015fulda mukavemetinin tam ve \u00f6mr\u00fcn\u00fcn uzun olmas\u0131 i\u00e7in iskeletin t\u00fcm destek noktalar\u0131 kontrplaktan, a\u011f\u0131rl\u0131k noktalar\u0131 ise metal kutu profilden imal edilmi\u015ftir. T\u00fcm kesim i\u015flemleri standart \u00f6l\u00e7\u00fc ve i\u015f\u00e7ili\u011fi yakalamas\u0131 ad\u0131na CNC makinalarda i\u015flem g\u00f6rmektedir.<\/div>\n<div style=\"box-sizing: border-box; color: rgb(25, 33, 49); font-family: Poppins, sans-serif; outline: none !important;\">&#8211; Oturum ve s\u0131rt (yaslanma) b\u00f6l\u00fcm\u00fcnde 330 gr\/m2 kalitesinde yumu\u015fak tu\u015feli (baby face) bronzing teknolojisi ile \u00fcretilen ithal kuma\u015flar uygulanmaktad\u0131r.<\/div>\n<div style=\"box-sizing: border-box; color: rgb(25, 33, 49); font-family: Poppins, sans-serif; outline: none !important;\">&#8211; K\u0131rlentlerinde is 2018\u2019in en \u00e7ok be\u011fenilen, 330 gr\/m2 kalitesinde dokuma tekni\u011fi ile \u00fcretilen kaz aya\u011f\u0131 deseni kullan\u0131lm\u0131\u015ft\u0131r.<\/div>\n<div style=\"box-sizing: border-box; color: rgb(25, 33, 49); font-family: Poppins, sans-serif; outline: none !important;\">&#8211; \u0130thal kuma\u015f, y\u00fczeyinde olu\u015fan \u00e7ay, kahve gibi lekelin yaln\u0131zca su ve hidrofil bir bez yard\u0131m\u0131yla kolayl\u0131kla temizlenebilmesini sa\u011flar.<\/div>\n<div style=\"box-sizing: border-box; color: rgb(25, 33, 49); font-family: Poppins, sans-serif; outline: none !important;\">&#8211; \u00d6zel \u00fcretilmi\u015f kendine has tu\u015fesi ile \u00e7ok yumu\u015fak ve ipeksi bir dokuya sahiptir.<\/div>\n<p>\n\t<\/div>\n<div>\n\t<\/div>\n<table style=\"border-collapse: collapse; width: 100%; height: 90px;\">\n<tbody>\n<tr style=\"height: 18px;\">\n<td style=\"text-align: center; border-width: 1px; border-style: solid; height: 18px;\"><span style=\"font-weight: bold;\">\u00c7\u0131ra\u011fan Salon Paketi<\/span><\/td>\n<td style=\"text-align: center; border-width: 1px; border-style: solid; height: 18px;\"><span style=\"font-weight: bold;\">&nbsp;Geni\u015flik<\/span><\/td>\n<td style=\"text-align: center; border-width: 1px; border-style: solid; height: 18px;\"><span style=\"font-weight: bold;\">&nbsp;Y\u00fckseklik<\/span><\/td>\n<td style=\"text-align: center; border-width: 1px; border-style: solid; height: 18px;\"><span style=\"font-weight: bold;\">&nbsp;Derinlik<\/span><\/td>\n<\/tr>\n<tr style=\"height: 18px;\">\n<td style=\"text-align: center; border-width: 1px; border-style: solid; height: 18px;\"><span style=\"font-weight: bold;\">Konsol&nbsp;<\/span><\/td>\n<td style=\"text-align: center; border-width: 1px; border-style: solid; height: 18px;\">180 cm&nbsp;<\/td>\n<td style=\"text-align: center; border-width: 1px; border-style: solid; height: 18px;\">161 cm<\/td>\n<td style=\"text-align: center; border-width: 1px; border-style: solid; height: 18px;\">44 cm&nbsp;<\/td>\n<\/tr>\n<tr style=\"height: 18px;\">\n<td style=\"text-align: center; border-width: 1px; border-style: solid; height: 18px;\"><span style=\"font-weight: bold;\">&nbsp;Tv \u00dcnitesi<\/span><\/td>\n<td style=\"text-align: center; border-width: 1px; border-style: solid; height: 18px;\">180 cm&nbsp;<\/td>\n<td style=\"text-align: center; border-width: 1px; border-style: solid; height: 18px;\">170 cm<\/td>\n<td style=\"text-align: center; border-width: 1px; border-style: solid; height: 18px;\">44 cm&nbsp;<\/td>\n<\/tr>\n<tr style=\"height: 18px;\">\n<td style=\"text-align: center; border-width: 1px; border-style: solid; height: 18px;\"><span style=\"font-weight: bold;\">Masa<\/span><\/td>\n<td style=\"text-align: center; border-width: 1px; border-style: solid; height: 18px;\">170 cm&nbsp;<\/td>\n<td style=\"text-align: center; border-width: 1px; border-style: solid; height: 18px;\">78 cm&nbsp;<\/td>\n<td style=\"text-align: center; border-width: 1px; border-style: solid; height: 18px;\">90 cm&nbsp;<\/td>\n<\/tr>\n<tr style=\"height: 18px;\">\n<td style=\"text-align: center; border-width: 1px; border-style: solid; height: 18px;\"><span style=\"font-weight: bold;\">Vitrin<\/span><\/td>\n<td style=\"text-align: center; border-width: 1px; border-style: solid; height: 18px;\">110 cm<\/td>\n<td style=\"text-align: center; border-width: 1px; border-style: solid; height: 18px;\">170 cm<\/td>\n<td style=\"text-align: center; border-width: 1px; border-style: solid; height: 18px;\">44 cm<\/td>\n<\/tr>\n<tr style=\"height: 18px;\">\n<td style=\"text-align: center; border-width: 1px; border-style: solid; height: 18px;\"><span style=\"font-weight: bold;\">&nbsp;\u00dc\u00e7l\u00fc Koltuk<\/span><\/td>\n<td style=\"text-align: center; border-width: 1px; border-style: solid; height: 18px;\">226 cm<\/td>\n<td style=\"text-align: center; border-width: 1px; border-style: solid; height: 18px;\">76 cm<\/td>\n<td style=\"text-align: center; border-width: 1px; border-style: solid; height: 18px;\">96 cm&nbsp;<\/td>\n<\/tr>\n<tr style=\"height: 18px;\">\n<td style=\"text-align: center; border-width: 1px; border-style: solid; height: 18px;\"><span style=\"font-weight: bold;\">Berjer&nbsp;<\/span><\/td>\n<td style=\"text-align: center; border-width: 1px; border-style: solid; height: 18px;\">87 cm<\/td>\n<td style=\"text-align: center; border-width: 1px; border-style: solid; height: 18px;\">96 cm<\/td>\n<td style=\"text-align: center; border-width: 1px; border-style: solid; height: 18px;\">86 cm&nbsp;<\/td>\n<\/tr>\n<\/tbody>\n<\/table>\n<p><a href=\"https:\/\/www.modalife.com\/urun\/ciragan-salon-paketi\"><strong>\u00dcr\u00fcne Git<\/strong><\/a><\/p>\n","protected":false},"excerpt":{"rendered":"<p>\u00c7IRA\u011eAN YEMEK ODASI TAKIMI &#8211; \u00c7\u0131ra\u011fan yemek odas\u0131 tak\u0131m\u0131 odan\u0131z\u0131n havas\u0131n\u0131 de\u011fi\u015ftirecek. &#8211; Tak\u0131m\u0131m\u0131z konsol, tv \u00fcnitesi, masa ve 6 adet sandalyeden olu\u015fmaktad\u0131r. &#8211; Kullan\u0131lan malzemeler \u00e7izilme ve s\u00fcrt\u00fcnmeye kar\u015f\u0131 dayan\u0131kl\u0131d\u0131r. &#8211; Renk konfig\u00fcrasyonunda genel itibariyle ayta\u015f\u0131 renk kullan\u0131lm\u0131\u015ft\u0131r. Highgloss ayta\u015f\u0131 renk uygulamas\u0131 ile alt\u0131n sar\u0131s\u0131 renk kombine edilmi\u015ftir. &#8211; Yerden y\u00fcksek ayak kullan\u0131lm\u0131\u015f olup, [&hellip;]<\/p>\n","protected":false},"author":1,"featured_media":0,"comment_status":"closed","ping_status":"closed","sticky":false,"template":"","format":"standard","meta":[],"categories":[],"tags":[],"gutentor_comment":0,"_links":{"self":[{"href":"https:\/\/blog.modalife.click\/index.php?rest_route=\/wp\/v2\/posts\/4203"}],"collection":[{"href":"https:\/\/blog.modalife.click\/index.php?rest_route=\/wp\/v2\/posts"}],"about":[{"href":"https:\/\/blog.modalife.click\/index.php?rest_route=\/wp\/v2\/types\/post"}],"author":[{"embeddable":true,"href":"https:\/\/blog.modalife.click\/index.php?rest_route=\/wp\/v2\/users\/1"}],"replies":[{"embeddable":true,"href":"https:\/\/blog.modalife.click\/index.php?rest_route=%2Fwp%2Fv2%2Fcomments&post=4203"}],"version-history":[{"count":0,"href":"https:\/\/blog.modalife.click\/index.php?rest_route=\/wp\/v2\/posts\/4203\/revisions"}],"wp:attachment":[{"href":"https:\/\/blog.modalife.click\/index.php?rest_route=%2Fwp%2Fv2%2Fmedia&parent=4203"}],"wp:term":[{"taxonomy":"category","embeddable":true,"href":"https:\/\/blog.modalife.click\/index.php?rest_route=%2Fwp%2Fv2%2Fcategories&post=4203"},{"taxonomy":"post_tag","embeddable":true,"href":"https:\/\/blog.modalife.click\/index.php?rest_route=%2Fwp%2Fv2%2Ftags&post=4203"}],"curies":[{"name":"wp","href":"https:\/\/api.w.org\/{rel}","templated":true}]}}