{"id":4201,"date":"2021-07-12T09:38:17","date_gmt":"2021-07-12T06:38:17","guid":{"rendered":"http:\/\/blog.modalife.click\/?p=4201"},"modified":"2021-07-12T09:38:17","modified_gmt":"2021-07-12T06:38:17","slug":"grand-berjer-kahve","status":"publish","type":"post","link":"https:\/\/blog.modalife.click\/?p=4201","title":{"rendered":"Grand Berjer &#8211; Kahve"},"content":{"rendered":"<p><img src=\"https:\/\/st3.myideasoft.com\/shop\/bo\/48\/myassets\/products\/179\/mg-8676.jpg?revision=1522676610\" alt=\"\" \/><\/p>\n<div>\n<div>&#8211; \u00d6zel \u00fcretilmi\u015f kendine has tu\u015fesi ile \u00e7ok yumu\u015fak ve ipeksi bir dokuya sahiptir<\/div>\n<div>&#8211; Size ultra konforu sa\u011flamas\u0131 ad\u0131na T\u00fcrkiye de ilk defa, Pocket yay teknolojisini kullanarak \u00fcretimini ger\u00e7ekle\u015ftirdik.<\/div>\n<div>&#8211; Oturum ve s\u0131rt k\u0131sm\u0131nda kullan\u0131lan pocket yay teknolojisi, her biri birbirinden ba\u011f\u0131ms\u0131z, kuma\u015f torbalar i\u00e7ine yerle\u015ftirilmesiyle \u00fcretilen modern yay sistemleridir. Bu sayede \u00fcr\u00fcn\u00fcm\u00fcz, v\u00fccut k\u0131vr\u0131mlar\u0131n\u0131 destekleyerek do\u011fru omurga deste\u011fi sa\u011flamaktad\u0131r.<\/div>\n<div>&#8211; 3&#215;5 cm kapitone diki\u015f detaylar\u0131, standart kanepe diki\u015f i\u015flemlerinden 5 kat daha fazla bir s\u00fcrede diki\u015f i\u015flemi uygulamas\u0131 yap\u0131larak \u00fcretilmi\u015ftir. Ayn\u0131 zamanda bu i\u015flem \u00fcr\u00fcne g\u00f6rsel a\u00e7\u0131dan ciddi bir katma de\u011fer kazand\u0131rm\u0131\u015ft\u0131r.<\/div>\n<div>&#8211; Oturum ve s\u0131rt b\u00f6l\u00fcm\u00fcnde yumu\u015fak tu\u015feli bronzing teknolojisi ile \u00fcretilen ithal kuma\u015flar kullan\u0131lm\u0131\u015ft\u0131r.&nbsp;<\/div>\n<div>&#8211; \u0130thal kuma\u015f, y\u00fczeyinde olu\u015fan \u00e7ay, kahve gibi lekelin yaln\u0131zca su ve hidrofil bir bez yard\u0131m\u0131yla kolayl\u0131kla temizlenebilmesini sa\u011flar.<\/div>\n<div>&#8211; \u00dcr\u00fcnde kullan\u0131lan y\u00fcksek ayak sayesinde yerinden \u00e7ekmeden bulundu\u011fu zemini rahatl\u0131kla temizleme imkan\u0131 sunar. Ayr\u0131ca \u00fcr\u00fcn\u00fcn daha uzun s\u00fcreli kullan\u0131lmas\u0131 i\u00e7in gizli ayaklar ile a\u011f\u0131r y\u00fcke kar\u015f\u0131 desteklenmi\u015ftir.<\/div>\n<div>&#8211; Her t\u00fcrl\u00fc ko\u015fulda mukavemetinin tam ve \u00f6mr\u00fcn\u00fcn uzun olmas\u0131 i\u00e7in, iskeletin a\u011f\u0131rl\u0131k noktalar\u0131 metal kutu profilden imal edilmi\u015ftir.&nbsp;<\/div>\n<div>&#8211; T\u00fcm kesim i\u015flemleri standart \u00f6l\u00e7\u00fc ve i\u015f\u00e7ili\u011fi yakalamas\u0131 ad\u0131na CNC makinalarda i\u015flem g\u00f6rmektedir.<\/div>\n<div>&#8211; T\u00fcm \u00fcr\u00fcnlerimiz 2 y\u0131l garantilidir.<\/div>\n<div>&#8211; \u00dcr\u00fcn\u00fcm\u00fcze web sitemiz \u00fczerinden yada size en yak\u0131n modalife ma\u011fazas\u0131ndan ula\u015fabilirsiniz.<\/div>\n<div>\n\t\t<\/div>\n<div><span style=\"font-weight: bold;\">Kuma\u015f Temizleme i\u015flemi i\u00e7in, mutlaka a\u015fa\u011f\u0131da belirtilen temizlik \u00f6nerilerine uyunuz.<\/span><\/div>\n<div>\n\t\t<\/div>\n<div><span style=\"font-weight: bold;\">Silerek Temizleme ve Leke \u00c7\u0131kart\u0131lmas\u0131:<\/span><\/div>\n<div>&#8211; Lekeyi olu\u015fturan bir s\u0131v\u0131 ise; d\u00f6k\u00fclen s\u0131v\u0131y\u0131 hemen ka\u011f\u0131t havlu veya emici bir bez ilelekenin yay\u0131lmamas\u0131 i\u00e7in b\u00f6lgeyi d\u0131\u015ftan i\u00e7e do\u011fru bast\u0131rmadan temizleyiniz.<\/div>\n<div>&#8211; 1\/4 \u00f6l\u00e7ek toz sabun ve 1 lt. \u0131l\u0131k su ile haz\u0131rlanm\u0131\u015f y\u0131kama \u00e7\u00f6zeltisi haz\u0131rlay\u0131n\u0131z.<\/div>\n<div>&#8211; Mikro fiber bez ile \u00e7\u00f6zeltinin k\u00f6p\u00fc\u011f\u00fcn\u00fc alarak kumas\u0131n y\u00fczeyini veya lekeli b\u00f6lgeyi fazla kuvvet uygulamadan siliniz.<\/div>\n<div>&#8211; \u0130nat\u00e7\u0131 lekeler i\u00e7in k\u00f6p\u00fc\u011f\u00fc 15 dakika kadar lekenin \u00fczerinde bekletiniz.<\/div>\n<div>&#8211; Hafif nemli mikro fiber bez ile t\u00fcm sabun kal\u0131nt\u0131lar\u0131 giderilinceye kadar durulay\u0131n\u0131z.<\/div>\n<div>&#8211; A\u00e7\u0131k \u015fekilde kurumaya b\u0131rak\u0131n\u0131z. Kurutmak i\u00e7in kesinlikle sa\u00e7 kurutma makinesi veya ba\u015fka bir \u0131s\u0131t\u0131c\u0131 kullanmay\u0131n\u0131z.<\/div>\n<p>\n\t<\/div>\n<div>&nbsp;<\/div>\n<div>\n<table style=\"text-align: center; border-collapse: collapse; width: 100%;\">\n<tbody>\n<tr>\n<td style=\"text-align: center; border-width: 1px; border-style: solid;\"><span style=\"font-weight: bold;\">Grand<\/span><\/td>\n<td style=\"text-align: center; border-width: 1px; border-style: solid;\"><span style=\"font-weight: bold;\">&nbsp;Geni\u015flik<\/span><\/td>\n<td style=\"text-align: center; border-width: 1px; border-style: solid;\"><span style=\"font-weight: bold;\">&nbsp;Y\u00fckseklik<\/span><\/td>\n<td style=\"text-align: center; border-width: 1px; border-style: solid;\"><span style=\"font-weight: bold;\">&nbsp;Derinlik<\/span><\/td>\n<\/tr>\n<tr>\n<td style=\"text-align: center; border-width: 1px; border-style: solid;\">Berjer<\/td>\n<td style=\"text-align: center; border-width: 1px; border-style: solid;\">86 cm<\/td>\n<td style=\"text-align: center; border-width: 1px; border-style: solid;\">95 cm<\/td>\n<td style=\"text-align: center; border-width: 1px; border-style: solid;\">78 cm<\/td>\n<\/tr>\n<\/tbody>\n<\/table>\n<\/div>\n<p><a href=\"https:\/\/www.modalife.com\/urun\/grand-berjer-tekli-koltuk\"><strong>\u00dcr\u00fcne Git<\/strong><\/a><\/p>\n","protected":false},"excerpt":{"rendered":"<p>&#8211; \u00d6zel \u00fcretilmi\u015f kendine has tu\u015fesi ile \u00e7ok yumu\u015fak ve ipeksi bir dokuya sahiptir &#8211; Size ultra konforu sa\u011flamas\u0131 ad\u0131na T\u00fcrkiye de ilk defa, Pocket yay teknolojisini kullanarak \u00fcretimini ger\u00e7ekle\u015ftirdik. &#8211; Oturum ve s\u0131rt k\u0131sm\u0131nda kullan\u0131lan pocket yay teknolojisi, her biri birbirinden ba\u011f\u0131ms\u0131z, kuma\u015f torbalar i\u00e7ine yerle\u015ftirilmesiyle \u00fcretilen modern yay sistemleridir. Bu sayede \u00fcr\u00fcn\u00fcm\u00fcz, v\u00fccut [&hellip;]<\/p>\n","protected":false},"author":1,"featured_media":0,"comment_status":"closed","ping_status":"closed","sticky":false,"template":"","format":"standard","meta":[],"categories":[],"tags":[],"gutentor_comment":0,"_links":{"self":[{"href":"https:\/\/blog.modalife.click\/index.php?rest_route=\/wp\/v2\/posts\/4201"}],"collection":[{"href":"https:\/\/blog.modalife.click\/index.php?rest_route=\/wp\/v2\/posts"}],"about":[{"href":"https:\/\/blog.modalife.click\/index.php?rest_route=\/wp\/v2\/types\/post"}],"author":[{"embeddable":true,"href":"https:\/\/blog.modalife.click\/index.php?rest_route=\/wp\/v2\/users\/1"}],"replies":[{"embeddable":true,"href":"https:\/\/blog.modalife.click\/index.php?rest_route=%2Fwp%2Fv2%2Fcomments&post=4201"}],"version-history":[{"count":0,"href":"https:\/\/blog.modalife.click\/index.php?rest_route=\/wp\/v2\/posts\/4201\/revisions"}],"wp:attachment":[{"href":"https:\/\/blog.modalife.click\/index.php?rest_route=%2Fwp%2Fv2%2Fmedia&parent=4201"}],"wp:term":[{"taxonomy":"category","embeddable":true,"href":"https:\/\/blog.modalife.click\/index.php?rest_route=%2Fwp%2Fv2%2Fcategories&post=4201"},{"taxonomy":"post_tag","embeddable":true,"href":"https:\/\/blog.modalife.click\/index.php?rest_route=%2Fwp%2Fv2%2Ftags&post=4201"}],"curies":[{"name":"wp","href":"https:\/\/api.w.org\/{rel}","templated":true}]}}