{"id":4199,"date":"2021-07-04T20:45:25","date_gmt":"2021-07-04T17:45:25","guid":{"rendered":"http:\/\/blog.modalife.click\/?p=4199"},"modified":"2021-07-04T20:45:25","modified_gmt":"2021-07-04T17:45:25","slug":"grand-kapakli-gardirop","status":"publish","type":"post","link":"https:\/\/blog.modalife.click\/?p=4199","title":{"rendered":"Grand Kapakl\u0131 Gard\u0131rop"},"content":{"rendered":"<p><img src=\"https:\/\/st2.myideasoft.com\/shop\/bo\/48\/myassets\/products\/181\/grand-tekiller-grd.jpg?revision=1593266437\" alt=\"\" \/><\/p>\n<div class=\"product-detail-column-title-1\">\n<div>&#8211; \u00dcr\u00fcn\u00fcm\u00fczde kullan\u0131lan malzemeler \u00e7izilme ve s\u00fcrt\u00fcnmeye kar\u015f\u0131 dayan\u0131kl\u0131 olup, kolay temizlenme \u00f6zelli\u011fine sahiptir.<\/div>\n<div>&#8211; Tak\u0131m renk konfig\u00fcrasyonunda genel itibariyle ayta\u015f\u0131 wood renk kullan\u0131lm\u0131\u015ft\u0131r. \u00c7am desen uygulamas\u0131 ile alt\u0131n sar\u0131s\u0131 renk kombine edilmi\u015ftir.<\/div>\n<div>&#8211; Gard\u0131rop i\u00e7erisinde elbiselerin depolanabilmesine olanak sa\u011flayan, i\u00e7 \u00e7ekmece, rafl\u0131 b\u00f6lmeler ve elbise ask\u0131l\u0131klar\u0131 kullan\u0131lm\u0131\u015ft\u0131r.<\/div>\n<div>&#8211; Gard\u0131rop \u00e7ekmecesinde bulunan yeni nesil geni\u015f a\u00e7\u0131l\u0131ml\u0131 raylar\u0131 sayesinde \u00e7ekmece i\u00e7ine rahat eri\u015fim sa\u011flanmaktad\u0131r.<\/div>\n<div>&#8211; \u00dcr\u00fcn\u00fcm\u00fczde yava\u015flat\u0131c\u0131 sistem kullan\u0131lm\u0131\u015f olup, h\u0131zl\u0131 \u00e7arpmalar engellenerek \u00fcr\u00fcn fonksiyonelli\u011fi art\u0131r\u0131lm\u0131\u015ft\u0131r.<\/div>\n<div>&#8211; \u00dcr\u00fcn\u00fcm\u00fcz 6 kapakl\u0131 2 \u00e7ekmeceli olup iste\u011fe ba\u011fl\u0131 olarak s\u00fcrg\u00fcl\u00fc alternatifi de bulunmaktad\u0131r.<\/div>\n<div>&#8211; T\u00fcm \u00fcr\u00fcnlerimiz 2 y\u0131l garantilidir.&nbsp;<\/div>\n<div>&#8211; \u00dcr\u00fcn\u00fcm\u00fcze web sitemiz \u00fczerinden yada size en yak\u0131n modalife ma\u011fazas\u0131ndan ula\u015fabilirsiniz.&nbsp;<\/div>\n<\/div>\n<div class=\"product-detail-column-title-1\"><\/p>\n<table style=\"border-collapse:collapse;width:100%;\">\n<tbody>\n<tr>\n<td style=\"text-align: center; border-width: 1px; border-style: solid;\">&nbsp;<span style=\"font-weight: bold;\">Grand<\/span><\/td>\n<td style=\"text-align: center; border-width: 1px; border-style: solid;\"><span style=\"font-weight: bold;\">&nbsp;Geni\u015flik<\/span><\/td>\n<td style=\"text-align: center; border-width: 1px; border-style: solid;\"><span style=\"font-weight: bold;\">&nbsp;Y\u00fckseklik<\/span><\/td>\n<td style=\"text-align: center; border-width: 1px; border-style: solid;\"><span style=\"font-weight: bold;\">&nbsp;Derinlik<\/span><\/td>\n<\/tr>\n<tr>\n<td style=\"text-align: center; border-width: 1px; border-style: solid;\">&nbsp;Kapakl\u0131 Gard\u0131rop<\/td>\n<td style=\"text-align: center; border-width: 1px; border-style: solid;\">&nbsp;240 cm<\/td>\n<td style=\"text-align: center; border-width: 1px; border-style: solid;\">223 cm&nbsp;<\/td>\n<td style=\"text-align: center; border-width: 1px; border-style: solid;\">60 cm&nbsp;<\/td>\n<\/tr>\n<\/tbody>\n<\/table>\n<p>\n\t<\/div>\n<div class=\"product-detail-content\">\n<div class=\"row\">\n<div class=\"col-lg-4\">\n<div class=\"product-detail-info\">            <\/div>\n<\/p><\/div>\n<\/p><\/div>\n<\/div>\n<p><a href=\"https:\/\/www.modalife.com\/urun\/grand-kapakli-gardirop\"><strong>\u00dcr\u00fcne Git<\/strong><\/a><\/p>\n","protected":false},"excerpt":{"rendered":"<p>&#8211; \u00dcr\u00fcn\u00fcm\u00fczde kullan\u0131lan malzemeler \u00e7izilme ve s\u00fcrt\u00fcnmeye kar\u015f\u0131 dayan\u0131kl\u0131 olup, kolay temizlenme \u00f6zelli\u011fine sahiptir. &#8211; Tak\u0131m renk konfig\u00fcrasyonunda genel itibariyle ayta\u015f\u0131 wood renk kullan\u0131lm\u0131\u015ft\u0131r. \u00c7am desen uygulamas\u0131 ile alt\u0131n sar\u0131s\u0131 renk kombine edilmi\u015ftir. &#8211; Gard\u0131rop i\u00e7erisinde elbiselerin depolanabilmesine olanak sa\u011flayan, i\u00e7 \u00e7ekmece, rafl\u0131 b\u00f6lmeler ve elbise ask\u0131l\u0131klar\u0131 kullan\u0131lm\u0131\u015ft\u0131r. &#8211; Gard\u0131rop \u00e7ekmecesinde bulunan yeni nesil geni\u015f [&hellip;]<\/p>\n","protected":false},"author":1,"featured_media":0,"comment_status":"closed","ping_status":"closed","sticky":false,"template":"","format":"standard","meta":[],"categories":[],"tags":[],"gutentor_comment":0,"_links":{"self":[{"href":"https:\/\/blog.modalife.click\/index.php?rest_route=\/wp\/v2\/posts\/4199"}],"collection":[{"href":"https:\/\/blog.modalife.click\/index.php?rest_route=\/wp\/v2\/posts"}],"about":[{"href":"https:\/\/blog.modalife.click\/index.php?rest_route=\/wp\/v2\/types\/post"}],"author":[{"embeddable":true,"href":"https:\/\/blog.modalife.click\/index.php?rest_route=\/wp\/v2\/users\/1"}],"replies":[{"embeddable":true,"href":"https:\/\/blog.modalife.click\/index.php?rest_route=%2Fwp%2Fv2%2Fcomments&post=4199"}],"version-history":[{"count":0,"href":"https:\/\/blog.modalife.click\/index.php?rest_route=\/wp\/v2\/posts\/4199\/revisions"}],"wp:attachment":[{"href":"https:\/\/blog.modalife.click\/index.php?rest_route=%2Fwp%2Fv2%2Fmedia&parent=4199"}],"wp:term":[{"taxonomy":"category","embeddable":true,"href":"https:\/\/blog.modalife.click\/index.php?rest_route=%2Fwp%2Fv2%2Fcategories&post=4199"},{"taxonomy":"post_tag","embeddable":true,"href":"https:\/\/blog.modalife.click\/index.php?rest_route=%2Fwp%2Fv2%2Ftags&post=4199"}],"curies":[{"name":"wp","href":"https:\/\/api.w.org\/{rel}","templated":true}]}}