{"id":4197,"date":"2021-05-07T18:01:00","date_gmt":"2021-05-07T15:01:00","guid":{"rendered":"http:\/\/blog.modalife.click\/?p=4197"},"modified":"2021-05-07T18:01:00","modified_gmt":"2021-05-07T15:01:00","slug":"grand-dugun-paketi-yatakbaza-hediye","status":"publish","type":"post","link":"https:\/\/blog.modalife.click\/?p=4197","title":{"rendered":"Grand D\u00fc\u011f\u00fcn Paketi (Yatak+Baza Hediye)"},"content":{"rendered":"<p><img src=\"https:\/\/st2.myideasoft.com\/shop\/bo\/48\/myassets\/products\/185\/modalife-grand-uclu-dugun-paketi.jpg?revision=1613029311\" alt=\"\" \/><\/p>\n<div>\n<div style=\"box-sizing: border-box; color: rgb(25, 33, 49); font-family: poppins, sans-serif; outline: none !important;\"><span style=\"font-weight: bold;\">&nbsp;GRAND YEMEK ODASI TAKIMI<\/span><\/div>\n<div style=\"box-sizing: border-box; color: rgb(25, 33, 49); font-family: poppins, sans-serif; outline: none !important;\">&#8211; Grand yemek odas\u0131 tak\u0131m\u0131m\u0131z&nbsp; konsol, tv \u00fcnitesi, masa ve 6 adet sandalyeden olu\u015fmaktad\u0131r.<\/div>\n<div style=\"box-sizing: border-box; color: rgb(25, 33, 49); font-family: poppins, sans-serif; outline: none !important;\">&#8211; \u00dcr\u00fcn\u00fcm\u00fczde kullan\u0131lan malzemeler \u00e7izilme ve s\u00fcrt\u00fcnmeye kar\u015f\u0131 dayan\u0131kl\u0131d\u0131r.<\/div>\n<div style=\"box-sizing: border-box; color: rgb(25, 33, 49); font-family: poppins, sans-serif; outline: none !important;\">&#8211; Tak\u0131m renk konfig\u00fcrasyonunda genel itibariyle ayta\u015f\u0131 wood renk kullan\u0131lm\u0131\u015ft\u0131r. \u00c7am desen uygulamas\u0131 ile alt\u0131n sar\u0131s\u0131 renk kombine edilmi\u015ftir.<\/div>\n<div style=\"box-sizing: border-box; color: rgb(25, 33, 49); font-family: poppins, sans-serif; outline: none !important;\">&#8211; \u00dcnite \u00e7ekmecelerinde yeni nesil \u00e7ift a\u00e7\u0131l\u0131m ve stoplu&nbsp; ray kullan\u0131lm\u0131\u015ft\u0131r.<\/div>\n<div style=\"box-sizing: border-box; color: rgb(25, 33, 49); font-family: poppins, sans-serif; outline: none !important;\">&#8211; Konsol&nbsp; ve vitrin kapaklar\u0131nda&nbsp; yava\u015flat\u0131c\u0131 sistem kullan\u0131lm\u0131\u015f olup, h\u0131zl\u0131 \u00e7arpmalar engellenerek \u00fcr\u00fcn fonksiyonelli\u011fi artt\u0131r\u0131lm\u0131\u015ft\u0131r.<\/div>\n<div style=\"box-sizing: border-box; color: rgb(25, 33, 49); font-family: poppins, sans-serif; outline: none !important;\">&#8211; \u00dcnitelerde yerden y\u00fcksek ayak kullan\u0131lm\u0131\u015f olup, siz de\u011ferli m\u00fc\u015fterilerimize temizlik kolayl\u0131\u011f\u0131 sa\u011flanm\u0131\u015ft\u0131r.<\/div>\n<div style=\"box-sizing: border-box; color: rgb(25, 33, 49); font-family: poppins, sans-serif; outline: none !important;\">&#8211; Tv \u00fcnitesinin \u00e7ekmecenin \u00fcst k\u0131sm\u0131nda dvd, uydu al\u0131c\u0131s\u0131 gibi ekipmanlar\u0131n konulabilmesi i\u00e7in bo\u015f alan b\u0131rak\u0131lm\u0131\u015f olup \u00fcr\u00fcn fon<\/div>\n<div style=\"box-sizing: border-box; color: rgb(25, 33, 49); font-family: poppins, sans-serif; outline: none !important;\">&#8211; Konsol aynas\u0131 3 par\u00e7adan olu\u015fup sa\u011f ve sol aynalar\u0131 katlanabilerek geni\u015f g\u00f6r\u00fc\u015f a\u00e7\u0131s\u0131 sa\u011flamaktad\u0131r.<\/div>\n<div style=\"box-sizing: border-box; color: rgb(25, 33, 49); font-family: poppins, sans-serif; outline: none !important;\">&#8211; Yemek masas\u0131 a\u00e7\u0131labilir olarak tasarlanm\u0131\u015ft\u0131r.&nbsp;<\/div>\n<div style=\"box-sizing: border-box; color: rgb(25, 33, 49); font-family: poppins, sans-serif; outline: none !important;\">&#8211; Vitrin kapak cam\u0131nda ve \u00fcnite i\u00e7erisinde depolama ama\u00e7l\u0131 kullan\u0131lan cam raflar temperli olup, g\u00fcvenlik \u00f6n plana \u00e7\u0131kar\u0131lm\u0131\u015ft\u0131r.<\/div>\n<div style=\"box-sizing: border-box; color: rgb(25, 33, 49); font-family: poppins, sans-serif; outline: none !important;\">&#8211; T\u00fcm \u00fcr\u00fcnlerimiz 2 y\u0131l garantilidir.<\/div>\n<div style=\"box-sizing: border-box; color: rgb(25, 33, 49); font-family: poppins, sans-serif; outline: none !important;\">&#8211; \u00dcr\u00fcn\u00fcm\u00fcze web sitemiz \u00fczerinden yada size en yak\u0131n modalife ma\u011fazas\u0131ndan ula\u015fabilirsiniz.<\/div>\n<\/div>\n<div>&nbsp;<\/div>\n<div><span style=\"font-weight: bold;\">GRAND YATAK ODASI TAKIMI<\/span><\/div>\n<div>\n<div style=\"box-sizing: border-box; color: rgb(25, 33, 49); font-family: poppins, sans-serif; outline: none !important;\">&#8211; Grand yatak odas\u0131 tak\u0131m\u0131, gard\u0131rop, \u015fifonyer, ba\u015fl\u0131k ve 2 adet komodin\u2019den olu\u015fmaktad\u0131r.<\/div>\n<div style=\"box-sizing: border-box; color: rgb(25, 33, 49); font-family: poppins, sans-serif; outline: none !important;\">&#8211; \u00dcr\u00fcn\u00fcm\u00fczde kullan\u0131lan malzemeler \u00e7izilme ve s\u00fcrt\u00fcnmeye kar\u015f\u0131 dayan\u0131kl\u0131 olup, kolay temizlenme \u00f6zelli\u011fine sahiptir.<\/div>\n<div style=\"box-sizing: border-box; color: rgb(25, 33, 49); font-family: poppins, sans-serif; outline: none !important;\">&#8211; Tak\u0131m renk konfig\u00fcrasyonunda genel itibariyle ayta\u015f\u0131 wood renk kullan\u0131lm\u0131\u015ft\u0131r. \u00c7am desen uygulamas\u0131 ile alt\u0131n sar\u0131s\u0131 renk kombine edilmi\u015ftir.<\/div>\n<div style=\"box-sizing: border-box; color: rgb(25, 33, 49); font-family: poppins, sans-serif; outline: none !important;\">&#8211; Gard\u0131rop i\u00e7erisinde elbiselerin depolanabilmesine olanak sa\u011flayan, i\u00e7 \u00e7ekmece, rafl\u0131 b\u00f6lmeler ve elbise ask\u0131l\u0131klar\u0131 kullan\u0131lm\u0131\u015ft\u0131r.<\/div>\n<div style=\"box-sizing: border-box; color: rgb(25, 33, 49); font-family: poppins, sans-serif; outline: none !important;\">&#8211; Gard\u0131rop \u00e7ekmecesinde bulunan yeni nesil geni\u015f a\u00e7\u0131l\u0131ml\u0131 raylar\u0131 sayesinde \u00e7ekmece i\u00e7ine rahat eri\u015fim sa\u011flanmaktad\u0131r.<\/div>\n<div style=\"box-sizing: border-box; color: rgb(25, 33, 49); font-family: poppins, sans-serif; outline: none !important;\">&#8211; Gard\u0131rop kapak ve \u00e7ekmecelerinde yava\u015flat\u0131c\u0131 sistem kullan\u0131lm\u0131\u015f olup, h\u0131zl\u0131 \u00e7arpmalar engellenmi\u015ftir.<\/div>\n<div style=\"box-sizing: border-box; color: rgb(25, 33, 49); font-family: poppins, sans-serif; outline: none !important;\">&#8211; \u00dcnitelerde yerden y\u00fcksek ayak kullan\u0131larak siz de\u011ferli m\u00fc\u015fterilerimize temizlik kolayl\u0131\u011f\u0131 sa\u011flanm\u0131\u015ft\u0131r.<\/div>\n<div style=\"box-sizing: border-box; color: rgb(25, 33, 49); font-family: poppins, sans-serif; outline: none !important;\">&#8211; Gard\u0131rop ve \u015eifonyer\u2019de yava\u015flat\u0131c\u0131 sistem kullan\u0131lm\u0131\u015f olup, h\u0131zl\u0131 \u00e7arpmalar engellenerek \u00fcr\u00fcn fonksiyonelli\u011fi art\u0131r\u0131lm\u0131\u015ft\u0131r.<\/div>\n<div style=\"box-sizing: border-box; color: rgb(25, 33, 49); font-family: poppins, sans-serif; outline: none !important;\">&#8211; \u015eifonyer\u2019de bulunan ayna 3 par\u00e7adan olu\u015fup sa\u011f ve sol aynalar\u0131 katlanabilerek geni\u015f g\u00f6r\u00fc\u015f a\u00e7\u0131s\u0131 sa\u011flamaktad\u0131r.<\/div>\n<div style=\"box-sizing: border-box; color: rgb(25, 33, 49); font-family: poppins, sans-serif; outline: none !important;\">&#8211; Yatak Ba\u015fl\u0131\u011f\u0131 Travers, 150\u2019lik baza, 160\u2019l\u0131k baza ve kendinden baza sistemine uyumlu olarak tasarlanm\u0131\u015ft\u0131r.<\/div>\n<div style=\"box-sizing: border-box; color: rgb(25, 33, 49); font-family: poppins, sans-serif; outline: none !important;\">&#8211; Yatak odas\u0131 tak\u0131mlar\u0131nda baza hediyemiz olup t\u00fcm \u00fcr\u00fcnlerimiz 2 y\u0131l garantilidir.<\/div>\n<div style=\"box-sizing: border-box; color: rgb(25, 33, 49); font-family: poppins, sans-serif; outline: none !important;\">&#8211; \u00dcr\u00fcn\u00fcm\u00fcze web sitemiz \u00fczerinden yada size en yak\u0131n modalife ma\u011fazas\u0131ndan ula\u015fabilirsiniz.&nbsp;<\/div>\n<\/div>\n<div>&nbsp;<\/div>\n<div><span style=\"font-weight: bold;\">GRAND M\u0130D\u0130 KOLTUK TAKIMI<\/span><\/div>\n<div>\n<div style=\"box-sizing: border-box; color: rgb(25, 33, 49); font-family: poppins, sans-serif; outline: none !important;\">&#8211; Grand koltuk tak\u0131m\u0131m\u0131z iki adet \u00fc\u00e7l\u00fc, bir adet tekli koltuktan olu\u015fmaktad\u0131r.<\/div>\n<div style=\"box-sizing: border-box; color: rgb(25, 33, 49); font-family: poppins, sans-serif; outline: none !important;\">&#8211; \u00d6zel \u00fcretilmi\u015f kendine has tu\u015fesi ile \u00e7ok yumu\u015fak ve ipeksi bir dokuya sahiptir<\/div>\n<div style=\"box-sizing: border-box; color: rgb(25, 33, 49); font-family: poppins, sans-serif; outline: none !important;\">&#8211; Size ultra konforu sa\u011flamas\u0131 ad\u0131na T\u00fcrkiye de ilk defa, Pocket yay teknolojisini kullanarak \u00fcretimini ger\u00e7ekle\u015ftirdik.<\/div>\n<div style=\"box-sizing: border-box; color: rgb(25, 33, 49); font-family: poppins, sans-serif; outline: none !important;\">&#8211; Oturum ve s\u0131rt k\u0131sm\u0131nda kullan\u0131lan pocket yay teknolojisi, her biri birbirinden ba\u011f\u0131ms\u0131z, kuma\u015f torbalar i\u00e7ine yerle\u015ftirilmesiyle \u00fcretilen modern yay sistemleridir. Bu sayede \u00fcr\u00fcn\u00fcm\u00fcz, v\u00fccut k\u0131vr\u0131mlar\u0131n\u0131 destekleyerek do\u011fru omurga deste\u011fi sa\u011flamaktad\u0131r.<\/div>\n<div style=\"box-sizing: border-box; color: rgb(25, 33, 49); font-family: poppins, sans-serif; outline: none !important;\">&#8211; Standart yay sistemlerinde m\u00b2 de ortalama 110 adet yay i\u00e7erir iken paket yay sisteminde ise m\u00b2 ortalama 260 adet i\u00e7erir. Grand midi koltuk tak\u0131m\u0131nda ise toplam da 904 adet yay bulunmaktad\u0131r. Bu yaylar ayn\u0131 zamanda 30 mm \u00fcstte olmak \u00fczere ku\u015f t\u00fcy\u00fc s\u00fcnger ve m\u00b2\u2019 si 90 gram elyaf ile desteklenmektedir.<\/div>\n<div style=\"box-sizing: border-box; color: rgb(25, 33, 49); font-family: poppins, sans-serif; outline: none !important;\">&#8211; \u00dc\u00e7l\u00fc koltuk ve berjerinde kullan\u0131lan 3&#215;5 cm kapitone diki\u015f detaylar\u0131, standart kanepe diki\u015f i\u015flemlerinden 5 kat daha fazla bir s\u00fcrede diki\u015f i\u015flemi uygulamas\u0131 yap\u0131larak \u00fcretilmi\u015ftir. Ayn\u0131 zamanda bu i\u015flem \u00fcr\u00fcne g\u00f6rsel a\u00e7\u0131dan ciddi bir katma de\u011fer kazand\u0131rm\u0131\u015ft\u0131r.<\/div>\n<div style=\"box-sizing: border-box; color: rgb(25, 33, 49); font-family: poppins, sans-serif; outline: none !important;\">&#8211; Koltuklarda yatak ve sand\u0131k fonksiyonlar\u0131 bulunmakla birlikte mekanizma olarak duvara s\u0131f\u0131r mekanizma kullan\u0131lm\u0131\u015ft\u0131r. (Bilindi\u011fi \u00fczere s\u0131f\u0131r mekanizma \u00fcr\u00fcn oturma konumunda ve duvara yasl\u0131 vaziyette iken \u00fcr\u00fcn\u00fcn \u00f6ne do\u011fru \u00e7ekilmesine gerek kalmadan rahatl\u0131kla a\u00e7\u0131l\u0131p kapanabilmesini sa\u011flamaktad\u0131r.)<\/div>\n<div style=\"box-sizing: border-box; color: rgb(25, 33, 49); font-family: poppins, sans-serif; outline: none !important;\">&#8211; Oturum ve s\u0131rt b\u00f6l\u00fcm\u00fcnde yumu\u015fak tu\u015feli bronzing teknolojisi ile \u00fcretilen ithal kuma\u015flar kullan\u0131lm\u0131\u015ft\u0131r.&nbsp;<\/div>\n<div style=\"box-sizing: border-box; color: rgb(25, 33, 49); font-family: poppins, sans-serif; outline: none !important;\">&#8211; \u0130thal kuma\u015f, y\u00fczeyinde olu\u015fan \u00e7ay, kahve gibi lekelin yaln\u0131zca su ve hidrofil bir bez yard\u0131m\u0131yla kolayl\u0131kla temizlenebilmesini sa\u011flar.<\/div>\n<div style=\"box-sizing: border-box; color: rgb(25, 33, 49); font-family: poppins, sans-serif; outline: none !important;\">&#8211; \u00dcr\u00fcnde kullan\u0131lan y\u00fcksek ayak sayesinde yerinden \u00e7ekmeden bulundu\u011fu zemini rahatl\u0131kla temizleme imkan\u0131 sunar. Ayr\u0131ca \u00fcr\u00fcn\u00fcn daha uzun s\u00fcreli kullan\u0131lmas\u0131 i\u00e7in gizli ayaklar ile a\u011f\u0131r y\u00fcke kar\u015f\u0131 desteklenmi\u015ftir.<\/div>\n<div style=\"box-sizing: border-box; color: rgb(25, 33, 49); font-family: poppins, sans-serif; outline: none !important;\">&#8211; Her t\u00fcrl\u00fc ko\u015fulda mukavemetinin tam ve \u00f6mr\u00fcn\u00fcn uzun olmas\u0131 i\u00e7in, iskeletin a\u011f\u0131rl\u0131k noktalar\u0131 metal kutu profilden imal edilmi\u015ftir.&nbsp;<\/div>\n<div style=\"box-sizing: border-box; color: rgb(25, 33, 49); font-family: poppins, sans-serif; outline: none !important;\">&#8211; T\u00fcm kesim i\u015flemleri standart \u00f6l\u00e7\u00fc ve i\u015f\u00e7ili\u011fi yakalamas\u0131 ad\u0131na CNC makinalarda i\u015flem g\u00f6rmektedir.<\/div>\n<div style=\"box-sizing: border-box; color: rgb(25, 33, 49); font-family: poppins, sans-serif; outline: none !important;\">&#8211; Grand koltuk tak\u0131m\u0131n\u0131, Grand yemek ve yatak odas\u0131 tak\u0131m\u0131 ile kombine ederek evinizde \u015f\u0131kl\u0131k ve b\u00fct\u00fcnl\u00fck olu\u015fturabilirsiniz.<\/div>\n<div style=\"box-sizing: border-box; color: rgb(25, 33, 49); font-family: poppins, sans-serif; outline: none !important;\">&#8211; T\u00fcm \u00fcr\u00fcnlerimiz 2 y\u0131l garantilidir.<\/div>\n<div style=\"box-sizing: border-box; color: rgb(25, 33, 49); font-family: poppins, sans-serif; outline: none !important;\">&#8211; \u00dcr\u00fcn\u00fcm\u00fcze web sitemiz \u00fczerinden yada size en yak\u0131n modalife ma\u011fazas\u0131ndan ula\u015fabilirsiniz.<\/div>\n<div style=\"box-sizing: border-box; color: rgb(25, 33, 49); font-family: poppins, sans-serif; outline: none !important;\"><br style=\"box-sizing: border-box; outline: none !important;\" \/>\n\t\t<\/div>\n<div style=\"box-sizing: border-box; color: rgb(25, 33, 49); font-family: poppins, sans-serif; outline: none !important;\"><span style=\"box-sizing: border-box; outline: none !important; font-weight: bold;\">Kuma\u015f Temizleme i\u015flemi i\u00e7in, mutlaka a\u015fa\u011f\u0131da belirtilen temizlik \u00f6nerilerine uyunuz.<\/span><\/div>\n<div style=\"box-sizing: border-box; color: rgb(25, 33, 49); font-family: poppins, sans-serif; outline: none !important;\"><br style=\"box-sizing: border-box; outline: none !important;\" \/>\n\t\t<\/div>\n<div style=\"box-sizing: border-box; color: rgb(25, 33, 49); font-family: poppins, sans-serif; outline: none !important;\"><span style=\"box-sizing: border-box; outline: none !important; font-weight: bold;\">Silerek Temizleme ve Leke \u00c7\u0131kart\u0131lmas\u0131:<\/span><\/div>\n<div style=\"box-sizing: border-box; color: rgb(25, 33, 49); font-family: poppins, sans-serif; outline: none !important;\">&#8211; Lekeyi olu\u015fturan bir s\u0131v\u0131 ise; d\u00f6k\u00fclen s\u0131v\u0131y\u0131 hemen ka\u011f\u0131t havlu veya emici bir bez ilelekenin yay\u0131lmamas\u0131 i\u00e7in b\u00f6lgeyi d\u0131\u015ftan i\u00e7e do\u011fru bast\u0131rmadan temizleyiniz.<\/div>\n<div style=\"box-sizing: border-box; color: rgb(25, 33, 49); font-family: poppins, sans-serif; outline: none !important;\">&#8211; 1\/4 \u00f6l\u00e7ek toz sabun ve 1 lt. \u0131l\u0131k su ile haz\u0131rlanm\u0131\u015f y\u0131kama \u00e7\u00f6zeltisi haz\u0131rlay\u0131n\u0131z.<\/div>\n<div style=\"box-sizing: border-box; color: rgb(25, 33, 49); font-family: poppins, sans-serif; outline: none !important;\">&#8211; Mikro fiber bez ile \u00e7\u00f6zeltinin k\u00f6p\u00fc\u011f\u00fcn\u00fc alarak kumas\u0131n y\u00fczeyini veya lekeli b\u00f6lgeyi fazla kuvvet uygulamadan siliniz.<\/div>\n<div style=\"box-sizing: border-box; color: rgb(25, 33, 49); font-family: poppins, sans-serif; outline: none !important;\">&#8211; \u0130nat\u00e7\u0131 lekeler i\u00e7in k\u00f6p\u00fc\u011f\u00fc 15 dakika kadar lekenin \u00fczerinde bekletiniz.<\/div>\n<div style=\"box-sizing: border-box; color: rgb(25, 33, 49); font-family: poppins, sans-serif; outline: none !important;\">&#8211; Hafif nemli mikro fiber bez ile t\u00fcm sabun kal\u0131nt\u0131lar\u0131 giderilinceye kadar durulay\u0131n\u0131z.<\/div>\n<div style=\"box-sizing: border-box; color: rgb(25, 33, 49); font-family: poppins, sans-serif; outline: none !important;\">&#8211; A\u00e7\u0131k \u015fekilde kurumaya b\u0131rak\u0131n\u0131z. Kurutmak i\u00e7in kesinlikle sa\u00e7 kurutma makinesi veya ba\u015fka bir \u0131s\u0131t\u0131c\u0131 kullanmay\u0131n\u0131z.<\/div>\n<\/div>\n<div>\n\t<\/div>\n<table style=\"border-collapse: collapse; width: 100%; height: 90px;\">\n<tbody>\n<tr style=\"height: 18px;\">\n<td style=\"text-align: center; border-width: 1px; border-style: solid; height: 18px;\"><span style=\"font-weight: bold;\">Grand D\u00fc\u011f\u00fcn Paketi<\/span><\/td>\n<td style=\"text-align: center; border-width: 1px; border-style: solid; height: 18px;\"><span style=\"font-weight: bold;\">&nbsp;Geni\u015flik<\/span><\/td>\n<td style=\"text-align: center; border-width: 1px; border-style: solid; height: 18px;\"><span style=\"font-weight: bold;\">&nbsp;Y\u00fckseklik<\/span><\/td>\n<td style=\"text-align: center; border-width: 1px; border-style: solid; height: 18px;\"><span style=\"font-weight: bold;\">&nbsp;Derinlik<\/span><\/td>\n<\/tr>\n<tr style=\"height: 18px;\">\n<td style=\"text-align: center; border-width: 1px; border-style: solid; height: 18px;\"><span style=\"font-weight: bold;\">Konsol&nbsp;<\/span><\/td>\n<td style=\"text-align: center; border-width: 1px; border-style: solid; height: 18px;\">180 cm&nbsp;<\/td>\n<td style=\"text-align: center; border-width: 1px; border-style: solid; height: 18px;\">155 cm<\/td>\n<td style=\"text-align: center; border-width: 1px; border-style: solid; height: 18px;\">43 cm&nbsp;<\/td>\n<\/tr>\n<tr style=\"height: 18px;\">\n<td style=\"text-align: center; border-width: 1px; border-style: solid; height: 18px;\"><span style=\"font-weight: bold;\">&nbsp;Tv Sehpas\u0131<\/span><\/td>\n<td style=\"text-align: center; border-width: 1px; border-style: solid; height: 18px;\">170 cm&nbsp;<\/td>\n<td style=\"text-align: center; border-width: 1px; border-style: solid; height: 18px;\">64 cm<\/td>\n<td style=\"text-align: center; border-width: 1px; border-style: solid; height: 18px;\">43 cm&nbsp;<\/td>\n<\/tr>\n<tr style=\"height: 18px;\">\n<td style=\"text-align: center; border-width: 1px; border-style: solid; height: 18px;\"><span style=\"font-weight: bold;\">Masa<\/span><\/td>\n<td style=\"text-align: center; border-width: 1px; border-style: solid; height: 18px;\">140 cm&nbsp;<\/td>\n<td style=\"text-align: center; border-width: 1px; border-style: solid; height: 18px;\">76 cm&nbsp;<\/td>\n<td style=\"text-align: center; border-width: 1px; border-style: solid; height: 18px;\">92 cm&nbsp;<\/td>\n<\/tr>\n<tr style=\"height: 18px;\">\n<td style=\"text-align: center; border-width: 1px; border-style: solid; height: 18px;\"><span style=\"font-weight: bold;\">Sandalye<\/span><\/td>\n<td style=\"text-align: center; border-width: 1px; border-style: solid; height: 18px;\">48 cm<\/td>\n<td style=\"text-align: center; border-width: 1px; border-style: solid; height: 18px;\">97 cm<\/td>\n<td style=\"text-align: center; border-width: 1px; border-style: solid; height: 18px;\">63 cm<\/td>\n<\/tr>\n<tr style=\"height: 18px;\">\n<td style=\"text-align: center; border-width: 1px; border-style: solid; height: 18px;\"><span style=\"font-weight: bold;\">&nbsp;\u00dc\u00e7l\u00fc Koltuk<\/span><\/td>\n<td style=\"text-align: center; border-width: 1px; border-style: solid; height: 18px;\">230 cm<\/td>\n<td style=\"text-align: center; border-width: 1px; border-style: solid; height: 18px;\">90 cm<\/td>\n<td style=\"text-align: center; border-width: 1px; border-style: solid; height: 18px;\">96 cm&nbsp;<\/td>\n<\/tr>\n<tr style=\"height: 18px;\">\n<td style=\"text-align: center; border-width: 1px; border-style: solid; height: 18px;\"><span style=\"font-weight: bold;\">Berjer&nbsp;<\/span><\/td>\n<td style=\"text-align: center; border-width: 1px; border-style: solid; height: 18px;\">87 cm<\/td>\n<td style=\"text-align: center; border-width: 1px; border-style: solid; height: 18px;\">103 cm<\/td>\n<td style=\"text-align: center; border-width: 1px; border-style: solid; height: 18px;\">82 cm&nbsp;<\/td>\n<\/tr>\n<tr style=\"height: 18px;\">\n<td style=\"text-align: center; border-width: 1px; border-style: solid; height: 18px;\"><span style=\"font-weight: bold;\">Kapakl\u0131 Gard\u0131rop&nbsp;<\/span><\/td>\n<td style=\"text-align: center; border-width: 1px; border-style: solid; height: 18px;\">240 cm&nbsp;<\/td>\n<td style=\"text-align: center; border-width: 1px; border-style: solid; height: 18px;\">223 cm&nbsp;<\/td>\n<td style=\"text-align: center; border-width: 1px; border-style: solid; height: 18px;\">60 cm&nbsp;<\/td>\n<\/tr>\n<tr style=\"height: 18px;\">\n<td style=\"text-align: center; border-width: 1px; border-style: solid; height: 18px;\"><span style=\"font-weight: bold;\">&nbsp;\u015eifonyer<\/span><\/td>\n<td style=\"text-align: center; border-width: 1px; border-style: solid; height: 18px;\">135 cm<\/td>\n<td style=\"text-align: center; border-width: 1px; border-style: solid; height: 18px;\">150 cm&nbsp;<\/td>\n<td style=\"text-align: center; border-width: 1px; border-style: solid; height: 18px;\">43 cm<\/td>\n<\/tr>\n<tr style=\"height: 18px;\">\n<td style=\"text-align: center; border-width: 1px; border-style: solid; height: 18px;\"><span style=\"font-weight: bold;\">&nbsp;Komodin<\/span><\/td>\n<td style=\"text-align: center; border-width: 1px; border-style: solid; height: 18px;\">55 cm<\/td>\n<td style=\"text-align: center; border-width: 1px; border-style: solid; height: 18px;\">42 cm<\/td>\n<td style=\"text-align: center; border-width: 1px; border-style: solid; height: 18px;\">40 cm&nbsp;<\/td>\n<\/tr>\n<tr style=\"height: 18px;\">\n<td style=\"text-align: center; border-width: 1px; border-style: solid; height: 18px;\"><span style=\"font-weight: bold;\">&nbsp;Ba\u015fl\u0131k<\/span><\/td>\n<td style=\"text-align: center; border-width: 1px; border-style: solid; height: 18px;\">157 cm<\/td>\n<td style=\"text-align: center; border-width: 1px; border-style: solid; height: 18px;\">120 cm<\/td>\n<td style=\"text-align: center; border-width: 1px; border-style: solid; height: 18px;\">&#8211;<\/td>\n<\/tr>\n<\/tbody>\n<\/table>\n<div class=\"col-lg-4\">&nbsp;<\/div>\n<p><a href=\"https:\/\/www.modalife.com\/urun\/grand-uclu-dugun-paketi\"><strong>\u00dcr\u00fcne Git<\/strong><\/a><\/p>\n","protected":false},"excerpt":{"rendered":"<p>&nbsp;GRAND YEMEK ODASI TAKIMI &#8211; Grand yemek odas\u0131 tak\u0131m\u0131m\u0131z&nbsp; konsol, tv \u00fcnitesi, masa ve 6 adet sandalyeden olu\u015fmaktad\u0131r. &#8211; \u00dcr\u00fcn\u00fcm\u00fczde kullan\u0131lan malzemeler \u00e7izilme ve s\u00fcrt\u00fcnmeye kar\u015f\u0131 dayan\u0131kl\u0131d\u0131r. &#8211; Tak\u0131m renk konfig\u00fcrasyonunda genel itibariyle ayta\u015f\u0131 wood renk kullan\u0131lm\u0131\u015ft\u0131r. \u00c7am desen uygulamas\u0131 ile alt\u0131n sar\u0131s\u0131 renk kombine edilmi\u015ftir. &#8211; \u00dcnite \u00e7ekmecelerinde yeni nesil \u00e7ift a\u00e7\u0131l\u0131m ve stoplu&nbsp; [&hellip;]<\/p>\n","protected":false},"author":1,"featured_media":0,"comment_status":"closed","ping_status":"closed","sticky":false,"template":"","format":"standard","meta":[],"categories":[],"tags":[],"gutentor_comment":0,"_links":{"self":[{"href":"https:\/\/blog.modalife.click\/index.php?rest_route=\/wp\/v2\/posts\/4197"}],"collection":[{"href":"https:\/\/blog.modalife.click\/index.php?rest_route=\/wp\/v2\/posts"}],"about":[{"href":"https:\/\/blog.modalife.click\/index.php?rest_route=\/wp\/v2\/types\/post"}],"author":[{"embeddable":true,"href":"https:\/\/blog.modalife.click\/index.php?rest_route=\/wp\/v2\/users\/1"}],"replies":[{"embeddable":true,"href":"https:\/\/blog.modalife.click\/index.php?rest_route=%2Fwp%2Fv2%2Fcomments&post=4197"}],"version-history":[{"count":0,"href":"https:\/\/blog.modalife.click\/index.php?rest_route=\/wp\/v2\/posts\/4197\/revisions"}],"wp:attachment":[{"href":"https:\/\/blog.modalife.click\/index.php?rest_route=%2Fwp%2Fv2%2Fmedia&parent=4197"}],"wp:term":[{"taxonomy":"category","embeddable":true,"href":"https:\/\/blog.modalife.click\/index.php?rest_route=%2Fwp%2Fv2%2Fcategories&post=4197"},{"taxonomy":"post_tag","embeddable":true,"href":"https:\/\/blog.modalife.click\/index.php?rest_route=%2Fwp%2Fv2%2Ftags&post=4197"}],"curies":[{"name":"wp","href":"https:\/\/api.w.org\/{rel}","templated":true}]}}