{"id":4171,"date":"2021-06-26T08:59:56","date_gmt":"2021-06-26T05:59:56","guid":{"rendered":"http:\/\/blog.modalife.click\/?p=4171"},"modified":"2021-06-26T08:59:56","modified_gmt":"2021-06-26T05:59:56","slug":"vera-midi-koltuk-takimi-krem","status":"publish","type":"post","link":"https:\/\/blog.modalife.click\/?p=4171","title":{"rendered":"Vera Midi Koltuk Tak\u0131m\u0131 &#8211; Krem"},"content":{"rendered":"<p><img src=\"https:\/\/st3.myideasoft.com\/shop\/bo\/48\/myassets\/products\/247\/modalife-vera-koltuk-takimi-yatakli-sandikli-krem.jpg?revision=1611662092\" alt=\"\" \/><\/p>\n<div>&#8211; Vera Koltuk tak\u0131m\u0131m\u0131z 3+3+1 \u015feklindedir.<\/div>\n<div>&#8211; Vera Koltuk tak\u0131m\u0131 yatakl\u0131 ve sand\u0131kl\u0131d\u0131r.<\/div>\n<div>&#8211; Minimal, sade tasar\u0131m\u0131 ile ya\u015fam alanlar\u0131n\u0131za modern bir ambiyans sa\u011fl\u0131yacak t\u0131r.<\/div>\n<div>&#8211; Kollar\u0131nda bulunan \u00f6zel tasar\u0131m ah\u015fap dekoratif klapa ve kol \u00fcstlerinde kullan\u0131lan bardakl\u0131k uygulamas\u0131 ile hem g\u00f6rsel hem de fonksiyonel a\u00e7\u0131dan uygulamalar yap\u0131lm\u0131\u015ft\u0131r.<\/div>\n<div>&#8211; Tasar\u0131m\u0131 tamamlayan bazal\u0131 ayak uygulamas\u0131 ile \u00fcr\u00fcne b\u00fct\u00fcnl\u00fck sa\u011flanm\u0131\u015ft\u0131r.<\/div>\n<div>&#8211; Oturum ve s\u0131rt k\u0131sm\u0131nda kullan\u0131lan paket yay teknolojisi size ultra konforu sa\u011flayarak, yatak konforun da kullan\u0131m imkan\u0131 sa\u011flar. Bu sistem v\u00fccut \u015fekline ve a\u011f\u0131rl\u0131\u011f\u0131na g\u00f6re \u015fekil almas\u0131na m\u00fckemmel adapte olur ve v\u00fccut k\u0131vr\u0131mlar\u0131n\u0131 destekleyerek do\u011fru omurga deste\u011fi sa\u011flar.<\/div>\n<div>&#8211; Oturum ve s\u0131rt k\u0131sm\u0131nda kullan\u0131lan paket yay teknolojisi, her biri birbirinden ba\u011f\u0131ms\u0131z, kuma\u015f torbalar i\u00e7ine yerle\u015ftirilmesiyle \u00fcretilen modern yay sistemleridir. Temel prensibi maksimum hava ge\u00e7irgenlik ve herkes i\u00e7in ayr\u0131 konforu ayn\u0131 \u00fcr\u00fcnde yakalamak olan bir teknolojik yay sistemidir.<\/div>\n<div>&#8211; Standart yay sistemlerinde m\u00b2 de ortalama 110 adet yay i\u00e7erir iken paket yay sisteminde ise m\u00b2 ortalama 260 adet i\u00e7erir. Albatros midi koltuk tak\u0131m\u0131nda ise toplam da 1060 adet yay bulunmaktad\u0131r. Bu yaylar ayn\u0131 zamanda 30 mm \u00fcstte olmak \u00fczere ku\u015f t\u00fcy\u00fc s\u00fcnger ve M2\u2019 si 90 gram elyaf ile desteklenmektedir.<\/div>\n<div>&#8211; \u00dc\u00e7l\u00fc ve berjerde kullan\u0131lan d\u00fcz kapitone diki\u015f detaylar\u0131 ve farkl\u0131 sade k\u0131rlent uygulamas\u0131 ile hem g\u00f6rsel a\u00e7\u0131dan, hem de extra konforlu oturma ve yaslanma imkan\u0131 sa\u011flar.<\/div>\n<div>&#8211; \u00dc\u00e7l\u00fc \u00fcnitelerinde yatak ve sand\u0131k fonksiyonlar\u0131 bulunmakla birlikte mekanizma olarak duvara s\u0131f\u0131r mekanizma kullan\u0131lm\u0131\u015ft\u0131r. (Bilindi\u011fi \u00fczere s\u0131f\u0131r mekanizma \u00fcr\u00fcn oturma konumunda ve duvara yasl\u0131 vaziyette iken \u00fcr\u00fcn\u00fcn \u00f6ne do\u011fru \u00e7ekilmesine gerek kalmadan rahatl\u0131kla a\u00e7\u0131l\u0131p kapanabilmesini sa\u011flamakta t\u0131r.)<\/div>\n<div>&#8211; \u00d6zel tasar\u0131m y\u00fcksek aya\u011f\u0131 sayesinde, yerinden \u00e7ekmeden bulundu\u011fu zemini temizleme imkan\u0131 sunar. Ayr\u0131ca \u00fcr\u00fcn\u00fcn daha uzun s\u00fcreli kullan\u0131lmas\u0131 i\u00e7in gizli ayaklar ile a\u011f\u0131r y\u00fcke kar\u015f\u0131 desteklenmi\u015ftir.<\/div>\n<div>&#8211; Her t\u00fcrl\u00fc ko\u015fulda mukavemetinin tam ve \u00f6mr\u00fcn\u00fcn uzun olmas\u0131 i\u00e7in iskeletin t\u00fcm destek noktalar\u0131 kontrplaktan, a\u011f\u0131rl\u0131k noktalar\u0131 ise metal kutu profilden imal edilmi\u015ftir. T\u00fcm kesim i\u015flemleri standart \u00f6l\u00e7\u00fc ve i\u015f\u00e7ili\u011fi yakalamas\u0131 ad\u0131na CNC makinalarda i\u015flem g\u00f6rmektedir.<\/div>\n<div>&#8211; Oturum ve s\u0131rt (yaslanma) b\u00f6l\u00fcm\u00fcnde 330 gr\/m2 kalitesinde yumu\u015fak tu\u015feli (baby face) bronzing teknolojisi ile \u00fcretilen ithal kuma\u015flar uygulanmaktad\u0131r.<\/div>\n<div>&#8211; K\u0131rlentlerinde is 2018\u2019in en \u00e7ok be\u011fenilen, 330 gr\/m2 kalitesinde dokuma tekni\u011fi ile \u00fcretilen kaz aya\u011f\u0131 deseni kullan\u0131lm\u0131\u015ft\u0131r.<\/div>\n<div>&#8211; \u0130thal kuma\u015f, y\u00fczeyinde olu\u015fan \u00e7ay, kahve gibi lekelin yaln\u0131zca su ve hidrofil bir bez yard\u0131m\u0131yla kolayl\u0131kla temizlenebilmesini sa\u011flar.<\/div>\n<div>&#8211; \u00d6zel \u00fcretilmi\u015f kendine has tu\u015fesi ile \u00e7ok yumu\u015fak ve ipeksi bir dokuya sahiptir.<\/div>\n<div><\/p>\n<table style=\"border-collapse:collapse;width:100%;\">\n<tbody>\n<tr>\n<td style=\"text-align: center; border-width: 1px; border-style: solid;\">&nbsp;<span style=\"font-weight: bold;\">Vera Midi Koltuk Tak\u0131m\u0131<\/span><\/td>\n<td style=\"text-align: center; border-width: 1px; border-style: solid;\"><span style=\"font-weight: bold;\">Geni\u015flik<\/span><\/td>\n<td style=\"text-align: center; border-width: 1px; border-style: solid;\"><span style=\"font-weight: bold;\">Y\u00fckseklik<\/span><\/td>\n<td style=\"text-align: center; border-width: 1px; border-style: solid;\"><span style=\"font-weight: bold;\">Derinlik<\/span><\/td>\n<\/tr>\n<tr>\n<td style=\"text-align: center; border-width: 1px; border-style: solid;\">&nbsp;\u00dc\u00e7l\u00fc Koltuk<\/td>\n<td style=\"text-align: center; border-width: 1px; border-style: solid;\">&nbsp;226 cm<\/td>\n<td style=\"text-align: center; border-width: 1px; border-style: solid;\">76 cm<\/td>\n<td style=\"text-align: center; border-width: 1px; border-style: solid;\">96 cm<\/td>\n<\/tr>\n<tr>\n<td style=\"text-align: center; border-width: 1px; border-style: solid;\">&nbsp;Berjer<\/td>\n<td style=\"text-align: center; border-width: 1px; border-style: solid;\">&nbsp;87 cm<\/td>\n<td style=\"text-align: center; border-width: 1px; border-style: solid;\">96 cm<\/td>\n<td style=\"text-align: center; border-width: 1px; border-style: solid;\">86 cm<\/td>\n<\/tr>\n<\/tbody>\n<\/table>\n<p><\/p>\n<p align=\"center\" style=\"box-sizing: border-box; margin-top: 0px; margin-bottom: 1rem; color: rgb(25, 33, 49); font-family: poppins, sans-serif; outline: none !important;\"><img loading=\"lazy\" border=\"0\" src=\"https:\/\/www.modalife.com\/class\/INNOVAEditor\/assets\/uruniciresim\/albatros\/1.jpg\" width=\"650\" height=\"404\" style=\"box-sizing: border-box; outline: none !important; vertical-align: middle; border: 0px; height: auto; max-width: 100%;\" \/><\/p>\n<p align=\"center\" style=\"box-sizing: border-box; margin-top: 0px; margin-bottom: 1rem; color: rgb(25, 33, 49); font-family: poppins, sans-serif; outline: none !important;\"><img loading=\"lazy\" border=\"0\" src=\"https:\/\/www.modalife.com\/class\/INNOVAEditor\/assets\/uruniciresim\/albatros\/2.jpg\" width=\"650\" height=\"333\" style=\"box-sizing: border-box; outline: none !important; vertical-align: middle; border: 0px; height: auto; max-width: 100%;\" \/><img loading=\"lazy\" border=\"0\" src=\"https:\/\/www.modalife.com\/class\/INNOVAEditor\/assets\/uruniciresim\/albatros\/3.jpg\" width=\"408\" height=\"446\" style=\"box-sizing: border-box; outline: none !important; vertical-align: middle; border: 0px; height: auto; max-width: 100%;\" \/><\/p>\n<p>\n\t<\/div>\n<p><center><iframe width='560' height='315' src='https:\/\/www.youtube.com\/embed\/q-u9ML1SCnE' frameborder='0' allow='accelerometer; autoplay; clipboard-write; encrypted-media; gyroscope; picture-in-picture' allowfullscreen><\/iframe><\/center><br \/>\n<a href=\"https:\/\/www.modalife.com\/urun\/vera-midi-koltuk-takimi-renk-secenekli\"><strong>\u00dcr\u00fcne Git<\/strong><\/a><\/p>\n","protected":false},"excerpt":{"rendered":"<p>&#8211; Vera Koltuk tak\u0131m\u0131m\u0131z 3+3+1 \u015feklindedir. &#8211; Vera Koltuk tak\u0131m\u0131 yatakl\u0131 ve sand\u0131kl\u0131d\u0131r. &#8211; Minimal, sade tasar\u0131m\u0131 ile ya\u015fam alanlar\u0131n\u0131za modern bir ambiyans sa\u011fl\u0131yacak t\u0131r. &#8211; Kollar\u0131nda bulunan \u00f6zel tasar\u0131m ah\u015fap dekoratif klapa ve kol \u00fcstlerinde kullan\u0131lan bardakl\u0131k uygulamas\u0131 ile hem g\u00f6rsel hem de fonksiyonel a\u00e7\u0131dan uygulamalar yap\u0131lm\u0131\u015ft\u0131r. &#8211; Tasar\u0131m\u0131 tamamlayan bazal\u0131 ayak uygulamas\u0131 ile [&hellip;]<\/p>\n","protected":false},"author":1,"featured_media":0,"comment_status":"closed","ping_status":"closed","sticky":false,"template":"","format":"standard","meta":[],"categories":[],"tags":[],"gutentor_comment":0,"_links":{"self":[{"href":"https:\/\/blog.modalife.click\/index.php?rest_route=\/wp\/v2\/posts\/4171"}],"collection":[{"href":"https:\/\/blog.modalife.click\/index.php?rest_route=\/wp\/v2\/posts"}],"about":[{"href":"https:\/\/blog.modalife.click\/index.php?rest_route=\/wp\/v2\/types\/post"}],"author":[{"embeddable":true,"href":"https:\/\/blog.modalife.click\/index.php?rest_route=\/wp\/v2\/users\/1"}],"replies":[{"embeddable":true,"href":"https:\/\/blog.modalife.click\/index.php?rest_route=%2Fwp%2Fv2%2Fcomments&post=4171"}],"version-history":[{"count":0,"href":"https:\/\/blog.modalife.click\/index.php?rest_route=\/wp\/v2\/posts\/4171\/revisions"}],"wp:attachment":[{"href":"https:\/\/blog.modalife.click\/index.php?rest_route=%2Fwp%2Fv2%2Fmedia&parent=4171"}],"wp:term":[{"taxonomy":"category","embeddable":true,"href":"https:\/\/blog.modalife.click\/index.php?rest_route=%2Fwp%2Fv2%2Fcategories&post=4171"},{"taxonomy":"post_tag","embeddable":true,"href":"https:\/\/blog.modalife.click\/index.php?rest_route=%2Fwp%2Fv2%2Ftags&post=4171"}],"curies":[{"name":"wp","href":"https:\/\/api.w.org\/{rel}","templated":true}]}}