{"id":4169,"date":"2021-07-20T04:14:14","date_gmt":"2021-07-20T01:14:14","guid":{"rendered":"http:\/\/blog.modalife.click\/?p=4169"},"modified":"2021-07-20T04:14:14","modified_gmt":"2021-07-20T01:14:14","slug":"vera-berjer-mavi","status":"publish","type":"post","link":"https:\/\/blog.modalife.click\/?p=4169","title":{"rendered":"Vera Berjer &#8211; Mavi"},"content":{"rendered":"<p><img src=\"https:\/\/st1.myideasoft.com\/shop\/bo\/48\/myassets\/products\/252\/albatros-kolt-tak-tekil-03.jpg?revision=1528289970\" alt=\"\" \/><\/p>\n<div>&#8211; Vera Koltuk Tak\u0131m\u0131 berjer se\u00e7ene\u011fiyle Modalife Mobilya&#8217;da sizleri bekliyor&#8230;<\/div>\n<div>&#8211; Kolay temizlenebilen ve yumu\u015fak dokulu kuma\u015flarla \u00fcr\u00fcnlerimiz kaplanmaktad\u0131r.<\/div>\n<div>&#8211; Koltuklar\u0131m\u0131z konforu evlerinizde daha fazla ya\u015faman\u0131z d\u00fc\u015f\u00fcn\u00fclerek \u00fcretilmi\u015ftir.<\/div>\n<div>&#8211; Evlerinizde temizli\u011fi kolayla\u015ft\u0131rmak i\u00e7in koltuk ayaklar\u0131nda ergonometri g\u00f6zetilmi\u015ftir.<\/div>\n<div>&#8211; Koltuk tak\u0131m\u0131nda kaliteli ucuzlu\u011fun adresi Modalife Mobilya olmaya devam ediyor&#8230;<\/div>\n<div>\n\t<\/div>\n<table style=\"text-align: center; border-collapse: collapse; width: 100%;\">\n<tbody>\n<tr>\n<td style=\"text-align: center; border-width: 1px; border-style: solid;\"><span style=\"font-weight: bold;\">&nbsp;Vera<\/span><\/td>\n<td style=\"text-align: center; border-width: 1px; border-style: solid;\"><span style=\"font-weight: bold;\">&nbsp;Geni\u015flik<\/span><\/td>\n<td style=\"text-align: center; border-width: 1px; border-style: solid;\"><span style=\"font-weight: bold;\">&nbsp;Y\u00fckseklik<\/span><\/td>\n<td style=\"text-align: center; border-width: 1px; border-style: solid;\"><span style=\"font-weight: bold;\">&nbsp;Derinlik<\/span><\/td>\n<\/tr>\n<tr>\n<td style=\"text-align: center; border-width: 1px; border-style: solid;\"><span style=\"font-weight: bold;\">Berjer<\/span><\/td>\n<td style=\"text-align: center; border-width: 1px; border-style: solid;\">&nbsp;87 cm<\/td>\n<td style=\"text-align: center; border-width: 1px; border-style: solid;\">96 cm<\/td>\n<td style=\"text-align: center; border-width: 1px; border-style: solid;\">86 cm<\/td>\n<\/tr>\n<\/tbody>\n<\/table>\n<p><a href=\"https:\/\/www.modalife.com\/urun\/vera-berjer-tekli-koltuk\"><strong>\u00dcr\u00fcne Git<\/strong><\/a><\/p>\n","protected":false},"excerpt":{"rendered":"<p>&#8211; Vera Koltuk Tak\u0131m\u0131 berjer se\u00e7ene\u011fiyle Modalife Mobilya&#8217;da sizleri bekliyor&#8230; &#8211; Kolay temizlenebilen ve yumu\u015fak dokulu kuma\u015flarla \u00fcr\u00fcnlerimiz kaplanmaktad\u0131r. &#8211; Koltuklar\u0131m\u0131z konforu evlerinizde daha fazla ya\u015faman\u0131z d\u00fc\u015f\u00fcn\u00fclerek \u00fcretilmi\u015ftir. &#8211; Evlerinizde temizli\u011fi kolayla\u015ft\u0131rmak i\u00e7in koltuk ayaklar\u0131nda ergonometri g\u00f6zetilmi\u015ftir. &#8211; Koltuk tak\u0131m\u0131nda kaliteli ucuzlu\u011fun adresi Modalife Mobilya olmaya devam ediyor&#8230; &nbsp;Vera &nbsp;Geni\u015flik &nbsp;Y\u00fckseklik &nbsp;Derinlik Berjer &nbsp;87 cm [&hellip;]<\/p>\n","protected":false},"author":1,"featured_media":0,"comment_status":"closed","ping_status":"closed","sticky":false,"template":"","format":"standard","meta":[],"categories":[],"tags":[],"gutentor_comment":0,"_links":{"self":[{"href":"https:\/\/blog.modalife.click\/index.php?rest_route=\/wp\/v2\/posts\/4169"}],"collection":[{"href":"https:\/\/blog.modalife.click\/index.php?rest_route=\/wp\/v2\/posts"}],"about":[{"href":"https:\/\/blog.modalife.click\/index.php?rest_route=\/wp\/v2\/types\/post"}],"author":[{"embeddable":true,"href":"https:\/\/blog.modalife.click\/index.php?rest_route=\/wp\/v2\/users\/1"}],"replies":[{"embeddable":true,"href":"https:\/\/blog.modalife.click\/index.php?rest_route=%2Fwp%2Fv2%2Fcomments&post=4169"}],"version-history":[{"count":0,"href":"https:\/\/blog.modalife.click\/index.php?rest_route=\/wp\/v2\/posts\/4169\/revisions"}],"wp:attachment":[{"href":"https:\/\/blog.modalife.click\/index.php?rest_route=%2Fwp%2Fv2%2Fmedia&parent=4169"}],"wp:term":[{"taxonomy":"category","embeddable":true,"href":"https:\/\/blog.modalife.click\/index.php?rest_route=%2Fwp%2Fv2%2Fcategories&post=4169"},{"taxonomy":"post_tag","embeddable":true,"href":"https:\/\/blog.modalife.click\/index.php?rest_route=%2Fwp%2Fv2%2Ftags&post=4169"}],"curies":[{"name":"wp","href":"https:\/\/api.w.org\/{rel}","templated":true}]}}