{"id":4143,"date":"2021-06-14T23:33:08","date_gmt":"2021-06-14T20:33:08","guid":{"rendered":"http:\/\/blog.modalife.click\/?p=4143"},"modified":"2021-06-14T23:33:08","modified_gmt":"2021-06-14T20:33:08","slug":"alvin-midi-koltuk-takimi-krem","status":"publish","type":"post","link":"https:\/\/blog.modalife.click\/?p=4143","title":{"rendered":"Alvin Midi Koltuk Tak\u0131m\u0131 &#8211; Krem"},"content":{"rendered":"<p><img src=\"https:\/\/st1.myideasoft.com\/shop\/bo\/48\/myassets\/products\/346\/modalife-alvin-midi-koltuk-takimi-yatakli-sandikli-krem.jpg?revision=1611057554\" alt=\"\" \/><\/p>\n<p align=\"center\">&nbsp;<\/p>\n<div style=\"text-align: left;\">&#8211; Alvin midi koltuk tak\u0131m\u0131, sade duru\u015fu ve zamans\u0131z modern tasar\u0131m\u0131 ile uzun y\u0131llar modas\u0131 eskimeden, konforlu bir kullan\u0131m imkan\u0131 sa\u011flar.<\/div>\n<div style=\"text-align: left;\">&#8211; Zarif yap\u0131s\u0131, keten dokulu kuma\u015flar\u0131, yumu\u015fak ge\u00e7i\u015fli renkleri ile her tarz mobilya ya uyum sa\u011flar.<\/div>\n<div style=\"text-align: left;\">&#8211; Minimal yap\u0131s\u0131 sayesinde dar mekanlar da daha kullan\u0131\u015fl\u0131 alan sa\u011flamak ile birlikte, ayn\u0131 zamanda da rahat ve konforlu bir oturum i\u00e7in herk\u00fcl bonel yay teknolojisi kullan\u0131larak \u00fcretilmi\u015ftir..<\/div>\n<div style=\"text-align: left;\">&#8211; Berjerinde ise, ultra konforu sa\u011flamak i\u00e7in Es (Zig Zag) yay teknolojisi kullan\u0131larak \u00fcretilmi\u015ftir..<\/div>\n<div style=\"text-align: left;\">&#8211; Bu yaylar y\u00fcksek karbonlu \u00e7elikten \u00fcretildi\u011fi i\u00e7in, eskitme testlerin den sorunsuz ge\u00e7erek oturumda \u00e7\u00f6kme gibi sorunlar meydana gelmemi\u015ftir<\/div>\n<div style=\"text-align: left;\">&#8211; \u00dc\u00e7l\u00fc \u00fcnitelerinde misafirlerinizi rahat\u00e7a a\u011f\u0131rlayaca\u011f\u0131n\u0131z yatak olabilme \u00f6zelli\u011fi sa\u011flar..<\/div>\n<div style=\"text-align: left;\">&#8211; \u00d6zel tasar\u0131m y\u00fcksek aya\u011f\u0131 sayesinde, yerinden \u00e7ekmeden bulundu\u011fu zemini temizleme imkan\u0131 sunar. Ayr\u0131ca \u00fcr\u00fcn\u00fcn daha uzun s\u00fcreli kullan\u0131lmas\u0131 i\u00e7in gizli ayaklar ile a\u011f\u0131r y\u00fcke kar\u015f\u0131 desteklenmi\u015ftir.<\/div>\n<div style=\"text-align: left;\">&#8211; Her t\u00fcrl\u00fc ko\u015fulda mukavemetinin tam ve \u00f6mr\u00fcn\u00fcn uzun olmas\u0131 i\u00e7in iskeletin t\u00fcm destek noktalar\u0131 kontrplaktan, a\u011f\u0131rl\u0131k noktalar\u0131 ise metal kutu profilden imal edilmi\u015ftir. T\u00fcm kesim i\u015flemleri standart \u00f6l\u00e7\u00fc ve i\u015f\u00e7ili\u011fi yakalamas\u0131 ad\u0131na CNC makinalarda i\u015flem g\u00f6rmektedir..<\/div>\n<div style=\"text-align: left;\">Oturum ve s\u0131rt (yaslanma) ve k\u0131rlent b\u00f6l\u00fcm\u00fcnde 238 gr\/m2 kalitesinde \u00e7\u00f6zg\u00fcl\u00fc \u00f6rme teknolojisi ile \u00fcretilen yeli kuma\u015flar uygulanmaktad\u0131r..<\/div>\n<div style=\"text-align: left;\"><\/p>\n<table style=\"border-collapse:collapse;width:100%;\">\n<tbody>\n<tr>\n<td style=\"text-align: center; border-width: 1px; border-style: solid;\"><span style=\"font-weight: bold;\">Alvin Midi Koltuk Tak\u0131m\u0131<\/span><\/td>\n<td style=\"text-align: center; border-width: 1px; border-style: solid;\"><span style=\"font-weight: bold;\">Geni\u015flik<\/span><\/td>\n<td style=\"text-align: center; border-width: 1px; border-style: solid;\"><span style=\"font-weight: bold;\">Y\u00fckseklik<\/span><\/td>\n<td style=\"text-align: center; border-width: 1px; border-style: solid;\"><span style=\"font-weight: bold;\">Derinlik<\/span><\/td>\n<\/tr>\n<tr>\n<td style=\"text-align: center; border-width: 1px; border-style: solid;\">&nbsp;\u00dc\u00e7l\u00fc Koltuk<\/td>\n<td style=\"text-align: center; border-width: 1px; border-style: solid;\">210 cm&nbsp;<\/td>\n<td style=\"text-align: center; border-width: 1px; border-style: solid;\">83 cm<\/td>\n<td style=\"text-align: center; border-width: 1px; border-style: solid;\">90 cm&nbsp;<\/td>\n<\/tr>\n<tr>\n<td style=\"text-align: center; border-width: 1px; border-style: solid;\">&nbsp;Berjer<\/td>\n<td style=\"text-align: center; border-width: 1px; border-style: solid;\">&nbsp;67 cm<\/td>\n<td style=\"text-align: center; border-width: 1px; border-style: solid;\">&nbsp;88 cm<\/td>\n<td style=\"text-align: center; border-width: 1px; border-style: solid;\">92 cm&nbsp;<\/td>\n<\/tr>\n<\/tbody>\n<\/table>\n<\/div>\n<div style=\"text-align: left;\">\n\t<\/div>\n<p>&nbsp;<\/p>\n<p><center><iframe width='560' height='315' src='https:\/\/www.youtube.com\/embed\/C3AWmou3Ulo' frameborder='0' allow='accelerometer; autoplay; clipboard-write; encrypted-media; gyroscope; picture-in-picture' allowfullscreen><\/iframe><\/center><br \/>\n<a href=\"https:\/\/www.modalife.com\/urun\/alvin-midi-koltuk-takimi\"><strong>\u00dcr\u00fcne Git<\/strong><\/a><\/p>\n","protected":false},"excerpt":{"rendered":"<p>&nbsp; &#8211; Alvin midi koltuk tak\u0131m\u0131, sade duru\u015fu ve zamans\u0131z modern tasar\u0131m\u0131 ile uzun y\u0131llar modas\u0131 eskimeden, konforlu bir kullan\u0131m imkan\u0131 sa\u011flar. &#8211; Zarif yap\u0131s\u0131, keten dokulu kuma\u015flar\u0131, yumu\u015fak ge\u00e7i\u015fli renkleri ile her tarz mobilya ya uyum sa\u011flar. &#8211; Minimal yap\u0131s\u0131 sayesinde dar mekanlar da daha kullan\u0131\u015fl\u0131 alan sa\u011flamak ile birlikte, ayn\u0131 zamanda da rahat [&hellip;]<\/p>\n","protected":false},"author":1,"featured_media":0,"comment_status":"closed","ping_status":"closed","sticky":false,"template":"","format":"standard","meta":[],"categories":[],"tags":[],"gutentor_comment":0,"_links":{"self":[{"href":"https:\/\/blog.modalife.click\/index.php?rest_route=\/wp\/v2\/posts\/4143"}],"collection":[{"href":"https:\/\/blog.modalife.click\/index.php?rest_route=\/wp\/v2\/posts"}],"about":[{"href":"https:\/\/blog.modalife.click\/index.php?rest_route=\/wp\/v2\/types\/post"}],"author":[{"embeddable":true,"href":"https:\/\/blog.modalife.click\/index.php?rest_route=\/wp\/v2\/users\/1"}],"replies":[{"embeddable":true,"href":"https:\/\/blog.modalife.click\/index.php?rest_route=%2Fwp%2Fv2%2Fcomments&post=4143"}],"version-history":[{"count":0,"href":"https:\/\/blog.modalife.click\/index.php?rest_route=\/wp\/v2\/posts\/4143\/revisions"}],"wp:attachment":[{"href":"https:\/\/blog.modalife.click\/index.php?rest_route=%2Fwp%2Fv2%2Fmedia&parent=4143"}],"wp:term":[{"taxonomy":"category","embeddable":true,"href":"https:\/\/blog.modalife.click\/index.php?rest_route=%2Fwp%2Fv2%2Fcategories&post=4143"},{"taxonomy":"post_tag","embeddable":true,"href":"https:\/\/blog.modalife.click\/index.php?rest_route=%2Fwp%2Fv2%2Ftags&post=4143"}],"curies":[{"name":"wp","href":"https:\/\/api.w.org\/{rel}","templated":true}]}}