{"id":4113,"date":"2021-07-26T03:27:53","date_gmt":"2021-07-26T00:27:53","guid":{"rendered":"http:\/\/blog.modalife.click\/?p=4113"},"modified":"2021-07-26T03:27:53","modified_gmt":"2021-07-26T00:27:53","slug":"alvin-yatak-odasi-takimi","status":"publish","type":"post","link":"https:\/\/blog.modalife.click\/?p=4113","title":{"rendered":"Alvin Yatak Odas\u0131 Tak\u0131m\u0131"},"content":{"rendered":"<p><img src=\"https:\/\/st3.myideasoft.com\/shop\/bo\/48\/myassets\/products\/402\/modalife-alvin-yatak-odasi-odasi.jpg?revision=1619006259\" alt=\"\" \/><\/p>\n<div>\n<div style=\"box-sizing: border-box; color: rgb(25, 33, 49); font-family: poppins, sans-serif; outline: none !important;\">&#8211; Alvin yatak odas\u0131 tak\u0131m\u0131m\u0131z gard\u0131rop, \u015fifonyer, ba\u015fl\u0131k ve 2 adet komodin\u2019den olu\u015fmaktad\u0131r.&nbsp;<\/div>\n<div style=\"box-sizing: border-box; color: rgb(25, 33, 49); font-family: poppins, sans-serif; outline: none !important;\">&#8211; Kullan\u0131lan malzemeler \u00e7izilme ve s\u00fcrt\u00fcnmeye kar\u015f\u0131 dayan\u0131kl\u0131d\u0131r.<\/div>\n<div style=\"box-sizing: border-box; color: rgb(25, 33, 49); font-family: poppins, sans-serif; outline: none !important;\">&#8211; Renk konfig\u00fcrasyonunda genel itibariyle Sar\u0131me\u015fe renk kullan\u0131lm\u0131\u015ft\u0131r. Ayta\u015f\u0131 renk uygulamas\u0131 ile kombine edilmi\u015ftir.<\/div>\n<div style=\"box-sizing: border-box; color: rgb(25, 33, 49); font-family: poppins, sans-serif; outline: none !important;\">&#8211; Gard\u0131rop, i\u00e7erisinde elbiselerin depolanabilmesine olanak sa\u011flayan, rafl\u0131 b\u00f6lmeler ve elbise ask\u0131l\u0131klar\u0131 kullan\u0131larak fonksiyonellik artt\u0131r\u0131lm\u0131\u015ft\u0131r.<\/div>\n<div style=\"box-sizing: border-box; color: rgb(25, 33, 49); font-family: poppins, sans-serif; outline: none !important;\">&#8211; Yatak Ba\u015fl\u0131\u011f\u0131 Travers, 150 lik baza, 160 l\u0131k baza ve kendinden baza sistemine uyumlu olarak tasarlanm\u0131\u015ft\u0131r.<\/div>\n<div style=\"box-sizing: border-box; color: rgb(25, 33, 49); font-family: poppins, sans-serif; outline: none !important;\">&#8211; Karyola ba\u015fl\u0131\u011f\u0131nda \u00fcr\u00fcn rengine uyumlu Star 01 Kuma\u015f tercih edilmi\u015ftir.<\/div>\n<div style=\"box-sizing: border-box; color: rgb(25, 33, 49); font-family: poppins, sans-serif; outline: none !important;\">&#8211; Yatak odas\u0131 tak\u0131mlar\u0131nda baza hediyemizdir.<\/div>\n<div style=\"box-sizing: border-box; color: rgb(25, 33, 49); font-family: poppins, sans-serif; outline: none !important;\">&#8211; 2 y\u0131l garantilidir.<\/div>\n<div style=\"box-sizing: border-box; color: rgb(25, 33, 49); font-family: poppins, sans-serif; outline: none !important;\">&#8211; Alvin yatak odas\u0131 tak\u0131m\u0131n\u0131, Alvin yemek odas\u0131 ve koltuk tak\u0131m\u0131 ile kombine ederek evinizde \u015f\u0131kl\u0131k ve b\u00fct\u00fcnl\u00fck olu\u015fturabilirsiniz.<\/div>\n<div style=\"box-sizing: border-box; color: rgb(25, 33, 49); font-family: poppins, sans-serif; outline: none !important;\">&#8211; Aksesuarlar dekor ama\u00e7l\u0131 kullan\u0131lm\u0131\u015f olup, fiyata dahil de\u011fildir.<\/div>\n<div style=\"box-sizing: border-box; color: rgb(25, 33, 49); font-family: poppins, sans-serif; outline: none !important;\">&#8211; \u00dcr\u00fcn\u00fcm\u00fcze web sitemiz \u00fczerinden yada size en yak\u0131n modalife ma\u011fazas\u0131ndan ula\u015fabilirsiniz.<\/div>\n<\/div>\n<div>\n\t<\/div>\n<table style=\"border-collapse: collapse; width: 100%; height: 90px;\">\n<tbody>\n<tr style=\"height: 18px;\">\n<td style=\"text-align: center; border-width: 1px; border-style: solid; height: 18px;\"><span style=\"font-weight: bold;\">Alvin Yatak Odas\u0131 Tak\u0131m\u0131<\/span><\/td>\n<td style=\"text-align: center; border-width: 1px; border-style: solid; height: 18px;\"><span style=\"font-weight: bold;\">&nbsp;Geni\u015flik<\/span><\/td>\n<td style=\"text-align: center; border-width: 1px; border-style: solid; height: 18px;\"><span style=\"font-weight: bold;\">&nbsp;Y\u00fckseklik<\/span><\/td>\n<td style=\"text-align: center; border-width: 1px; border-style: solid; height: 18px;\"><span style=\"font-weight: bold;\">&nbsp;Derinlik<\/span><\/td>\n<\/tr>\n<tr style=\"height: 18px;\">\n<td style=\"text-align: center; border-width: 1px; border-style: solid; height: 18px;\"><span style=\"font-weight: bold;\">Kapakl\u0131 Gard\u0131rop&nbsp;<\/span><\/td>\n<td style=\"text-align: center; border-width: 1px; border-style: solid; height: 18px;\">198 cm&nbsp;<\/td>\n<td style=\"text-align: center; border-width: 1px; border-style: solid; height: 18px;\">208 cm&nbsp;<\/td>\n<td style=\"text-align: center; border-width: 1px; border-style: solid; height: 18px;\">55 cm&nbsp;<\/td>\n<\/tr>\n<tr style=\"height: 18px;\">\n<td style=\"text-align: center; border-width: 1px; border-style: solid; height: 18px;\"><span style=\"font-weight: bold;\">&nbsp;\u015eifonyer<\/span><\/td>\n<td style=\"text-align: center; border-width: 1px; border-style: solid; height: 18px;\">106 cm<\/td>\n<td style=\"text-align: center; border-width: 1px; border-style: solid; height: 18px;\">131 cm&nbsp;<\/td>\n<td style=\"text-align: center; border-width: 1px; border-style: solid; height: 18px;\">42 cm<\/td>\n<\/tr>\n<tr style=\"height: 18px;\">\n<td style=\"text-align: center; border-width: 1px; border-style: solid; height: 18px;\"><span style=\"font-weight: bold;\">&nbsp;Komodin<\/span><\/td>\n<td style=\"text-align: center; border-width: 1px; border-style: solid; height: 18px;\">49 cm<\/td>\n<td style=\"text-align: center; border-width: 1px; border-style: solid; height: 18px;\">35 cm<\/td>\n<td style=\"text-align: center; border-width: 1px; border-style: solid; height: 18px;\">40 cm&nbsp;<\/td>\n<\/tr>\n<tr style=\"height: 18px;\">\n<td style=\"text-align: center; border-width: 1px; border-style: solid; height: 18px;\"><span style=\"font-weight: bold;\">&nbsp;Ba\u015fl\u0131k<\/span><\/td>\n<td style=\"text-align: center; border-width: 1px; border-style: solid; height: 18px;\">157 cm<\/td>\n<td style=\"text-align: center; border-width: 1px; border-style: solid; height: 18px;\">131 cm<\/td>\n<td style=\"text-align: center; border-width: 1px; border-style: solid; height: 18px;\">&#8211;<\/td>\n<\/tr>\n<\/tbody>\n<\/table>\n<p><iframe width='560' height='315' src='https:\/\/www.youtube.com\/embed\/UzFGBKryRhc' title='YouTube video player' frameborder='0' allow='accelerometer; autoplay; clipboard-write; encrypted-media; gyroscope; picture-in-picture' allowfullscreen><\/iframe><br \/>\n<a href=\"https:\/\/www.modalife.com\/urun\/alvin-yatak-odasi-takimi\"><strong>\u00dcr\u00fcne Git<\/strong><\/a><\/p>\n","protected":false},"excerpt":{"rendered":"<p>&#8211; Alvin yatak odas\u0131 tak\u0131m\u0131m\u0131z gard\u0131rop, \u015fifonyer, ba\u015fl\u0131k ve 2 adet komodin\u2019den olu\u015fmaktad\u0131r.&nbsp; &#8211; Kullan\u0131lan malzemeler \u00e7izilme ve s\u00fcrt\u00fcnmeye kar\u015f\u0131 dayan\u0131kl\u0131d\u0131r. &#8211; Renk konfig\u00fcrasyonunda genel itibariyle Sar\u0131me\u015fe renk kullan\u0131lm\u0131\u015ft\u0131r. Ayta\u015f\u0131 renk uygulamas\u0131 ile kombine edilmi\u015ftir. &#8211; Gard\u0131rop, i\u00e7erisinde elbiselerin depolanabilmesine olanak sa\u011flayan, rafl\u0131 b\u00f6lmeler ve elbise ask\u0131l\u0131klar\u0131 kullan\u0131larak fonksiyonellik artt\u0131r\u0131lm\u0131\u015ft\u0131r. &#8211; Yatak Ba\u015fl\u0131\u011f\u0131 Travers, 150 [&hellip;]<\/p>\n","protected":false},"author":1,"featured_media":0,"comment_status":"closed","ping_status":"closed","sticky":false,"template":"","format":"standard","meta":[],"categories":[],"tags":[],"gutentor_comment":0,"_links":{"self":[{"href":"https:\/\/blog.modalife.click\/index.php?rest_route=\/wp\/v2\/posts\/4113"}],"collection":[{"href":"https:\/\/blog.modalife.click\/index.php?rest_route=\/wp\/v2\/posts"}],"about":[{"href":"https:\/\/blog.modalife.click\/index.php?rest_route=\/wp\/v2\/types\/post"}],"author":[{"embeddable":true,"href":"https:\/\/blog.modalife.click\/index.php?rest_route=\/wp\/v2\/users\/1"}],"replies":[{"embeddable":true,"href":"https:\/\/blog.modalife.click\/index.php?rest_route=%2Fwp%2Fv2%2Fcomments&post=4113"}],"version-history":[{"count":0,"href":"https:\/\/blog.modalife.click\/index.php?rest_route=\/wp\/v2\/posts\/4113\/revisions"}],"wp:attachment":[{"href":"https:\/\/blog.modalife.click\/index.php?rest_route=%2Fwp%2Fv2%2Fmedia&parent=4113"}],"wp:term":[{"taxonomy":"category","embeddable":true,"href":"https:\/\/blog.modalife.click\/index.php?rest_route=%2Fwp%2Fv2%2Fcategories&post=4113"},{"taxonomy":"post_tag","embeddable":true,"href":"https:\/\/blog.modalife.click\/index.php?rest_route=%2Fwp%2Fv2%2Ftags&post=4113"}],"curies":[{"name":"wp","href":"https:\/\/api.w.org\/{rel}","templated":true}]}}