{"id":4107,"date":"2021-06-19T11:54:59","date_gmt":"2021-06-19T08:54:59","guid":{"rendered":"http:\/\/blog.modalife.click\/?p=4107"},"modified":"2021-06-19T11:54:59","modified_gmt":"2021-06-19T08:54:59","slug":"step-kapakli-gardirop","status":"publish","type":"post","link":"https:\/\/blog.modalife.click\/?p=4107","title":{"rendered":"Step Kapakl\u0131 Gard\u0131rop"},"content":{"rendered":"<p><img src=\"https:\/\/st1.myideasoft.com\/shop\/bo\/48\/myassets\/products\/412\/step-ytk-od-01.jpg?revision=1540968793\" alt=\"\" \/><\/p>\n<div>&#8211; Malzemeler kullan\u0131m a\u00e7\u0131s\u0131ndan, \u00e7izilme s\u00fcrt\u00fcnmeye dayan\u0131kl\u0131 olup, kolay temizlenme \u00f6zelli\u011fine sahiptir.<\/div>\n<div>&#8211; Tak\u0131m renk konfig\u00fcrasyonunda genel itibariyle NAGONA renk kullan\u0131lm\u0131\u015ft\u0131r. MODA BEYAZ renk uygulamas\u0131 ile kombine edilmi\u015ftir.<\/div>\n<div>&#8211; Gard\u0131rop,i\u00e7erisinde elbiselerin depolanabilmesine olanak sa\u011flayan, rafl\u0131 b\u00f6lmeler ve elbise ask\u0131l\u0131klar\u0131 kullan\u0131larak fonksiyonellik artt\u0131r\u0131lm\u0131\u015ft\u0131r.<\/div>\n<div>&#8211; Dolap alt\u0131 ad kapakl\u0131, orta iki kapaklarda ayna ve orta b\u00f6lmede iki adet \u00e7ekmece konularak zenginlik kat\u0131lm\u0131\u015ft\u0131r, \u00fcr\u00fcn fonksiyonelli\u011fi artt\u0131r\u0131lm\u0131\u015ft\u0131r.<\/div>\n<div>&#8211; Dolap alt\u0131 ad kapakl\u0131 ve alternatif olarak s\u00fcrg\u00fc kapakl\u0131 se\u00e7ene\u011fide bulunmaktad\u0131r.<\/div>\n<div>&#8211; Dolab\u0131 \u00e7evreleyen kal\u0131nla\u015ft\u0131rmal\u0131 ta\u00e7 uygulamas\u0131 g\u00f6r\u00fcn\u00fcm\u00fc zenginle\u015ftirmi\u015ftir.<\/div>\n<div><\/p>\n<table style=\"text-align: center; border-collapse: collapse; width: 100%;\">\n<tbody>\n<tr>\n<td style=\"border-width: 1px; border-style: solid;\"><span style=\"font-weight: bold;\">Step<\/span><\/td>\n<td style=\"border-width: 1px; border-style: solid;\"><span style=\"font-weight: bold;\">Geni\u015flik<\/span><\/td>\n<td style=\"border-width: 1px; border-style: solid;\"><span style=\"font-weight: bold;\">Y\u00fckseklik<\/span><\/td>\n<td style=\"border-width: 1px; border-style: solid;\"><span style=\"font-weight: bold;\">Derinlik<\/span><\/td>\n<\/tr>\n<tr>\n<td style=\"border-width: 1px; border-style: solid;\">Kapakl\u0131 Gard\u0131rop<\/td>\n<td style=\"border-width: 1px; border-style: solid;\">217 cm<\/td>\n<td style=\"border-width: 1px; border-style: solid;\">208 cm<\/td>\n<td style=\"border-width: 1px; border-style: solid;\">62 cm<\/td>\n<\/tr>\n<\/tbody>\n<\/table>\n<div style=\"text-align: center;\">\n\t\t<\/div>\n<div style=\"text-align: center;\">\n\t\t<\/div>\n<\/div>\n<p><a href=\"https:\/\/www.modalife.com\/urun\/step-kapakli-gardirop\"><strong>\u00dcr\u00fcne Git<\/strong><\/a><\/p>\n","protected":false},"excerpt":{"rendered":"<p>&#8211; Malzemeler kullan\u0131m a\u00e7\u0131s\u0131ndan, \u00e7izilme s\u00fcrt\u00fcnmeye dayan\u0131kl\u0131 olup, kolay temizlenme \u00f6zelli\u011fine sahiptir. &#8211; Tak\u0131m renk konfig\u00fcrasyonunda genel itibariyle NAGONA renk kullan\u0131lm\u0131\u015ft\u0131r. MODA BEYAZ renk uygulamas\u0131 ile kombine edilmi\u015ftir. &#8211; Gard\u0131rop,i\u00e7erisinde elbiselerin depolanabilmesine olanak sa\u011flayan, rafl\u0131 b\u00f6lmeler ve elbise ask\u0131l\u0131klar\u0131 kullan\u0131larak fonksiyonellik artt\u0131r\u0131lm\u0131\u015ft\u0131r. &#8211; Dolap alt\u0131 ad kapakl\u0131, orta iki kapaklarda ayna ve orta b\u00f6lmede iki [&hellip;]<\/p>\n","protected":false},"author":1,"featured_media":0,"comment_status":"closed","ping_status":"closed","sticky":false,"template":"","format":"standard","meta":[],"categories":[],"tags":[],"gutentor_comment":0,"_links":{"self":[{"href":"https:\/\/blog.modalife.click\/index.php?rest_route=\/wp\/v2\/posts\/4107"}],"collection":[{"href":"https:\/\/blog.modalife.click\/index.php?rest_route=\/wp\/v2\/posts"}],"about":[{"href":"https:\/\/blog.modalife.click\/index.php?rest_route=\/wp\/v2\/types\/post"}],"author":[{"embeddable":true,"href":"https:\/\/blog.modalife.click\/index.php?rest_route=\/wp\/v2\/users\/1"}],"replies":[{"embeddable":true,"href":"https:\/\/blog.modalife.click\/index.php?rest_route=%2Fwp%2Fv2%2Fcomments&post=4107"}],"version-history":[{"count":0,"href":"https:\/\/blog.modalife.click\/index.php?rest_route=\/wp\/v2\/posts\/4107\/revisions"}],"wp:attachment":[{"href":"https:\/\/blog.modalife.click\/index.php?rest_route=%2Fwp%2Fv2%2Fmedia&parent=4107"}],"wp:term":[{"taxonomy":"category","embeddable":true,"href":"https:\/\/blog.modalife.click\/index.php?rest_route=%2Fwp%2Fv2%2Fcategories&post=4107"},{"taxonomy":"post_tag","embeddable":true,"href":"https:\/\/blog.modalife.click\/index.php?rest_route=%2Fwp%2Fv2%2Ftags&post=4107"}],"curies":[{"name":"wp","href":"https:\/\/api.w.org\/{rel}","templated":true}]}}