{"id":4092,"date":"2021-05-30T03:40:53","date_gmt":"2021-05-30T00:40:53","guid":{"rendered":"http:\/\/blog.modalife.click\/?p=4092"},"modified":"2021-05-30T03:40:53","modified_gmt":"2021-05-30T00:40:53","slug":"alvin-salon-paketi","status":"publish","type":"post","link":"https:\/\/blog.modalife.click\/?p=4092","title":{"rendered":"Alvin Salon Paketi"},"content":{"rendered":"<p><img src=\"https:\/\/st1.myideasoft.com\/shop\/bo\/48\/myassets\/products\/416\/modalife-alvin-salon-paketi.jpg?revision=1613127778\" alt=\"\" \/><\/p>\n<div>\n<div style=\"box-sizing: border-box; color: rgb(25, 33, 49); font-family: poppins, sans-serif; outline: none !important;\"><span style=\"font-weight: bold;\">ALV\u0130N YEMEK ODASI TAKIMI<\/span><\/div>\n<div style=\"box-sizing: border-box; color: rgb(25, 33, 49); font-family: poppins, sans-serif; outline: none !important;\">\n<div style=\"box-sizing: border-box; outline: none !important;\">&#8211; Alvin yemek odas\u0131 tak\u0131m\u0131m\u0131z konsol, tv \u00fcnitesi, masa ve 6 adet sandalyeden olu\u015fmaktad\u0131r.&nbsp;<\/div>\n<div style=\"box-sizing: border-box; outline: none !important;\">&#8211; Kullan\u0131lan malzemeler \u00e7izilme ve s\u00fcrt\u00fcnmeye kar\u015f\u0131 dayan\u0131kl\u0131d\u0131r.<\/div>\n<div style=\"box-sizing: border-box; outline: none !important;\">&#8211; Renk konfig\u00fcrasyonunda genel itibariyle Sar\u0131me\u015fe renk kullan\u0131lm\u0131\u015ft\u0131r. Ayta\u015f\u0131 renk uygulamas\u0131 ile kombine edilmi\u015ftir..<\/div>\n<div style=\"box-sizing: border-box; outline: none !important;\">&#8211; Konsol aynas\u0131, mod\u00fcl \u00fczerine montaj yap\u0131labilir ayn\u0131 zamanda duvara as\u0131labilir olarak tasarlanm\u0131\u015ft\u0131r.<\/div>\n<div style=\"box-sizing: border-box; outline: none !important;\">&#8211; Tv \u00fcnitesinin \u00fcst k\u0131sm\u0131nda dvd, uydu al\u0131c\u0131s\u0131 konulabilmesi i\u00e7in bo\u015f alan b\u0131rak\u0131lm\u0131\u015f olup fonksiyonellik art\u0131r\u0131lm\u0131\u015ft\u0131r.<\/div>\n<div style=\"box-sizing: border-box; outline: none !important;\">&#8211; 2 y\u0131l garantilidir.<\/div>\n<div style=\"box-sizing: border-box; outline: none !important;\">&#8211; Alvin yemek odas\u0131 tak\u0131m\u0131n\u0131, Alvin yatak odas\u0131 ve koltuk tak\u0131m\u0131 ile kombine ederek evinizde \u015f\u0131kl\u0131k ve b\u00fct\u00fcnl\u00fck olu\u015fturabilirsiniz.<\/div>\n<div style=\"box-sizing: border-box; outline: none !important;\">&#8211; Aksesuarlar dekor ama\u00e7l\u0131 kullan\u0131lm\u0131\u015f olup, fiyata dahil de\u011fildir.<\/div>\n<div style=\"box-sizing: border-box; outline: none !important;\">&#8211; \u00dcr\u00fcn\u00fcm\u00fcze web sitemiz \u00fczerinden yada size en yak\u0131n modalife ma\u011fazas\u0131ndan ula\u015fabilirsiniz.<\/div>\n<div style=\"box-sizing: border-box; outline: none !important;\">&nbsp;<\/div>\n<div style=\"box-sizing: border-box; outline: none !important;\"><span style=\"box-sizing: border-box; outline: none !important; font-weight: bold;\">STAR M\u0130D\u0130 KOLTUK TAKIMI<\/span><\/div>\n<div style=\"box-sizing: border-box; outline: none !important;\">\n<div style=\"box-sizing: border-box; color: rgb(25, 33, 49); font-family: poppins, sans-serif; outline: none !important;\">&#8211; Star midi koltuk tak\u0131m\u0131, yal\u0131n ve \u015f\u0131k tasar\u0131m\u0131, kendine \u00f6zg\u00fcn kol yap\u0131s\u0131 ve minimal tarz\u0131 ile uzun y\u0131llar modas\u0131 ge\u00e7meden keyfini s\u00fcrebilece\u011finiz bir koltuk tak\u0131m\u0131d\u0131r..<\/div>\n<div style=\"box-sizing: border-box; color: rgb(25, 33, 49); font-family: poppins, sans-serif; outline: none !important;\">&#8211; Star Koltuk tak\u0131m\u0131m\u0131z 3+3+1 \u015feklindedir.<\/div>\n<div style=\"box-sizing: border-box; color: rgb(25, 33, 49); font-family: poppins, sans-serif; outline: none !important;\">&#8211; Star Koltuk Tak\u0131m\u0131 yatakl\u0131 ve sand\u0131kl\u0131d\u0131r..<\/div>\n<div style=\"box-sizing: border-box; color: rgb(25, 33, 49); font-family: poppins, sans-serif; outline: none !important;\">&#8211; Minimal yap\u0131s\u0131 sayesinde, dar mekanlar da daha kullan\u0131\u015fl\u0131 alan sa\u011flamak ile birlikte, ayn\u0131 zamanda da rahat konforlu bir oturum sa\u011flar.<\/div>\n<div style=\"box-sizing: border-box; color: rgb(25, 33, 49); font-family: poppins, sans-serif; outline: none !important;\">&#8211; Zarif yap\u0131s\u0131, keten dokulu kuma\u015flar\u0131, yumu\u015fak ge\u00e7i\u015fli renkleri ile her tarz mobilya ya uyum sa\u011flar.<\/div>\n<div style=\"box-sizing: border-box; color: rgb(25, 33, 49); font-family: poppins, sans-serif; outline: none !important;\">&#8211; \u00dc\u00e7l\u00fc \u00fcnitelerinde misafirlerinizi rahat\u00e7a a\u011f\u0131rlayabilece\u011finiz yatak olabilme ve fazla e\u015fyalar\u0131n\u0131z\u0131 depolama imkan\u0131 sa\u011flayan baza uygulamas\u0131 yap\u0131lm\u0131\u015ft\u0131r..<\/div>\n<div style=\"box-sizing: border-box; color: rgb(25, 33, 49); font-family: poppins, sans-serif; outline: none !important;\">&#8211; \u00d6zel tasar\u0131m y\u00fcksek aya\u011f\u0131 sayesinde, yerinden \u00e7ekmeden bulundu\u011fu zemini temizleme imkan\u0131 sunar. Ayr\u0131ca \u00fcr\u00fcn\u00fcn daha uzun s\u00fcreli kullan\u0131lmas\u0131 i\u00e7in gizli ayaklar ile a\u011f\u0131r y\u00fcke kar\u015f\u0131 desteklenmi\u015ftir.<\/div>\n<div style=\"box-sizing: border-box; color: rgb(25, 33, 49); font-family: poppins, sans-serif; outline: none !important;\">&#8211; Her t\u00fcrl\u00fc ko\u015fulda mukavemetinin tam ve \u00f6mr\u00fcn\u00fcn uzun olmas\u0131 i\u00e7in iskeletin t\u00fcm destek noktalar\u0131 kontrplaktan, a\u011f\u0131rl\u0131k noktalar\u0131 ise metal kutu profilden imal edilmi\u015ftir. T\u00fcm kesim i\u015flemleri standart \u00f6l\u00e7\u00fc ve i\u015f\u00e7ili\u011fi yakalamas\u0131 ad\u0131na CNC makinalarda i\u015flem g\u00f6rmektedir.<\/div>\n<div style=\"box-sizing: border-box; color: rgb(25, 33, 49); font-family: poppins, sans-serif; outline: none !important;\">&#8211; Oturum ve s\u0131rt (yaslanma) ve k\u0131rlent b\u00f6l\u00fcm\u00fcnde 210 gr\/m2 kalitesinde \u00e7\u00f6zg\u00fcl\u00fc \u00f6rme teknolojisi ile \u00fcretilen yeli kuma\u015flar uygulanmaktad\u0131r.<\/div>\n<\/div>\n<\/div>\n<\/div>\n<div>\n\t<\/div>\n<table style=\"border-collapse: collapse; width: 100%; height: 90px;\">\n<tbody>\n<tr style=\"height: 18px;\">\n<td style=\"text-align: center; border-width: 1px; border-style: solid; height: 18px;\"><span style=\"font-weight: bold;\">Alvin Salon Paketi<\/span><\/td>\n<td style=\"text-align: center; border-width: 1px; border-style: solid; height: 18px;\"><span style=\"font-weight: bold;\">&nbsp;Geni\u015flik<\/span><\/td>\n<td style=\"text-align: center; border-width: 1px; border-style: solid; height: 18px;\"><span style=\"font-weight: bold;\">&nbsp;Y\u00fckseklik<\/span><\/td>\n<td style=\"text-align: center; border-width: 1px; border-style: solid; height: 18px;\"><span style=\"font-weight: bold;\">&nbsp;Derinlik<\/span><\/td>\n<\/tr>\n<tr style=\"height: 18px;\">\n<td style=\"text-align: center; border-width: 1px; border-style: solid; height: 18px;\"><span style=\"font-weight: bold;\">Konsol&nbsp;<\/span><\/td>\n<td style=\"text-align: center; border-width: 1px; border-style: solid; height: 18px;\">159 cm&nbsp;<\/td>\n<td style=\"text-align: center; border-width: 1px; border-style: solid; height: 18px;\">138 cm<\/td>\n<td style=\"text-align: center; border-width: 1px; border-style: solid; height: 18px;\">40 cm&nbsp;<\/td>\n<\/tr>\n<tr style=\"height: 18px;\">\n<td style=\"text-align: center; border-width: 1px; border-style: solid; height: 18px;\"><span style=\"font-weight: bold;\">&nbsp;Tv Sehpas\u0131<\/span><\/td>\n<td style=\"text-align: center; border-width: 1px; border-style: solid; height: 18px;\">90 cm&nbsp;<\/td>\n<td style=\"text-align: center; border-width: 1px; border-style: solid; height: 18px;\">52 cm<\/td>\n<td style=\"text-align: center; border-width: 1px; border-style: solid; height: 18px;\">40 cm&nbsp;<\/td>\n<\/tr>\n<tr style=\"height: 18px;\">\n<td style=\"text-align: center; border-width: 1px; border-style: solid; height: 18px;\"><span style=\"font-weight: bold;\">Masa<\/span><\/td>\n<td style=\"text-align: center; border-width: 1px; border-style: solid; height: 18px;\">138 cm&nbsp;<\/td>\n<td style=\"text-align: center; border-width: 1px; border-style: solid; height: 18px;\">76 cm&nbsp;<\/td>\n<td style=\"text-align: center; border-width: 1px; border-style: solid; height: 18px;\">90 cm<\/td>\n<\/tr>\n<tr style=\"height: 18px;\">\n<td style=\"text-align: center; border-width: 1px; border-style: solid; height: 18px;\"><span style=\"font-weight: bold;\">Sandalye<\/span><\/td>\n<td style=\"text-align: center; border-width: 1px; border-style: solid; height: 18px;\">55 cm<\/td>\n<td style=\"text-align: center; border-width: 1px; border-style: solid; height: 18px;\">88 cm<\/td>\n<td style=\"text-align: center; border-width: 1px; border-style: solid; height: 18px;\">49 cm<\/td>\n<\/tr>\n<tr style=\"height: 18px;\">\n<td style=\"text-align: center; border-width: 1px; border-style: solid; height: 18px;\"><span style=\"font-weight: bold;\">&nbsp;\u00dc\u00e7l\u00fc Koltuk<\/span><\/td>\n<td style=\"text-align: center; border-width: 1px; border-style: solid; height: 18px;\">214 cm<\/td>\n<td style=\"text-align: center; border-width: 1px; border-style: solid; height: 18px;\">82 cm<\/td>\n<td style=\"text-align: center; border-width: 1px; border-style: solid; height: 18px;\">79 cm&nbsp;<\/td>\n<\/tr>\n<tr style=\"height: 18px;\">\n<td style=\"text-align: center; border-width: 1px; border-style: solid; height: 18px;\"><span style=\"font-weight: bold;\">Berjer&nbsp;<\/span><\/td>\n<td style=\"text-align: center; border-width: 1px; border-style: solid; height: 18px;\">89 cm<\/td>\n<td style=\"text-align: center; border-width: 1px; border-style: solid; height: 18px;\">82 cm<\/td>\n<td style=\"text-align: center; border-width: 1px; border-style: solid; height: 18px;\">79 cm&nbsp;<\/td>\n<\/tr>\n<\/tbody>\n<\/table>\n<p><a href=\"https:\/\/www.modalife.com\/urun\/alvin-salon-paketi\"><strong>\u00dcr\u00fcne Git<\/strong><\/a><\/p>\n","protected":false},"excerpt":{"rendered":"<p>ALV\u0130N YEMEK ODASI TAKIMI &#8211; Alvin yemek odas\u0131 tak\u0131m\u0131m\u0131z konsol, tv \u00fcnitesi, masa ve 6 adet sandalyeden olu\u015fmaktad\u0131r.&nbsp; &#8211; Kullan\u0131lan malzemeler \u00e7izilme ve s\u00fcrt\u00fcnmeye kar\u015f\u0131 dayan\u0131kl\u0131d\u0131r. &#8211; Renk konfig\u00fcrasyonunda genel itibariyle Sar\u0131me\u015fe renk kullan\u0131lm\u0131\u015ft\u0131r. Ayta\u015f\u0131 renk uygulamas\u0131 ile kombine edilmi\u015ftir.. &#8211; Konsol aynas\u0131, mod\u00fcl \u00fczerine montaj yap\u0131labilir ayn\u0131 zamanda duvara as\u0131labilir olarak tasarlanm\u0131\u015ft\u0131r. &#8211; Tv [&hellip;]<\/p>\n","protected":false},"author":1,"featured_media":0,"comment_status":"closed","ping_status":"closed","sticky":false,"template":"","format":"standard","meta":[],"categories":[],"tags":[],"gutentor_comment":0,"_links":{"self":[{"href":"https:\/\/blog.modalife.click\/index.php?rest_route=\/wp\/v2\/posts\/4092"}],"collection":[{"href":"https:\/\/blog.modalife.click\/index.php?rest_route=\/wp\/v2\/posts"}],"about":[{"href":"https:\/\/blog.modalife.click\/index.php?rest_route=\/wp\/v2\/types\/post"}],"author":[{"embeddable":true,"href":"https:\/\/blog.modalife.click\/index.php?rest_route=\/wp\/v2\/users\/1"}],"replies":[{"embeddable":true,"href":"https:\/\/blog.modalife.click\/index.php?rest_route=%2Fwp%2Fv2%2Fcomments&post=4092"}],"version-history":[{"count":0,"href":"https:\/\/blog.modalife.click\/index.php?rest_route=\/wp\/v2\/posts\/4092\/revisions"}],"wp:attachment":[{"href":"https:\/\/blog.modalife.click\/index.php?rest_route=%2Fwp%2Fv2%2Fmedia&parent=4092"}],"wp:term":[{"taxonomy":"category","embeddable":true,"href":"https:\/\/blog.modalife.click\/index.php?rest_route=%2Fwp%2Fv2%2Fcategories&post=4092"},{"taxonomy":"post_tag","embeddable":true,"href":"https:\/\/blog.modalife.click\/index.php?rest_route=%2Fwp%2Fv2%2Ftags&post=4092"}],"curies":[{"name":"wp","href":"https:\/\/api.w.org\/{rel}","templated":true}]}}