{"id":4088,"date":"2021-06-21T12:50:25","date_gmt":"2021-06-21T09:50:25","guid":{"rendered":"http:\/\/blog.modalife.click\/?p=4088"},"modified":"2021-06-21T12:50:25","modified_gmt":"2021-06-21T09:50:25","slug":"avrupa-kose-takimi-bordo","status":"publish","type":"post","link":"https:\/\/blog.modalife.click\/?p=4088","title":{"rendered":"Avrupa K\u00f6\u015fe Tak\u0131m\u0131 &#8211; Bordo"},"content":{"rendered":"<p><img src=\"https:\/\/st1.myideasoft.com\/shop\/bo\/48\/myassets\/products\/443\/modalife-avrupa-kose-takimi-bordo.jpg?revision=1611144057\" alt=\"\" \/><\/p>\n<div>&#8211; Avrupa k\u00f6\u015fe, butik bir i\u015flem olan ve ince ustal\u0131k isteyen kendine \u00f6zg\u00fcn asimetrik diki\u015f detaylar\u0131, bu detaylar ayn\u0131 zamanda y\u00fcksek teknoloji diki\u015f makinalar\u0131 ve vardola ip sayesinde uygulamas\u0131 yap\u0131labilmektedir.<\/div>\n<div>&#8211; Geni\u015f uzan k\u0131sm\u0131 sayesinde \u00e7iftleri birbirinden ay\u0131rmadan rahat\u00e7a tv izlemesini ve ekstra konforu sayesinde dinlenmelerini sa\u011flayacakt\u0131r.<\/div>\n<div>&#8211; Tasar\u0131m\u0131ndaki yal\u0131n detaylar ise sizi hem k\u0131rlent karma\u015fas\u0131ndan kurtaracak, hem de, g\u00f6n\u00fcl rahatl\u0131\u011f\u0131 ile kullanabilece\u011finiz, rahat ve konforlu bir oturum sa\u011flayacakt\u0131r. Bu sebepten dolay\u0131 g\u00fcnl\u00fck oturmak i\u00e7in \u00e7ok ideal bir koltuk tak\u0131md\u0131r.<\/div>\n<div>&#8211; Farkl\u0131 \u00f6zel tasar\u0131m y\u00fcksek aya\u011f\u0131 sayesinde, yerinden \u00e7ekmeden bulundu\u011fu zemini temizleme imkan\u0131 sunar. Ayr\u0131ca \u00fcr\u00fcn\u00fcn daha uzun s\u00fcreli kullan\u0131lmas\u0131 i\u00e7in gizli ayaklar ile a\u011f\u0131r y\u00fcke kar\u015f\u0131 desteklenmi\u015ftir.<\/div>\n<div>&#8211; Her t\u00fcrl\u00fc ko\u015fulda mukavemetinin tam ve \u00f6mr\u00fcn\u00fcn uzun olmas\u0131 i\u00e7in iskeletin t\u00fcm destek noktalar\u0131 kontrplaktan, a\u011f\u0131rl\u0131k noktalar\u0131 ise metal kutu profilden imal edilmi\u015ftir. T\u00fcm kesim i\u015flemleri standart \u00f6l\u00e7\u00fc ve i\u015f\u00e7ili\u011fi yakalamas\u0131 ad\u0131na CNC makinalarda i\u015flem g\u00f6rmektedir.<\/div>\n<div>&#8211; \u00dc\u00e7l\u00fc oturum ve s\u0131rt (yaslanma) b\u00f6l\u00fcm\u00fcnde 320 gr\/m2 kalitesinde yumu\u015fak tu\u015feli bronzing teknolojisi ile \u00fcretilen ithal nubuk efektli kuma\u015flar uygulanmaktad\u0131r.<\/div>\n<div>K\u0131rlentlerinde ise 310 gr\/m2 kalitesinde dijital bask\u0131 y\u00f6ntemi ile \u00fcretilen ekose desen kullan\u0131lm\u0131\u015ft\u0131r.<\/div>\n<div>&#8211; \u0130thal kuma\u015f, y\u00fczeyinde olu\u015fan \u00e7ay, kahve gibi lekelin yaln\u0131zca su ve hidrofil bir bez yard\u0131m\u0131yla kolayl\u0131kla temizlenebilmesini sa\u011flar.<\/div>\n<div>\u00d6zel \u00fcretilmi\u015f kendine has tu\u015fesi ile \u00e7ok yumu\u015fak ve ipeksi bir dokuya sahiptir.<\/div>\n<div>&nbsp;<\/div>\n<div>\n<table style=\"border-collapse:collapse;width:100%;\">\n<tbody>\n<tr>\n<td style=\"text-align: center; border-width: 1px; border-style: solid;\"><span style=\"font-weight: bold;\">&nbsp;Avrupa K\u00f6\u015fe Tak\u0131m\u0131<\/span><\/td>\n<td style=\"text-align: center; border-width: 1px; border-style: solid;\"><span style=\"font-weight: bold;\">&nbsp;Geni\u015flik<\/span><\/td>\n<td style=\"text-align: center; border-width: 1px; border-style: solid;\"><span style=\"font-weight: bold;\">&nbsp;Y\u00fckseklik<\/span><\/td>\n<td style=\"text-align: center; border-width: 1px; border-style: solid;\"><span style=\"font-weight: bold;\">&nbsp;Derinlik<\/span><\/td>\n<\/tr>\n<tr>\n<td style=\"text-align: center; border-width: 1px; border-style: solid;\">&nbsp;Yatay B\u00f6l\u00fcm<\/td>\n<td style=\"text-align: center; border-width: 1px; border-style: solid;\">&nbsp;282 cm<\/td>\n<td style=\"text-align: center; border-width: 1px; border-style: solid;\">&nbsp;74 cm<\/td>\n<td style=\"text-align: center; border-width: 1px; border-style: solid;\">83 cm&nbsp;<\/td>\n<\/tr>\n<tr>\n<td style=\"text-align: center; border-width: 1px; border-style: solid;\">&nbsp;Uzanmal\u0131 B\u00f6l\u00fcm<\/td>\n<td style=\"text-align: center; border-width: 1px; border-style: solid;\">&nbsp;106 cm<\/td>\n<td style=\"text-align: center; border-width: 1px; border-style: solid;\">&nbsp;74 cm<\/td>\n<td style=\"text-align: center; border-width: 1px; border-style: solid;\">151 cm&nbsp;<\/td>\n<\/tr>\n<\/tbody>\n<\/table>\n<\/div>\n<p><iframe width='560' height='315' src='https:\/\/www.youtube.com\/embed\/hFP7ZaJGQac?controls=0' title='YouTube video player' frameborder='0'allow='accelerometer; clipboard-write; encrypted-media; gyroscope; picture-in-picture'allowfullscreen><\/iframe><br \/>\n<a href=\"https:\/\/www.modalife.com\/urun\/avrupa-kose-takimi-yatakli\"><strong>\u00dcr\u00fcne Git<\/strong><\/a><\/p>\n","protected":false},"excerpt":{"rendered":"<p>&#8211; Avrupa k\u00f6\u015fe, butik bir i\u015flem olan ve ince ustal\u0131k isteyen kendine \u00f6zg\u00fcn asimetrik diki\u015f detaylar\u0131, bu detaylar ayn\u0131 zamanda y\u00fcksek teknoloji diki\u015f makinalar\u0131 ve vardola ip sayesinde uygulamas\u0131 yap\u0131labilmektedir. &#8211; Geni\u015f uzan k\u0131sm\u0131 sayesinde \u00e7iftleri birbirinden ay\u0131rmadan rahat\u00e7a tv izlemesini ve ekstra konforu sayesinde dinlenmelerini sa\u011flayacakt\u0131r. &#8211; Tasar\u0131m\u0131ndaki yal\u0131n detaylar ise sizi hem k\u0131rlent [&hellip;]<\/p>\n","protected":false},"author":1,"featured_media":0,"comment_status":"closed","ping_status":"closed","sticky":false,"template":"","format":"standard","meta":[],"categories":[],"tags":[],"gutentor_comment":0,"_links":{"self":[{"href":"https:\/\/blog.modalife.click\/index.php?rest_route=\/wp\/v2\/posts\/4088"}],"collection":[{"href":"https:\/\/blog.modalife.click\/index.php?rest_route=\/wp\/v2\/posts"}],"about":[{"href":"https:\/\/blog.modalife.click\/index.php?rest_route=\/wp\/v2\/types\/post"}],"author":[{"embeddable":true,"href":"https:\/\/blog.modalife.click\/index.php?rest_route=\/wp\/v2\/users\/1"}],"replies":[{"embeddable":true,"href":"https:\/\/blog.modalife.click\/index.php?rest_route=%2Fwp%2Fv2%2Fcomments&post=4088"}],"version-history":[{"count":0,"href":"https:\/\/blog.modalife.click\/index.php?rest_route=\/wp\/v2\/posts\/4088\/revisions"}],"wp:attachment":[{"href":"https:\/\/blog.modalife.click\/index.php?rest_route=%2Fwp%2Fv2%2Fmedia&parent=4088"}],"wp:term":[{"taxonomy":"category","embeddable":true,"href":"https:\/\/blog.modalife.click\/index.php?rest_route=%2Fwp%2Fv2%2Fcategories&post=4088"},{"taxonomy":"post_tag","embeddable":true,"href":"https:\/\/blog.modalife.click\/index.php?rest_route=%2Fwp%2Fv2%2Ftags&post=4088"}],"curies":[{"name":"wp","href":"https:\/\/api.w.org\/{rel}","templated":true}]}}