{"id":4079,"date":"2021-05-20T23:35:43","date_gmt":"2021-05-20T20:35:43","guid":{"rendered":"http:\/\/blog.modalife.click\/?p=4079"},"modified":"2021-05-20T23:35:43","modified_gmt":"2021-05-20T20:35:43","slug":"blueline-midi-koltuk-takimi-gri","status":"publish","type":"post","link":"https:\/\/blog.modalife.click\/?p=4079","title":{"rendered":"Blueline Midi Koltuk Tak\u0131m\u0131 &#8211; Gri"},"content":{"rendered":"<p><img src=\"https:\/\/st3.myideasoft.com\/shop\/bo\/48\/myassets\/products\/475\/blueline-midi-koltuk-takimi-yatakli-gri.jpg?revision=1608889284\" alt=\"\" \/><\/p>\n<div>\n<div style=\"box-sizing: border-box; color: rgb(25, 33, 49); font-family: Poppins, sans-serif; outline: none !important;\">&#8211; Estetik Detaylar\u0131yla G\u00f6z al\u0131c\u0131 Bir Tasar\u0131ma sahip olan Blueline koltuk tak\u0131m\u0131 2 adet \u00fc\u00e7l\u00fc, 1 adet tekli koltuktan olu\u015fmaktad\u0131r. Tak\u0131ma iste\u011fe ba\u011fl\u0131 olarak ortasehpa da eklenebilir<\/div>\n<div style=\"box-sizing: border-box; color: rgb(25, 33, 49); font-family: Poppins, sans-serif; outline: none !important;\">&#8211; S\u0131rt b\u00f6l\u00fcm\u00fcndeki mekanizmalar sayesinde, her bir mod\u00fcl\u00fc ba\u011f\u0131ms\u0131z \u015fekilde hareket ettirerek ister rahat geni\u015f bir oturum, isterseniz de misafirlerinizi rahat\u00e7a a\u011f\u0131rlayabilece\u011finiz bir yatak elde edebilirsiniz.<\/div>\n<div style=\"box-sizing: border-box; color: rgb(25, 33, 49); font-family: Poppins, sans-serif; outline: none !important;\">&#8211; \u00dc\u00e7l\u00fc koltuklar\u0131n s\u0131rt ve d\u0131\u015f kol k\u0131s\u0131mlar\u0131nda, berjerinde ise s\u0131rt bel k\u0131sm\u0131nda dikey desenli kapitone diki\u015f uygulamas\u0131 yap\u0131larak \u00fcrene g\u00f6rsel a\u00e7\u0131dan zenginlik kazand\u0131r\u0131lm\u0131\u015ft\u0131r.<\/div>\n<div style=\"box-sizing: border-box; color: rgb(25, 33, 49); font-family: Poppins, sans-serif; outline: none !important;\">&#8211; Modern \u015f\u0131k ve spor hatl\u0131 berjeri v\u00fccut \u015fekline ve a\u011f\u0131rl\u0131\u011f\u0131na g\u00f6re m\u00fckemmel adapte olur ve v\u00fccut k\u0131vr\u0131mlar\u0131n\u0131 destekleyerek do\u011fru omurga deste\u011fi sa\u011flar, bu sayede size ultra rahat bir oturum ve yaslanma sunar<\/div>\n<div style=\"box-sizing: border-box; color: rgb(25, 33, 49); font-family: Poppins, sans-serif; outline: none !important;\">&#8211; \u00d6zel tasar\u0131m bak\u0131r ve ah\u015fap kontrast tonlar\u0131ndaki y\u00fcksek aya\u011f\u0131 sayesinde, \u00fcr\u00fcn\u00fc yerinden \u00e7ekmeden bulundu\u011fu zemini temizleme imkan\u0131 sunar. Ayr\u0131ca \u00fcr\u00fcn\u00fcn daha uzun s\u00fcreli kullan\u0131lmas\u0131 i\u00e7in gizli ayaklar ile a\u011f\u0131r y\u00fcke kar\u015f\u0131 desteklenmi\u015ftir.<\/div>\n<div style=\"box-sizing: border-box; color: rgb(25, 33, 49); font-family: Poppins, sans-serif; outline: none !important;\">&#8211; Her t\u00fcrl\u00fc ko\u015fulda mukavemetinin tam ve \u00f6mr\u00fcn\u00fcn uzun olmas\u0131 i\u00e7in iskeletin a\u011f\u0131rl\u0131k noktalar\u0131 metal kutu profilden imal edilmi\u015ftir.<\/div>\n<div style=\"box-sizing: border-box; color: rgb(25, 33, 49); font-family: Poppins, sans-serif; outline: none !important;\">&#8211; \u00dcr\u00fcn\u00fcn koltuklar\u0131nda ve berjerinde ithal nubuk efektli kuma\u015flar uygulanmaktad\u0131r.<\/div>\n<div style=\"box-sizing: border-box; color: rgb(25, 33, 49); font-family: Poppins, sans-serif; outline: none !important;\">&#8211; Nubuk kuma\u015f, y\u00fczeyinde olu\u015fan \u00e7ay, kahve gibi lekelin yaln\u0131zca su ve hidrofil bir bez yard\u0131m\u0131yla kolayl\u0131kla temizlenebilmesini sa\u011flar.<\/div>\n<div style=\"box-sizing: border-box; color: rgb(25, 33, 49); font-family: Poppins, sans-serif; outline: none !important;\">&#8211; \u00d6zel \u00fcretilmi\u015f kendine has tu\u015fesi ile \u00e7ok yumu\u015fak ve ipeksi bir dokuya sahiptir.<\/div>\n<div style=\"box-sizing: border-box; color: rgb(25, 33, 49); font-family: Poppins, sans-serif; outline: none !important;\">&#8211; Blueline koltuk tak\u0131m\u0131n\u0131, Blueline yemek odas\u0131 ve Blueline yatak odas\u0131 tak\u0131m\u0131 ile kombine ederek evinizde \u015f\u0131kl\u0131k ve b\u00fct\u00fcnl\u00fck olu\u015fturabilirsiniz.<\/div>\n<div style=\"box-sizing: border-box; color: rgb(25, 33, 49); font-family: Poppins, sans-serif; outline: none !important;\">&#8211; Blueline koltuk tak\u0131m\u0131na web sitemiz \u00fczerinden yada size en yak\u0131n modalife ma\u011fazalar\u0131ndan ula\u015fabilirsiniz.<span style=\"color: rgb(0, 0, 0); font-family: Verdana, Arial, Helvetica;\">&nbsp;<\/span><\/div>\n<\/div>\n<div>&nbsp;<\/div>\n<div>\n<table style=\"border-collapse: collapse; width: 100%; height: 90px;\">\n<tbody>\n<tr style=\"height: 18px;\">\n<td style=\"text-align: center; border-width: 1px; border-style: solid; height: 18px;\"><span style=\"font-weight: bold;\">Blueline Midi Koltuk Tak\u0131m\u0131<\/span><\/td>\n<td style=\"text-align: center; border-width: 1px; border-style: solid; height: 18px;\"><span style=\"font-weight: bold;\">&nbsp;Geni\u015flik<\/span><\/td>\n<td style=\"text-align: center; border-width: 1px; border-style: solid; height: 18px;\"><span style=\"font-weight: bold;\">&nbsp;Y\u00fckseklik<\/span><\/td>\n<td style=\"text-align: center; border-width: 1px; border-style: solid; height: 18px;\"><span style=\"font-weight: bold;\">&nbsp;Derinlik<\/span><\/td>\n<\/tr>\n<tr style=\"height: 18px;\">\n<td style=\"text-align: center; border-width: 1px; border-style: solid; height: 18px;\"><span style=\"font-weight: bold;\">&nbsp;\u00dc\u00e7l\u00fc Koltuk<\/span><\/td>\n<td style=\"text-align: center; border-width: 1px; border-style: solid; height: 18px;\">223 cm<\/td>\n<td style=\"text-align: center; border-width: 1px; border-style: solid; height: 18px;\">80 cm<\/td>\n<td style=\"text-align: center; border-width: 1px; border-style: solid; height: 18px;\">96 cm&nbsp;<\/td>\n<\/tr>\n<tr style=\"height: 18px;\">\n<td style=\"text-align: center; border-width: 1px; border-style: solid; height: 18px;\"><span style=\"font-weight: bold;\">Berjer&nbsp;<\/span><\/td>\n<td style=\"text-align: center; border-width: 1px; border-style: solid; height: 18px;\">86 cm<\/td>\n<td style=\"text-align: center; border-width: 1px; border-style: solid; height: 18px;\">103 cm<\/td>\n<td style=\"text-align: center; border-width: 1px; border-style: solid; height: 18px;\">83 cm&nbsp;<\/td>\n<\/tr>\n<\/tbody>\n<\/table>\n<\/div>\n<div style=\"text-align: left; box-sizing: border-box; color: rgb(25, 33, 49); font-family: Poppins, sans-serif; outline: none !important;\">\n\t<\/div>\n<div class=\"product-detail-content\">\n<div class=\"row\">\n<div class=\"col-lg-4\">\n<div class=\"product-detail-info\">            <\/div>\n<\/p><\/div>\n<\/p><\/div>\n<\/div>\n<p align=\"center\"><img loading=\"lazy\" border=\"0\" src=\"\/class\/INNOVAEditor\/assets\/uruniciresim\/blueline\/bluelineolcu.jpg\" width=\"1000\" height=\"403\" \/><\/p>\n<p><center><iframe width='560' height='315' src='https:\/\/www.youtube.com\/embed\/g6rcXVzgrg0' frameborder='0' allow='accelerometer; autoplay; clipboard-write; encrypted-media; gyroscope; picture-in-picture' allowfullscreen><\/iframe><\/center><br \/>\n<a href=\"https:\/\/www.modalife.com\/urun\/blueline-midi-koltuk-takimi\"><strong>\u00dcr\u00fcne Git<\/strong><\/a><\/p>\n","protected":false},"excerpt":{"rendered":"<p>&#8211; Estetik Detaylar\u0131yla G\u00f6z al\u0131c\u0131 Bir Tasar\u0131ma sahip olan Blueline koltuk tak\u0131m\u0131 2 adet \u00fc\u00e7l\u00fc, 1 adet tekli koltuktan olu\u015fmaktad\u0131r. Tak\u0131ma iste\u011fe ba\u011fl\u0131 olarak ortasehpa da eklenebilir &#8211; S\u0131rt b\u00f6l\u00fcm\u00fcndeki mekanizmalar sayesinde, her bir mod\u00fcl\u00fc ba\u011f\u0131ms\u0131z \u015fekilde hareket ettirerek ister rahat geni\u015f bir oturum, isterseniz de misafirlerinizi rahat\u00e7a a\u011f\u0131rlayabilece\u011finiz bir yatak elde edebilirsiniz. &#8211; \u00dc\u00e7l\u00fc [&hellip;]<\/p>\n","protected":false},"author":1,"featured_media":0,"comment_status":"closed","ping_status":"closed","sticky":false,"template":"","format":"standard","meta":[],"categories":[],"tags":[],"gutentor_comment":0,"_links":{"self":[{"href":"https:\/\/blog.modalife.click\/index.php?rest_route=\/wp\/v2\/posts\/4079"}],"collection":[{"href":"https:\/\/blog.modalife.click\/index.php?rest_route=\/wp\/v2\/posts"}],"about":[{"href":"https:\/\/blog.modalife.click\/index.php?rest_route=\/wp\/v2\/types\/post"}],"author":[{"embeddable":true,"href":"https:\/\/blog.modalife.click\/index.php?rest_route=\/wp\/v2\/users\/1"}],"replies":[{"embeddable":true,"href":"https:\/\/blog.modalife.click\/index.php?rest_route=%2Fwp%2Fv2%2Fcomments&post=4079"}],"version-history":[{"count":0,"href":"https:\/\/blog.modalife.click\/index.php?rest_route=\/wp\/v2\/posts\/4079\/revisions"}],"wp:attachment":[{"href":"https:\/\/blog.modalife.click\/index.php?rest_route=%2Fwp%2Fv2%2Fmedia&parent=4079"}],"wp:term":[{"taxonomy":"category","embeddable":true,"href":"https:\/\/blog.modalife.click\/index.php?rest_route=%2Fwp%2Fv2%2Fcategories&post=4079"},{"taxonomy":"post_tag","embeddable":true,"href":"https:\/\/blog.modalife.click\/index.php?rest_route=%2Fwp%2Fv2%2Ftags&post=4079"}],"curies":[{"name":"wp","href":"https:\/\/api.w.org\/{rel}","templated":true}]}}