{"id":4071,"date":"2021-05-17T22:51:36","date_gmt":"2021-05-17T19:51:36","guid":{"rendered":"http:\/\/blog.modalife.click\/?p=4071"},"modified":"2021-05-17T22:51:36","modified_gmt":"2021-05-17T19:51:36","slug":"milano-yemek-odasi-takimi","status":"publish","type":"post","link":"https:\/\/blog.modalife.click\/?p=4071","title":{"rendered":"Milano Yemek Odas\u0131 Tak\u0131m\u0131"},"content":{"rendered":"<p><img src=\"https:\/\/st1.myideasoft.com\/shop\/bo\/48\/myassets\/products\/478\/modalife-milano-yemek-odasi-takimi.jpg?revision=1618992368\" alt=\"\" \/><\/p>\n<div>\n<div>&#8211; Milano yemek odas\u0131 tak\u0131m\u0131 ile ailece bir araya geldi\u011finiz yemek saatlerine \u015f\u0131kl\u0131k ve konfor kat\u0131n!<\/div>\n<div>&#8211; Tak\u0131m\u0131m\u0131z konsol, tv \u00fcnitesi masa ve 6 adet sandalyeden olu\u015fmaktad\u0131r.<\/div>\n<div>&#8211; Renk konfig\u00fcrasyonunda genel itibariyle PALM\u0130RA renk kullan\u0131lm\u0131\u015ft\u0131r. B\u0130TTER renk uygulamas\u0131 ile kombine edilmi\u015ftir.<\/div>\n<div>&#8211; Kapak ve \u00e7ekmecelerde yava\u015flat\u0131c\u0131 sistem kullan\u0131lm\u0131\u015f olup h\u0131zl\u0131 \u00e7arpmalar engellenmi\u015ftir.<\/div>\n<div>&#8211; Konsol aynas\u0131, mod\u00fcl \u00fczerine montaj yap\u0131labilir ayn\u0131 zamanda duvara as\u0131labilir olarak tasarlanm\u0131\u015ft\u0131r.<\/div>\n<div>&#8211; Kapaklarda rustik siyah mat kulplar kullan\u0131larak \u00fcr\u00fcn zenginle\u015ftirilmi\u015ftir.<\/div>\n<div>&#8211; \u00c7ekmecenin \u00fcst k\u0131sm\u0131nda dvd, uydu al\u0131c\u0131s\u0131 konulabilmesi i\u00e7in bo\u015f alan b\u0131rak\u0131l\u0131p fonksiyonellik art\u0131r\u0131lm\u0131\u015ft\u0131r.<\/div>\n<div>&#8211; \u00dcr\u00fcn\u00fcm\u00fczde yerden y\u00fcksek ayak kullan\u0131lm\u0131\u015f olup siz de\u011ferli m\u00fc\u015fterilerimize temizlik kolayl\u0131\u011f\u0131 sa\u011flanm\u0131\u015ft\u0131r.<\/div>\n<div>&#8211; 2 y\u0131l garantilidir.<\/div>\n<div>&#8211; Milano yemek odas\u0131 tak\u0131m\u0131n\u0131, Milano yatak odas\u0131 ve koltuk tak\u0131m\u0131 ile kombine ederek evinizde \u015f\u0131kl\u0131k ve b\u00fct\u00fcnl\u00fck olu\u015fturabilirsiniz.<\/div>\n<div>&#8211; \u00dcr\u00fcn\u00fcm\u00fcze web sitemiz \u00fczerinden yada size en yak\u0131n modalife ma\u011fazas\u0131ndan ula\u015fabilirsiniz.<\/div>\n<div>&#8211; Aksesuarlar dekor ama\u00e7l\u0131 kullan\u0131lm\u0131\u015ft\u0131r. Fiyata dahil de\u011fildir.<\/div>\n<div>\n\t\t<\/div>\n<\/div>\n<table style=\"border-collapse: collapse; width: 100%; height: 90px;\">\n<tbody>\n<tr style=\"height: 18px;\">\n<td style=\"text-align: center; border-width: 1px; border-style: solid; height: 18px;\"><span style=\"font-weight: bold;\">Milano Yemek Odas\u0131 Tak\u0131m\u0131<\/span><\/td>\n<td style=\"text-align: center; border-width: 1px; border-style: solid; height: 18px;\"><span style=\"font-weight: bold;\">&nbsp;Geni\u015flik<\/span><\/td>\n<td style=\"text-align: center; border-width: 1px; border-style: solid; height: 18px;\"><span style=\"font-weight: bold;\">&nbsp;Y\u00fckseklik<\/span><\/td>\n<td style=\"text-align: center; border-width: 1px; border-style: solid; height: 18px;\"><span style=\"font-weight: bold;\">&nbsp;Derinlik<\/span><\/td>\n<\/tr>\n<tr style=\"height: 18px;\">\n<td style=\"text-align: center; border-width: 1px; border-style: solid; height: 18px;\"><span style=\"font-weight: bold;\">Konsol&nbsp;<\/span><\/td>\n<td style=\"text-align: center; border-width: 1px; border-style: solid; height: 18px;\">180 cm&nbsp;<\/td>\n<td style=\"text-align: center; border-width: 1px; border-style: solid; height: 18px;\">160 cm<\/td>\n<td style=\"text-align: center; border-width: 1px; border-style: solid; height: 18px;\">49 cm&nbsp;<\/td>\n<\/tr>\n<tr style=\"height: 18px;\">\n<td style=\"text-align: center; border-width: 1px; border-style: solid; height: 18px;\"><span style=\"font-weight: bold;\">&nbsp;Tv \u00dcnitesi \u00dcst Mod\u00fcl<\/span><\/td>\n<td style=\"text-align: center; border-width: 1px; border-style: solid; height: 18px;\">160 cm&nbsp;<\/td>\n<td style=\"text-align: center; border-width: 1px; border-style: solid; height: 18px;\">90 cm<\/td>\n<td style=\"text-align: center; border-width: 1px; border-style: solid; height: 18px;\">24 cm&nbsp;<\/td>\n<\/tr>\n<tr style=\"height: 18px;\">\n<td style=\"text-align: center; border-width: 1px; border-style: solid; height: 18px;\"><span style=\"font-weight: bold;\">Tv \u00dcnitesi Alt Mod\u00fcl<\/span><\/td>\n<td style=\"text-align: center; border-width: 1px; border-style: solid; height: 18px;\">180 cm&nbsp;<\/td>\n<td style=\"text-align: center; border-width: 1px; border-style: solid; height: 18px;\">40 cm&nbsp;<\/td>\n<td style=\"text-align: center; border-width: 1px; border-style: solid; height: 18px;\">40 cm&nbsp;<\/td>\n<\/tr>\n<tr style=\"height: 18px;\">\n<td style=\"text-align: center; border-width: 1px; border-style: solid; height: 18px;\"><span style=\"font-weight: bold;\">&nbsp;Masa<\/span><\/td>\n<td style=\"text-align: center; border-width: 1px; border-style: solid; height: 18px;\">164 cm<\/td>\n<td style=\"text-align: center; border-width: 1px; border-style: solid; height: 18px;\">74 cm<\/td>\n<td style=\"text-align: center; border-width: 1px; border-style: solid; height: 18px;\">90 cm<\/td>\n<\/tr>\n<\/tbody>\n<\/table>\n<p><iframe width='560' height='315' src='https:\/\/www.youtube.com\/embed\/8TSm80N6KwM' title='YouTube video player' frameborder='0' allow='accelerometer; autoplay; clipboard-write; encrypted-media; gyroscope; picture-in-picture' allowfullscreen><\/iframe><br \/>\n<a href=\"https:\/\/www.modalife.com\/urun\/milano-yemek-odasi-takimi\"><strong>\u00dcr\u00fcne Git<\/strong><\/a><\/p>\n","protected":false},"excerpt":{"rendered":"<p>&#8211; Milano yemek odas\u0131 tak\u0131m\u0131 ile ailece bir araya geldi\u011finiz yemek saatlerine \u015f\u0131kl\u0131k ve konfor kat\u0131n! &#8211; Tak\u0131m\u0131m\u0131z konsol, tv \u00fcnitesi masa ve 6 adet sandalyeden olu\u015fmaktad\u0131r. &#8211; Renk konfig\u00fcrasyonunda genel itibariyle PALM\u0130RA renk kullan\u0131lm\u0131\u015ft\u0131r. B\u0130TTER renk uygulamas\u0131 ile kombine edilmi\u015ftir. &#8211; Kapak ve \u00e7ekmecelerde yava\u015flat\u0131c\u0131 sistem kullan\u0131lm\u0131\u015f olup h\u0131zl\u0131 \u00e7arpmalar engellenmi\u015ftir. &#8211; Konsol aynas\u0131, [&hellip;]<\/p>\n","protected":false},"author":1,"featured_media":0,"comment_status":"closed","ping_status":"closed","sticky":false,"template":"","format":"standard","meta":[],"categories":[],"tags":[],"gutentor_comment":0,"_links":{"self":[{"href":"https:\/\/blog.modalife.click\/index.php?rest_route=\/wp\/v2\/posts\/4071"}],"collection":[{"href":"https:\/\/blog.modalife.click\/index.php?rest_route=\/wp\/v2\/posts"}],"about":[{"href":"https:\/\/blog.modalife.click\/index.php?rest_route=\/wp\/v2\/types\/post"}],"author":[{"embeddable":true,"href":"https:\/\/blog.modalife.click\/index.php?rest_route=\/wp\/v2\/users\/1"}],"replies":[{"embeddable":true,"href":"https:\/\/blog.modalife.click\/index.php?rest_route=%2Fwp%2Fv2%2Fcomments&post=4071"}],"version-history":[{"count":0,"href":"https:\/\/blog.modalife.click\/index.php?rest_route=\/wp\/v2\/posts\/4071\/revisions"}],"wp:attachment":[{"href":"https:\/\/blog.modalife.click\/index.php?rest_route=%2Fwp%2Fv2%2Fmedia&parent=4071"}],"wp:term":[{"taxonomy":"category","embeddable":true,"href":"https:\/\/blog.modalife.click\/index.php?rest_route=%2Fwp%2Fv2%2Fcategories&post=4071"},{"taxonomy":"post_tag","embeddable":true,"href":"https:\/\/blog.modalife.click\/index.php?rest_route=%2Fwp%2Fv2%2Ftags&post=4071"}],"curies":[{"name":"wp","href":"https:\/\/api.w.org\/{rel}","templated":true}]}}