{"id":4026,"date":"2021-04-09T19:29:47","date_gmt":"2021-04-09T16:29:47","guid":{"rendered":"http:\/\/blog.modalife.click\/?p=4026"},"modified":"2021-04-09T19:29:47","modified_gmt":"2021-04-09T16:29:47","slug":"blueline-orta-sehpa","status":"publish","type":"post","link":"https:\/\/blog.modalife.click\/?p=4026","title":{"rendered":"Blueline Orta Sehpa"},"content":{"rendered":"<p><img src=\"https:\/\/st3.myideasoft.com\/shop\/bo\/48\/myassets\/products\/493\/tekilller-moduler-04-1.jpg?revision=1549270734\" alt=\"\" \/><\/p>\n<div>&#8211; Malzemeler kullan\u0131m a\u00e7\u0131s\u0131ndan, \u00e7izilme s\u00fcrt\u00fcnmeye dayan\u0131kl\u0131 olup, kolay temizlenme \u00f6zelli\u011fine sahiptir.<\/div>\n<div>&#8211; Tak\u0131m renk konfig\u00fcrasyonunda genel itibariyle PALM\u0130RA renk kullan\u0131lm\u0131\u015ft\u0131r. MAT LAVA renk uygulamas\u0131 ile kombine edilmi\u015ftir.<\/div>\n<div>&#8211; Rustik siyah mat kulplar kullan\u0131larak estetik hava katm\u0131\u015ft\u0131r.<\/div>\n<div><\/p>\n<table style=\"border-collapse:collapse;width:100%;\">\n<tbody>\n<tr>\n<td style=\"text-align: center; border-width: 1px; border-style: solid;\"><span style=\"font-weight: bold;\">Blueline&nbsp;<\/span><\/td>\n<td style=\"text-align: center; border-width: 1px; border-style: solid;\"><span style=\"font-weight: bold;\">Geni\u015flik&nbsp;<\/span><\/td>\n<td style=\"text-align: center; border-width: 1px; border-style: solid;\"><span style=\"font-weight: bold;\">Y\u00fckseklik&nbsp;<\/span><\/td>\n<td style=\"text-align: center; border-width: 1px; border-style: solid;\"><span style=\"font-weight: bold;\">Derinlik&nbsp;<\/span><\/td>\n<\/tr>\n<tr>\n<td style=\"text-align: center; border-width: 1px; border-style: solid;\">Orta Sehpa&nbsp;<\/td>\n<td style=\"text-align: center; border-width: 1px; border-style: solid;\">100 cm&nbsp;<\/td>\n<td style=\"text-align: center; border-width: 1px; border-style: solid;\">40 cm&nbsp;<\/td>\n<td style=\"text-align: center; border-width: 1px; border-style: solid;\">60 cm&nbsp;<\/td>\n<\/tr>\n<\/tbody>\n<\/table><\/div>\n<p><a href=\"https:\/\/www.modalife.com\/urun\/blueline-orta-sehpa\"><strong>\u00dcr\u00fcne Git<\/strong><\/a><\/p>\n","protected":false},"excerpt":{"rendered":"<p>&#8211; Malzemeler kullan\u0131m a\u00e7\u0131s\u0131ndan, \u00e7izilme s\u00fcrt\u00fcnmeye dayan\u0131kl\u0131 olup, kolay temizlenme \u00f6zelli\u011fine sahiptir. &#8211; Tak\u0131m renk konfig\u00fcrasyonunda genel itibariyle PALM\u0130RA renk kullan\u0131lm\u0131\u015ft\u0131r. MAT LAVA renk uygulamas\u0131 ile kombine edilmi\u015ftir. &#8211; Rustik siyah mat kulplar kullan\u0131larak estetik hava katm\u0131\u015ft\u0131r. Blueline&nbsp; Geni\u015flik&nbsp; Y\u00fckseklik&nbsp; Derinlik&nbsp; Orta Sehpa&nbsp; 100 cm&nbsp; 40 cm&nbsp; 60 cm&nbsp; \u00dcr\u00fcne Git<\/p>\n","protected":false},"author":1,"featured_media":0,"comment_status":"closed","ping_status":"closed","sticky":false,"template":"","format":"standard","meta":[],"categories":[],"tags":[],"gutentor_comment":0,"_links":{"self":[{"href":"https:\/\/blog.modalife.click\/index.php?rest_route=\/wp\/v2\/posts\/4026"}],"collection":[{"href":"https:\/\/blog.modalife.click\/index.php?rest_route=\/wp\/v2\/posts"}],"about":[{"href":"https:\/\/blog.modalife.click\/index.php?rest_route=\/wp\/v2\/types\/post"}],"author":[{"embeddable":true,"href":"https:\/\/blog.modalife.click\/index.php?rest_route=\/wp\/v2\/users\/1"}],"replies":[{"embeddable":true,"href":"https:\/\/blog.modalife.click\/index.php?rest_route=%2Fwp%2Fv2%2Fcomments&post=4026"}],"version-history":[{"count":0,"href":"https:\/\/blog.modalife.click\/index.php?rest_route=\/wp\/v2\/posts\/4026\/revisions"}],"wp:attachment":[{"href":"https:\/\/blog.modalife.click\/index.php?rest_route=%2Fwp%2Fv2%2Fmedia&parent=4026"}],"wp:term":[{"taxonomy":"category","embeddable":true,"href":"https:\/\/blog.modalife.click\/index.php?rest_route=%2Fwp%2Fv2%2Fcategories&post=4026"},{"taxonomy":"post_tag","embeddable":true,"href":"https:\/\/blog.modalife.click\/index.php?rest_route=%2Fwp%2Fv2%2Ftags&post=4026"}],"curies":[{"name":"wp","href":"https:\/\/api.w.org\/{rel}","templated":true}]}}