{"id":4022,"date":"2021-07-03T03:26:20","date_gmt":"2021-07-03T00:26:20","guid":{"rendered":"http:\/\/blog.modalife.click\/?p=4022"},"modified":"2021-07-03T03:26:20","modified_gmt":"2021-07-03T00:26:20","slug":"milano-6-kapakli-aynali-gardirop","status":"publish","type":"post","link":"https:\/\/blog.modalife.click\/?p=4022","title":{"rendered":"Milano 6 Kapakl\u0131 Aynal\u0131 Gard\u0131rop"},"content":{"rendered":"<p><img src=\"https:\/\/st3.myideasoft.com\/shop\/bo\/48\/myassets\/products\/500\/1.jpg?revision=1549098749\" alt=\"\" \/><\/p>\n<div>&#8211; Milano 6 Kapakl\u0131 Aynal\u0131 Gard\u0131rop kolleksiyonumuzla siz kullan\u0131c\u0131lar\u0131n be\u011fenisine sunulmu\u015ftur.<\/div>\n<div>&#8211; Tak\u0131m renk konfig\u00fcrasyonunda genel itibariyle PALM\u0130RA renk kullan\u0131lm\u0131\u015ft\u0131r. MAT LAVA renk uygulamas\u0131 ile kombine edilmi\u015ftir.<\/div>\n<div>&#8211; Gard\u0131rop,i\u00e7erisinde elbiselerin depolanabilmesine olanak sa\u011flayan, rafl\u0131 b\u00f6lmeler \u00e7ekmeceler ve ledli elbise ask\u0131l\u0131klar\u0131 kullan\u0131larak fonksiyonellik artt\u0131r\u0131lm\u0131\u015ft\u0131r.<\/div>\n<div>&#8211; Dolap alt\u0131 kapakl\u0131 olup \u00e7erceve cam kapakl\u0131 ve ayna kapakl\u0131 alternatifleri bulunmaktad\u0131r.<\/div>\n<div>&#8211; \u00dcnite kapak ve \u00e7ekmecelerinde yava\u015flat\u0131c\u0131 sistem kullan\u0131lm\u0131\u015f olup, h\u0131zl\u0131 \u00e7arpmalar engellenerek \u00fcr\u00fcn fonksiyonelli\u011fi artt\u0131r\u0131lm\u0131\u015ft\u0131r..<\/div>\n<div>&#8211; Kapaklarda rustik siyah mat kulplar kullan\u0131larak estetik hava katm\u0131\u015ft\u0131r.<\/div>\n<div>&#8211; \u00dcnite kapaklar\u0131 katlan\u0131r sistem olup geni\u015f ve ferah eri\u015fim alan\u0131 sa\u011flamakla beraber zengin bir g\u00f6r\u00fcn\u00fc\u015f katmaktad\u0131r.<\/div>\n<div><\/p>\n<table style=\"text-align: center; border-collapse: collapse; width: 100%;\">\n<tbody>\n<tr>\n<td style=\"border-width: 1px; border-style: solid;\"><span style=\"font-weight: bold;\">Milano<\/span><\/td>\n<td style=\"border-width: 1px; border-style: solid;\"><span style=\"font-weight: bold;\">Geni\u015flik<\/span><\/td>\n<td style=\"border-width: 1px; border-style: solid;\"><span style=\"font-weight: bold;\">Y\u00fckseklik<\/span><\/td>\n<td style=\"border-width: 1px; border-style: solid;\"><span style=\"font-weight: bold;\">Derinlik<\/span><\/td>\n<\/tr>\n<tr>\n<td style=\"border-width: 1px; border-style: solid;\">6 Kapakl\u0131 Aynal\u0131 Gard\u0131rop<\/td>\n<td style=\"border-width: 1px; border-style: solid;\">250 cm<\/td>\n<td style=\"border-width: 1px; border-style: solid;\">213 cm<\/td>\n<td style=\"border-width: 1px; border-style: solid;\">60 cm<\/td>\n<\/tr>\n<\/tbody>\n<\/table>\n<div style=\"text-align: center;\">\n\t\t<\/div>\n<div style=\"text-align: center;\">\n\t\t<\/div>\n<\/div>\n<p><a href=\"https:\/\/www.modalife.com\/urun\/milano-6-kapakli-aynali-gardirop\"><strong>\u00dcr\u00fcne Git<\/strong><\/a><\/p>\n","protected":false},"excerpt":{"rendered":"<p>&#8211; Milano 6 Kapakl\u0131 Aynal\u0131 Gard\u0131rop kolleksiyonumuzla siz kullan\u0131c\u0131lar\u0131n be\u011fenisine sunulmu\u015ftur. &#8211; Tak\u0131m renk konfig\u00fcrasyonunda genel itibariyle PALM\u0130RA renk kullan\u0131lm\u0131\u015ft\u0131r. MAT LAVA renk uygulamas\u0131 ile kombine edilmi\u015ftir. &#8211; Gard\u0131rop,i\u00e7erisinde elbiselerin depolanabilmesine olanak sa\u011flayan, rafl\u0131 b\u00f6lmeler \u00e7ekmeceler ve ledli elbise ask\u0131l\u0131klar\u0131 kullan\u0131larak fonksiyonellik artt\u0131r\u0131lm\u0131\u015ft\u0131r. &#8211; Dolap alt\u0131 kapakl\u0131 olup \u00e7erceve cam kapakl\u0131 ve ayna kapakl\u0131 alternatifleri [&hellip;]<\/p>\n","protected":false},"author":1,"featured_media":0,"comment_status":"closed","ping_status":"closed","sticky":false,"template":"","format":"standard","meta":[],"categories":[],"tags":[],"gutentor_comment":0,"_links":{"self":[{"href":"https:\/\/blog.modalife.click\/index.php?rest_route=\/wp\/v2\/posts\/4022"}],"collection":[{"href":"https:\/\/blog.modalife.click\/index.php?rest_route=\/wp\/v2\/posts"}],"about":[{"href":"https:\/\/blog.modalife.click\/index.php?rest_route=\/wp\/v2\/types\/post"}],"author":[{"embeddable":true,"href":"https:\/\/blog.modalife.click\/index.php?rest_route=\/wp\/v2\/users\/1"}],"replies":[{"embeddable":true,"href":"https:\/\/blog.modalife.click\/index.php?rest_route=%2Fwp%2Fv2%2Fcomments&post=4022"}],"version-history":[{"count":0,"href":"https:\/\/blog.modalife.click\/index.php?rest_route=\/wp\/v2\/posts\/4022\/revisions"}],"wp:attachment":[{"href":"https:\/\/blog.modalife.click\/index.php?rest_route=%2Fwp%2Fv2%2Fmedia&parent=4022"}],"wp:term":[{"taxonomy":"category","embeddable":true,"href":"https:\/\/blog.modalife.click\/index.php?rest_route=%2Fwp%2Fv2%2Fcategories&post=4022"},{"taxonomy":"post_tag","embeddable":true,"href":"https:\/\/blog.modalife.click\/index.php?rest_route=%2Fwp%2Fv2%2Ftags&post=4022"}],"curies":[{"name":"wp","href":"https:\/\/api.w.org\/{rel}","templated":true}]}}