{"id":4020,"date":"2021-05-13T16:09:20","date_gmt":"2021-05-13T13:09:20","guid":{"rendered":"http:\/\/blog.modalife.click\/?p=4020"},"modified":"2021-05-13T16:09:20","modified_gmt":"2021-05-13T13:09:20","slug":"milano-tv-unitesi","status":"publish","type":"post","link":"https:\/\/blog.modalife.click\/?p=4020","title":{"rendered":"Milano Tv \u00dcnitesi"},"content":{"rendered":"<p><img src=\"https:\/\/st3.myideasoft.com\/shop\/bo\/48\/myassets\/products\/503\/1.jpg?revision=1548762948\" alt=\"\" \/><\/p>\n<div>&#8211; Malzemeler kullan\u0131m a\u00e7\u0131s\u0131ndan, \u00e7izilme s\u00fcrt\u00fcnmeye dayan\u0131kl\u0131 olup, kolay temizlenme \u00f6zelli\u011fine sahiptir.<\/div>\n<div>&#8211; Tak\u0131m renk konfig\u00fcrasyonunda genel itibariyle PALM\u0130RA renk kullan\u0131lm\u0131\u015ft\u0131r. MAT LAVA renk uygulamas\u0131 ile kombine edilmi\u015ftir.<\/div>\n<div>&#8211; \u00dcr\u00fcnde iki adet \u00e7ekmece, bir adet sergileme raf\u0131 bulunan \u00fcst mod\u00fcl ve kitapl\u0131k mod\u00fcl\u00fcnden meydana gelmektedir.<\/div>\n<div>&#8211; Kapaklarda rustik siyah mat kulplar kullan\u0131larak estetik hava katm\u0131\u015ft\u0131r..<\/div>\n<div>&#8211; \u00c7ekmecenin \u00fcst k\u0131sm\u0131nda dvd, uydu al\u0131c\u0131s\u0131 konulabilmesi i\u00e7in bo\u015f alan fonksiyonellik artt\u0131r\u0131lm\u0131\u015ft\u0131r..<\/div>\n<div>&#8211; \u00dcnitelerde siyah mat demir y\u00fcksek ayak kullan\u0131lm\u0131\u015f olup, temizlik kolayl\u0131\u011f\u0131 sa\u011flanm\u0131\u015ft\u0131r.<\/div>\n<div>&#8211; \u00dcnite kapak ve \u00e7ekmecelerinde yava\u015flat\u0131c\u0131 sistem kullan\u0131lm\u0131\u015f olup, h\u0131zl\u0131 \u00e7arpmalar engellenerek \u00fcr\u00fcn fonksiyonelli\u011fi artt\u0131r\u0131lm\u0131\u015ft\u0131r.<\/div>\n<div><\/p>\n<table style=\"text-align: center; border-collapse: collapse; width: 100%;\">\n<tbody>\n<tr>\n<td style=\"border-width: 1px; border-style: solid;\"><span style=\"font-weight: bold;\">Milano TV \u00dcnitesi<\/span><\/td>\n<td style=\"border-width: 1px; border-style: solid;\"><span style=\"font-weight: bold;\">Geni\u015flik<\/span><\/td>\n<td style=\"border-width: 1px; border-style: solid;\"><span style=\"font-weight: bold;\">Y\u00fckseklik<\/span><\/td>\n<td style=\"border-width: 1px; border-style: solid;\"><span style=\"font-weight: bold;\">Derinlik<\/span><\/td>\n<\/tr>\n<tr>\n<td style=\"border-width: 1px; border-style: solid;\">\u00dcst Mod\u00fcl<\/td>\n<td style=\"border-width: 1px; border-style: solid;\">160 cm<\/td>\n<td style=\"border-width: 1px; border-style: solid;\">90 cm<\/td>\n<td style=\"border-width: 1px; border-style: solid;\">24 cm<\/td>\n<\/tr>\n<tr>\n<td style=\"border-width: 1px; border-style: solid;\">Alt Mod\u00fcl<\/td>\n<td style=\"border-width: 1px; border-style: solid;\">180 cm<\/td>\n<td style=\"border-width: 1px; border-style: solid;\">40 cm<\/td>\n<td style=\"border-width: 1px; border-style: solid;\">40 cm<\/td>\n<\/tr>\n<\/tbody>\n<\/table>\n<div style=\"text-align: center;\">\n\t\t<\/div>\n<div style=\"text-align: center;\">\n\t\t<\/div>\n<\/div>\n<p><a href=\"https:\/\/www.modalife.com\/urun\/milano-tv-unitesi\"><strong>\u00dcr\u00fcne Git<\/strong><\/a><\/p>\n","protected":false},"excerpt":{"rendered":"<p>&#8211; Malzemeler kullan\u0131m a\u00e7\u0131s\u0131ndan, \u00e7izilme s\u00fcrt\u00fcnmeye dayan\u0131kl\u0131 olup, kolay temizlenme \u00f6zelli\u011fine sahiptir. &#8211; Tak\u0131m renk konfig\u00fcrasyonunda genel itibariyle PALM\u0130RA renk kullan\u0131lm\u0131\u015ft\u0131r. MAT LAVA renk uygulamas\u0131 ile kombine edilmi\u015ftir. &#8211; \u00dcr\u00fcnde iki adet \u00e7ekmece, bir adet sergileme raf\u0131 bulunan \u00fcst mod\u00fcl ve kitapl\u0131k mod\u00fcl\u00fcnden meydana gelmektedir. &#8211; Kapaklarda rustik siyah mat kulplar kullan\u0131larak estetik hava katm\u0131\u015ft\u0131r.. [&hellip;]<\/p>\n","protected":false},"author":1,"featured_media":0,"comment_status":"closed","ping_status":"closed","sticky":false,"template":"","format":"standard","meta":[],"categories":[],"tags":[],"gutentor_comment":0,"_links":{"self":[{"href":"https:\/\/blog.modalife.click\/index.php?rest_route=\/wp\/v2\/posts\/4020"}],"collection":[{"href":"https:\/\/blog.modalife.click\/index.php?rest_route=\/wp\/v2\/posts"}],"about":[{"href":"https:\/\/blog.modalife.click\/index.php?rest_route=\/wp\/v2\/types\/post"}],"author":[{"embeddable":true,"href":"https:\/\/blog.modalife.click\/index.php?rest_route=\/wp\/v2\/users\/1"}],"replies":[{"embeddable":true,"href":"https:\/\/blog.modalife.click\/index.php?rest_route=%2Fwp%2Fv2%2Fcomments&post=4020"}],"version-history":[{"count":0,"href":"https:\/\/blog.modalife.click\/index.php?rest_route=\/wp\/v2\/posts\/4020\/revisions"}],"wp:attachment":[{"href":"https:\/\/blog.modalife.click\/index.php?rest_route=%2Fwp%2Fv2%2Fmedia&parent=4020"}],"wp:term":[{"taxonomy":"category","embeddable":true,"href":"https:\/\/blog.modalife.click\/index.php?rest_route=%2Fwp%2Fv2%2Fcategories&post=4020"},{"taxonomy":"post_tag","embeddable":true,"href":"https:\/\/blog.modalife.click\/index.php?rest_route=%2Fwp%2Fv2%2Ftags&post=4020"}],"curies":[{"name":"wp","href":"https:\/\/api.w.org\/{rel}","templated":true}]}}