{"id":4016,"date":"2021-07-02T22:08:06","date_gmt":"2021-07-02T19:08:06","guid":{"rendered":"http:\/\/blog.modalife.click\/?p=4016"},"modified":"2021-07-02T22:08:06","modified_gmt":"2021-07-02T19:08:06","slug":"milano-midi-koltuk-takimi-kahverengi","status":"publish","type":"post","link":"https:\/\/blog.modalife.click\/?p=4016","title":{"rendered":"Milano Midi Koltuk Tak\u0131m\u0131 &#8211; Kahverengi"},"content":{"rendered":"<p><img src=\"https:\/\/st2.myideasoft.com\/shop\/bo\/48\/myassets\/products\/544\/modalife-milano-midi-koltuk-takimi-yatakli-kahve.jpg?revision=1611577714\" alt=\"\" \/><\/p>\n<div>&#8211; Modalife markam\u0131z\u0131n \u00fcr\u00fcn serisine dahil edilen Milano Midi Koltuk Tak\u0131m\u0131\u2019na ait tan\u0131t\u0131m bilgilendirmeleri a\u015fa\u011f\u0131da bilgilerinize sunulmu\u015ftur.<\/div>\n<div>&#8211; Milano midi koltuk tak\u0131m\u0131, chester tarz\u0131n\u0131n modern bir dokunu\u015fudur. Kollar\u0131nda ve s\u0131rt k\u0131sm\u0131nda uygulanan kapitone d\u00fc\u011fme \u00e7ektirme detaylar\u0131, \u00f6zel el i\u015f\u00e7ili\u011fi ve ince bir ustal\u0131\u011f\u0131n sayesinde olu\u015fabilmektedir. Tak\u0131mda toplamda 170 adet kuma\u015f giydirilmi\u015f d\u00fc\u011fme kullan\u0131larak, butik bir i\u015flem uygulanm\u0131\u015ft\u0131r.<\/div>\n<div>&#8211; 1 ve 2\u2019 inci alternatiflerin de bu senenin en \u00e7ok be\u011fenilen rengi olan z\u00fcmr\u00fct ye\u015fili, bordo, antrasit ve ayr\u0131ca hayvan k\u00fcrk\u00fc efektli pel\u00fc\u015f kuma\u015flar, 3, 4 ve 5\u2019 inci alternatiflerin de ise dokuma ekose kaz aya\u011f\u0131 deseni ve nubuk efektli kuma\u015flar kullan\u0131larak kusursuz bir kontrast ge\u00e7i\u015fleri sa\u011flanm\u0131\u015ft\u0131r. Bu sayede evinizde ki t\u00fcm e\u015fyalar\u0131n renklerine kolayca uyum sa\u011flayacakt\u0131r.<\/div>\n<div>&#8211; Oturum b\u00f6l\u00fcm\u00fcndeki mekanizmalar sayesinde, her bir mod\u00fcl\u00fc ba\u011f\u0131ms\u0131z \u015feklide \u00e7al\u0131\u015ft\u0131rarak ister rahat geni\u015f bir oturum, isterseniz de misafirleriniz rahat\u00e7a a\u011f\u0131rlayaca\u011f\u0131n\u0131z bir yatak mod\u00fcl\u00fcne de d\u00f6n\u00fc\u015febilmektedir..<\/div>\n<div>&#8211; Modern \u015f\u0131k ve spor hatl\u0131 berjeri v\u00fccut \u015fekline ve a\u011f\u0131rl\u0131\u011f\u0131na g\u00f6re \u015fekil almas\u0131na m\u00fckemmel adapte olur ve v\u00fccut k\u0131vr\u0131mlar\u0131n\u0131 destekleyerek do\u011fru omurga deste\u011fi sa\u011flar, bu sayede size ultra rahat bir oturum ve yaslanma sa\u011flar.<\/div>\n<div>&#8211; Farkl\u0131 \u00f6zel tasar\u0131m mat siyah y\u00fcksek aya\u011f\u0131 sayesinde, \u00fcr\u00fcn\u00fc yerinden \u00e7ekmeden bulundu\u011fu zemini temizleme imkan\u0131 sunar. Ayr\u0131ca \u00fcr\u00fcn\u00fcn daha uzun s\u00fcreli kullan\u0131lmas\u0131 i\u00e7in gizli ayaklar ile a\u011f\u0131r y\u00fcke kar\u015f\u0131 desteklenmi\u015ftir.<\/div>\n<div>&#8211; Oturumda 120 mm kal\u0131nl\u0131\u011f\u0131nda &#8220;HR\u201d s\u00fcnger ve 30 mm ku\u015f t\u00fcy\u00fc s\u00fcngerler kullan\u0131lm\u0131\u015ft\u0131r. &#8211; &#8211; Bu grupta yer alan s\u00fcngerler, son derece konforludurlar. Esneklikleri y\u00fcksek olmalar\u0131na ra\u011fmen, hem \u00e7ekme ve hem basma katsay\u0131s\u0131 neredeyse birbirine e\u015fittir. Di\u011fer gruptaki s\u00fcngerlere g\u00f6re daha ortopediktir ve ayn\u0131 zamanda daha dayan\u0131kl\u0131d\u0131r<\/div>\n<div>&#8211; Her t\u00fcrl\u00fc ko\u015fulda mukavemetinin tam ve \u00f6mr\u00fcn\u00fcn uzun olmas\u0131 i\u00e7in iskeletin t\u00fcm destek noktalar\u0131 kontrplaktan, a\u011f\u0131rl\u0131k noktalar\u0131 ise metal kutu profilden imal edilmi\u015ftir. T\u00fcm kesim i\u015flemleri standart \u00f6l\u00e7\u00fc ve i\u015f\u00e7ili\u011fi yakalamas\u0131 ad\u0131na CNC makinalarda i\u015flem g\u00f6rmektedir.<\/div>\n<div>&#8211; \u00dc\u00e7l\u00fc ve berjer mod\u00fcllerin de 330 gr\/m2 kalitesinde yumu\u015fak tu\u015feli bronzing teknolojisi ile \u00fcretilen yerli nubuk efektli kuma\u015flar ve 330 gr\/m2 kalitesinde dokuma tekni\u011fi ile \u00fcretilen ekose kaz aya\u011f\u0131 deseni kuma\u015flar uygulanmaktad\u0131r.<\/div>\n<div>&#8211; Nubuk kuma\u015f, y\u00fczeyinde olu\u015fan \u00e7ay, kahve gibi lekelin yaln\u0131zca su ve hidrofil bir bez yard\u0131m\u0131yla kolayl\u0131kla temizlenebilmesini sa\u011flar.<\/div>\n<div>&#8211; \u00d6zel \u00fcretilmi\u015f kendine has tu\u015fesi ile \u00e7ok yumu\u015fak ve ipeksi bir dokuya sahiptir.<\/div>\n<div><\/p>\n<table style=\"border-collapse:collapse;width:100%;\">\n<tbody>\n<tr>\n<td style=\"text-align: center; border-width: 1px; border-style: solid;\"><span style=\"font-weight: bold;\">Milano Midi Koltuk Tak\u0131m\u0131<\/span><\/td>\n<td style=\"text-align: center; border-width: 1px; border-style: solid;\"><span style=\"font-weight: bold;\">Geni\u015flik<\/span><\/td>\n<td style=\"text-align: center; border-width: 1px; border-style: solid;\"><span style=\"font-weight: bold;\">Y\u00fckseklik&nbsp;<\/span><\/td>\n<td style=\"text-align: center; border-width: 1px; border-style: solid;\"><span style=\"font-weight: bold;\">Derinlik<\/span><\/td>\n<\/tr>\n<tr>\n<td style=\"text-align: center; border-width: 1px; border-style: solid;\">\u00dc\u00e7l\u00fc Koltuk<\/td>\n<td style=\"text-align: center; border-width: 1px; border-style: solid;\">226 cm&nbsp;<\/td>\n<td style=\"text-align: center; border-width: 1px; border-style: solid;\">&nbsp;75 cm<\/td>\n<td style=\"text-align: center; border-width: 1px; border-style: solid;\">96 cm&nbsp;<\/td>\n<\/tr>\n<tr>\n<td style=\"text-align: center; border-width: 1px; border-style: solid;\">Berjer<\/td>\n<td style=\"text-align: center; border-width: 1px; border-style: solid;\">&nbsp;86 cm<\/td>\n<td style=\"text-align: center; border-width: 1px; border-style: solid;\">103 cm&nbsp;<\/td>\n<td style=\"text-align: center; border-width: 1px; border-style: solid;\">83 cm&nbsp;<\/td>\n<\/tr>\n<\/tbody>\n<\/table>\n<p>\n\t<img loading=\"lazy\" border=\"0\" src=\"https:\/\/www.modalife.com\/class\/INNOVAEditor\/assets\/urundetay\/milano\/milanoolcu.jpg\" width=\"1000\" height=\"403\" style=\"box-sizing: border-box; vertical-align: middle; border: 0px; height: auto; max-width: 100%; color: rgb(25, 33, 49); font-family: poppins, sans-serif; text-align: -webkit-center; outline: none !important;\" \/>\n\t<\/div>\n<p><center><iframe width='560' height='315' src='https:\/\/www.youtube.com\/embed\/6embJA0ZSdM' frameborder='0' allow='accelerometer; autoplay; clipboard-write; encrypted-media; gyroscope; picture-in-picture' allowfullscreen><\/iframe><\/center><br \/>\n<a href=\"https:\/\/www.modalife.com\/urun\/milano-midi-koltuk-takimi-renk-secenekli\"><strong>\u00dcr\u00fcne Git<\/strong><\/a><\/p>\n","protected":false},"excerpt":{"rendered":"<p>&#8211; Modalife markam\u0131z\u0131n \u00fcr\u00fcn serisine dahil edilen Milano Midi Koltuk Tak\u0131m\u0131\u2019na ait tan\u0131t\u0131m bilgilendirmeleri a\u015fa\u011f\u0131da bilgilerinize sunulmu\u015ftur. &#8211; Milano midi koltuk tak\u0131m\u0131, chester tarz\u0131n\u0131n modern bir dokunu\u015fudur. Kollar\u0131nda ve s\u0131rt k\u0131sm\u0131nda uygulanan kapitone d\u00fc\u011fme \u00e7ektirme detaylar\u0131, \u00f6zel el i\u015f\u00e7ili\u011fi ve ince bir ustal\u0131\u011f\u0131n sayesinde olu\u015fabilmektedir. Tak\u0131mda toplamda 170 adet kuma\u015f giydirilmi\u015f d\u00fc\u011fme kullan\u0131larak, butik bir [&hellip;]<\/p>\n","protected":false},"author":1,"featured_media":0,"comment_status":"closed","ping_status":"closed","sticky":false,"template":"","format":"standard","meta":[],"categories":[],"tags":[],"gutentor_comment":0,"_links":{"self":[{"href":"https:\/\/blog.modalife.click\/index.php?rest_route=\/wp\/v2\/posts\/4016"}],"collection":[{"href":"https:\/\/blog.modalife.click\/index.php?rest_route=\/wp\/v2\/posts"}],"about":[{"href":"https:\/\/blog.modalife.click\/index.php?rest_route=\/wp\/v2\/types\/post"}],"author":[{"embeddable":true,"href":"https:\/\/blog.modalife.click\/index.php?rest_route=\/wp\/v2\/users\/1"}],"replies":[{"embeddable":true,"href":"https:\/\/blog.modalife.click\/index.php?rest_route=%2Fwp%2Fv2%2Fcomments&post=4016"}],"version-history":[{"count":0,"href":"https:\/\/blog.modalife.click\/index.php?rest_route=\/wp\/v2\/posts\/4016\/revisions"}],"wp:attachment":[{"href":"https:\/\/blog.modalife.click\/index.php?rest_route=%2Fwp%2Fv2%2Fmedia&parent=4016"}],"wp:term":[{"taxonomy":"category","embeddable":true,"href":"https:\/\/blog.modalife.click\/index.php?rest_route=%2Fwp%2Fv2%2Fcategories&post=4016"},{"taxonomy":"post_tag","embeddable":true,"href":"https:\/\/blog.modalife.click\/index.php?rest_route=%2Fwp%2Fv2%2Ftags&post=4016"}],"curies":[{"name":"wp","href":"https:\/\/api.w.org\/{rel}","templated":true}]}}