{"id":4014,"date":"2021-05-09T01:43:25","date_gmt":"2021-05-08T22:43:25","guid":{"rendered":"http:\/\/blog.modalife.click\/?p=4014"},"modified":"2021-05-09T01:43:25","modified_gmt":"2021-05-08T22:43:25","slug":"mira-calisma-masasi","status":"publish","type":"post","link":"https:\/\/blog.modalife.click\/?p=4014","title":{"rendered":"Mira \u00c7al\u0131\u015fma Masas\u0131"},"content":{"rendered":"<p><img src=\"https:\/\/st2.myideasoft.com\/shop\/bo\/48\/myassets\/products\/557\/calisma.jpg?revision=1552982376\" alt=\"\" \/><\/p>\n<div class=\"product-detail-title\">\n<div class=\"row\">\n<div class=\"col-lg-4\">\n<div class=\"product-detail-column-title-1\">                <img src=\"{{ themeAsset('images\/detail-icon-1.svg') }}\" alt=\"\" \/>                \u00dcR\u00dcN B\u0130LG\u0130S\u0130            <\/div>\n<\/p><\/div>\n<div class=\"col-lg-4\">\n<div class=\"product-detail-column-title-2\">                <img src=\"{{ themeAsset('images\/detail-icon-2.svg') }}\" alt=\"\" \/>                TEKN\u0130K \u00d6L\u00c7\u00dcLER            <\/div>\n<\/p><\/div>\n<div class=\"col-lg-4\">\n<div class=\"product-detail-column-title-3\">                <img src=\"{{ themeAsset('images\/detail-icon-3.svg') }}\" alt=\"\" \/>                TESL\u0130MAT VE MONTAJ            <\/div>\n<\/p><\/div>\n<\/p><\/div>\n<\/div>\n<div class=\"product-detail-content\">\n<div class=\"row\">\n<div class=\"col-lg-4\">\n<div class=\"product-detail-info\">\n<ul>\n<li>Pratik mobilyan\u0131n adresi Modalife Mobilya!<\/li>\n<li>Evinizin tamamlay\u0131c\u0131 \u00fcr\u00fcnlerini sizler i\u00e7in haz\u0131rlad\u0131k&#8230;<\/li>\n<li>\u00dcr\u00fcnlerimiz siz m\u00fc\u015fterilerimizin g\u00fcnl\u00fck hayat\u0131ndaki ihtiya\u00e7lar\u0131n\u0131 en \u00fcst d\u00fczeyde kar\u015f\u0131layabilmesi i\u00e7in tasarlanm\u0131\u015ft\u0131r.<\/li>\n<li>\u00dcr\u00fcnlerimiz kaliteden \u00f6d\u00fcn vermeden ergonomik bir \u015fekilde tasarlanm\u0131\u015ft\u0131r.<\/li>\n<li>Modalife Mobilya, T\u00fcm T\u00fcketicileri Koruma Derne\u011fi taraf\u0131ndan &#8220;T\u00fcketicilere Tavsiye Edilen Marka&#8221; se\u00e7ilmi\u015ftir.<\/li>\n<li>\u00dcr\u00fcnlerimizin geni\u015flik, derinlik ve y\u00fckseklik \u00f6l\u00e7\u00fclerini muadil \u00fcr\u00fcnlerle k\u0131yaslaman\u0131z\u0131 \u00f6neririz.<\/li>\n<li>T\u00fcm \u00fcr\u00fcnlerimiz TSE Kalite Belgelerine sahiptir ve 2 y\u0131l garantilidir.<\/li>\n<\/ul><\/div>\n<\/p><\/div>\n<div class=\"col-lg-4\">\n<div class=\"product-detail-table\">\n\t\t\t\t<!--\n\t\t\t\tTABLO BA\u015eLIK BA\u015eLANGI\u00c7\n\t\t\t\t--><\/p>\n<div class=\"product-detail-table-title\">\n<div>Mira<\/div>\n<div>Geni\u015flik<\/div>\n<div>Y\u00fckseklik<\/div>\n<div>Derinlik<\/div>\n<\/p><\/div>\n<p>\t\t\t\t<!--\n\t\t\t\tTABLO BA\u015eLIK B\u0130T\u0130\u015e\n\t\t\t\t--><\/p>\n<p>\t\t\t\t<!--\n\t\t\t\tSATIR 1 BA\u015eLANGI\u00c7\n\t\t\t\t--><\/p>\n<div class=\"product-detail-table-content\">\n<div>\u00c7al\u0131\u015fma Masas\u0131<\/div>\n<div>120 cm<\/div>\n<div>161 cm<\/div>\n<div>59 cm<\/div>\n<\/p><\/div>\n<p>\t\t\t\t<!--\n\t\t\t\tSATIR 1 B\u0130T\u0130\u015e\n\t\t\t\t--><\/p><\/div>\n<\/p><\/div>\n<div class=\"col-lg-4\">\n<div class=\"product-detail-info\">\n<p>\u00dcr\u00fcnlerimiz \u00f6zel kargo firmalar\u0131yla, demonte (kurulumsuz) olarak teslim edilmektedir. Kurulum m\u00fc\u015fterilerimize aittir. Kurulum i\u00e7in gerekli olan montaj \u015femas\u0131 ve aparatlar kargo paketinden \u00e7\u0131kmaktad\u0131r.<\/p>\n<p>\u00dcr\u00fcnlerimizin size sa\u011flam ula\u015fabilmesi i\u00e7in 2 farkl\u0131 paketleme sistemi kullan\u0131lmaktad\u0131r. \u00dcr\u00fcnlerimiz 10 i\u015f g\u00fcn\u00fc i\u00e7erisinde kargoya verilmektedir. \u00dcr\u00fcnlerimizi teslim ald\u0131\u011f\u0131n\u0131zda l\u00fctfen kargo paketlerini kontrol ediniz. Herhangi bir hasar var ise kargo g\u00f6revlisine hasar tespit tutana\u011f\u0131 tutturunuz.<\/p>\n<p>Hasar tespiti yap\u0131lan \u00fcr\u00fcn i\u00e7in par\u00e7a g\u00f6nderimi, \u00fccretsiz de\u011fi\u015fim ve iade yap\u0131labilmektedir. Kullan\u0131lm\u0131\u015f veya kurulmu\u015f \u00fcr\u00fcnlerin iptali ve iadesi m\u00fcmk\u00fcn de\u011fildir.<\/p>\n<p>Kargo \u015firketleri a\u011f\u0131r \u00fcr\u00fcnlerimizi (gard\u0131rop, vestiyer vs.) kap\u0131n\u0131za kadar teslim etmeyebilir.<\/p>\n<p>Sipari\u015f a\u015famas\u0131nda Depodan\/Ma\u011fazadan Al se\u00e7ene\u011fini kullanan m\u00fc\u015fterilerimiz i\u00e7in, depo ve ma\u011faza adreslerimiz a\u015fa\u011f\u0131dad\u0131r;<\/p>\n<p>Depo adreslerimiz i\u00e7in <a href=\"https:\/\/www.modalife.com\/sayfa\/modalife-mobilya-depo-adresleri\">t\u0131klay\u0131n\u0131z.<\/a><\/p>\n<p>Ma\u011faza adreslerimiz i\u00e7in <a href=\"https:\/\/www.modalife.com\/sayfa\/fabrika-satis-magazalarimiz-subelerimiz\">t\u0131klay\u0131n\u0131z.<\/a><\/p>\n<p>444 66 32 &#8211; 0 (312) 527 13 40 \u2013 41-42-43 no\u2019lu numaralara telefon ederek yada sa\u011f alt k\u00f6\u015fedeki online m\u00fc\u015fteri temsilcilerimiz arac\u0131l\u0131\u011f\u0131yla bizlere ula\u015fabilir; istek, \u00f6neri ve \u015fikayetlerinizi iletebilirsiniz.<\/p>\n<\/p><\/div>\n<\/p><\/div>\n<\/p><\/div>\n<\/div>\n<p><a href=\"https:\/\/www.modalife.com\/urun\/mira-calisma-masasi\"><strong>\u00dcr\u00fcne Git<\/strong><\/a><\/p>\n","protected":false},"excerpt":{"rendered":"<p>\u00dcR\u00dcN B\u0130LG\u0130S\u0130 TEKN\u0130K \u00d6L\u00c7\u00dcLER TESL\u0130MAT VE MONTAJ Pratik mobilyan\u0131n adresi Modalife Mobilya! Evinizin tamamlay\u0131c\u0131 \u00fcr\u00fcnlerini sizler i\u00e7in haz\u0131rlad\u0131k&#8230; \u00dcr\u00fcnlerimiz siz m\u00fc\u015fterilerimizin g\u00fcnl\u00fck hayat\u0131ndaki ihtiya\u00e7lar\u0131n\u0131 en \u00fcst d\u00fczeyde kar\u015f\u0131layabilmesi i\u00e7in tasarlanm\u0131\u015ft\u0131r. \u00dcr\u00fcnlerimiz kaliteden \u00f6d\u00fcn vermeden ergonomik bir \u015fekilde tasarlanm\u0131\u015ft\u0131r. Modalife Mobilya, T\u00fcm T\u00fcketicileri Koruma Derne\u011fi taraf\u0131ndan &#8220;T\u00fcketicilere Tavsiye Edilen Marka&#8221; se\u00e7ilmi\u015ftir. \u00dcr\u00fcnlerimizin geni\u015flik, derinlik ve y\u00fckseklik [&hellip;]<\/p>\n","protected":false},"author":1,"featured_media":0,"comment_status":"closed","ping_status":"closed","sticky":false,"template":"","format":"standard","meta":[],"categories":[],"tags":[],"gutentor_comment":0,"_links":{"self":[{"href":"https:\/\/blog.modalife.click\/index.php?rest_route=\/wp\/v2\/posts\/4014"}],"collection":[{"href":"https:\/\/blog.modalife.click\/index.php?rest_route=\/wp\/v2\/posts"}],"about":[{"href":"https:\/\/blog.modalife.click\/index.php?rest_route=\/wp\/v2\/types\/post"}],"author":[{"embeddable":true,"href":"https:\/\/blog.modalife.click\/index.php?rest_route=\/wp\/v2\/users\/1"}],"replies":[{"embeddable":true,"href":"https:\/\/blog.modalife.click\/index.php?rest_route=%2Fwp%2Fv2%2Fcomments&post=4014"}],"version-history":[{"count":0,"href":"https:\/\/blog.modalife.click\/index.php?rest_route=\/wp\/v2\/posts\/4014\/revisions"}],"wp:attachment":[{"href":"https:\/\/blog.modalife.click\/index.php?rest_route=%2Fwp%2Fv2%2Fmedia&parent=4014"}],"wp:term":[{"taxonomy":"category","embeddable":true,"href":"https:\/\/blog.modalife.click\/index.php?rest_route=%2Fwp%2Fv2%2Fcategories&post=4014"},{"taxonomy":"post_tag","embeddable":true,"href":"https:\/\/blog.modalife.click\/index.php?rest_route=%2Fwp%2Fv2%2Ftags&post=4014"}],"curies":[{"name":"wp","href":"https:\/\/api.w.org\/{rel}","templated":true}]}}