{"id":4004,"date":"2021-04-21T06:43:07","date_gmt":"2021-04-21T03:43:07","guid":{"rendered":"http:\/\/blog.modalife.click\/?p=4004"},"modified":"2021-04-21T06:43:07","modified_gmt":"2021-04-21T03:43:07","slug":"avrupa-yatak-odasi-takimi","status":"publish","type":"post","link":"https:\/\/blog.modalife.click\/?p=4004","title":{"rendered":"Avrupa Yatak Odas\u0131 Tak\u0131m\u0131"},"content":{"rendered":"<p><img src=\"https:\/\/st1.myideasoft.com\/shop\/bo\/48\/myassets\/products\/565\/modalife-avrupa-yatak-odasi-takimi.jpg?revision=1619008082\" alt=\"\" \/><\/p>\n<div>\n<div>&#8211; Tak\u0131m\u0131m\u0131z gard\u0131rop, \u015fifonyer, ba\u015fl\u0131k ve 2 adet komodin\u2019den olu\u015fmaktad\u0131r.<\/div>\n<div>&#8211; Yatak odas\u0131 tak\u0131mlar\u0131m\u0131zda baza hediyemizdir.<\/div>\n<div>&#8211; \u00dcr\u00fcn\u00fcm\u00fczde kullan\u0131lan malzemeler \u00e7izilme, s\u00fcrt\u00fcnme ve yanmaya kar\u015f\u0131 dayan\u0131kl\u0131d\u0131r.<\/div>\n<div>&#8211; \u00dcr\u00fcn\u00fcm\u00fcz\u00fcn gard\u0131robu 6 kapakl\u0131d\u0131r. Dileyen m\u00fc\u015fteri\u015flerimiz i\u00e7in s\u00fcrg\u00fc kapakl\u0131 alternatifi de bulunmaktad\u0131r.&nbsp;<\/div>\n<div>&#8211; \u00dcr\u00fcnde bulunan siyah mat kulplar ise \u00fcr\u00fcne estetik bir hava katm\u0131\u015ft\u0131r.<\/div>\n<div>&#8211; \u00dcr\u00fcn\u00fcm\u00fczde yerden y\u00fcksek ayak kullan\u0131lm\u0131\u015f olup siz de\u011ferli m\u00fc\u015fterilerimize temizlik kolayl\u0131\u011f\u0131 sa\u011flanm\u0131\u015ft\u0131r.<\/div>\n<div>&#8211; \u00dcnite kapaklar\u0131nda yava\u015flat\u0131c\u0131 sistem kullan\u0131lm\u0131\u015f olup, h\u0131zl\u0131 \u00e7arpmalar engellenerek \u00fcr\u00fcn fonksiyonelli\u011fi art\u0131r\u0131lm\u0131\u015ft\u0131r.<\/div>\n<div>&#8211; Ba\u015fl\u0131k kenar\u0131ndaki kal\u0131nla\u015ft\u0131rmal\u0131 ta\u00e7 uygulamas\u0131 \u00fcr\u00fcnle kombine edilmi\u015f ve estetik g\u00f6r\u00fcn\u00fcm olu\u015fturulmu\u015ftur<\/div>\n<div>&#8211; Yatak Ba\u015fl\u0131\u011f\u0131 Travers, 150 lik baza, 160 l\u0131k baza ve kendinden baza sistemine uyumlu olarak tasarlanm\u0131\u015ft\u0131r.<\/div>\n<div>&#8211; T\u00fcm \u00fcr\u00fcnlerimiz 2 y\u0131l garantilidir.<\/div>\n<div>&#8211; \u00dcr\u00fcn\u00fcm\u00fcze web sitemiz \u00fczerinden yada size en yak\u0131n modalife ma\u011fazas\u0131ndan ula\u015fabilirsiniz.<\/div>\n<\/div>\n<div>\n\t<\/div>\n<table style=\"border-collapse: collapse; width: 100%; height: 90px;\">\n<tbody>\n<tr style=\"height: 18px;\">\n<td style=\"text-align: center; border-width: 1px; border-style: solid; height: 18px;\"><span style=\"font-weight: bold;\">Avrupa Yatak Odas\u0131 Tak\u0131m\u0131<\/span><\/td>\n<td style=\"text-align: center; border-width: 1px; border-style: solid; height: 18px;\"><span style=\"font-weight: bold;\">&nbsp;Geni\u015flik<\/span><\/td>\n<td style=\"text-align: center; border-width: 1px; border-style: solid; height: 18px;\"><span style=\"font-weight: bold;\">&nbsp;Y\u00fckseklik<\/span><\/td>\n<td style=\"text-align: center; border-width: 1px; border-style: solid; height: 18px;\"><span style=\"font-weight: bold;\">&nbsp;Derinlik<\/span><\/td>\n<\/tr>\n<tr style=\"height: 18px;\">\n<td style=\"text-align: center; border-width: 1px; border-style: solid; height: 18px;\"><span style=\"font-weight: bold;\">Kapakl\u0131 Gard\u0131rop&nbsp;<\/span><\/td>\n<td style=\"text-align: center; border-width: 1px; border-style: solid; height: 18px;\">240 cm&nbsp;<\/td>\n<td style=\"text-align: center; border-width: 1px; border-style: solid; height: 18px;\">212 cm&nbsp;<\/td>\n<td style=\"text-align: center; border-width: 1px; border-style: solid; height: 18px;\">60 cm&nbsp;<\/td>\n<\/tr>\n<tr style=\"height: 18px;\">\n<td style=\"text-align: center; border-width: 1px; border-style: solid; height: 18px;\"><span style=\"font-weight: bold;\">&nbsp;\u015eifonyer<\/span><\/td>\n<td style=\"text-align: center; border-width: 1px; border-style: solid; height: 18px;\">110 cm<\/td>\n<td style=\"text-align: center; border-width: 1px; border-style: solid; height: 18px;\">170 cm&nbsp;<\/td>\n<td style=\"text-align: center; border-width: 1px; border-style: solid; height: 18px;\">43 cm<\/td>\n<\/tr>\n<tr style=\"height: 18px;\">\n<td style=\"text-align: center; border-width: 1px; border-style: solid; height: 18px;\"><span style=\"font-weight: bold;\">&nbsp;Komodin<\/span><\/td>\n<td style=\"text-align: center; border-width: 1px; border-style: solid; height: 18px;\">56 cm<\/td>\n<td style=\"text-align: center; border-width: 1px; border-style: solid; height: 18px;\">56 cm<\/td>\n<td style=\"text-align: center; border-width: 1px; border-style: solid; height: 18px;\">43 cm&nbsp;<\/td>\n<\/tr>\n<tr style=\"height: 18px;\">\n<td style=\"text-align: center; border-width: 1px; border-style: solid; height: 18px;\"><span style=\"font-weight: bold;\">&nbsp;Ba\u015fl\u0131k<\/span><\/td>\n<td style=\"text-align: center; border-width: 1px; border-style: solid; height: 18px;\">164 cm<\/td>\n<td style=\"text-align: center; border-width: 1px; border-style: solid; height: 18px;\">130 cm<\/td>\n<td style=\"text-align: center; border-width: 1px; border-style: solid; height: 18px;\">6 cm<\/td>\n<\/tr>\n<\/tbody>\n<\/table>\n<p><center><iframe width='560' height='315' src='https:\/\/www.youtube.com\/embed\/tx90W_PTO28' frameborder='0' allow='accelerometer; autoplay; clipboard-write; encrypted-media; gyroscope; picture-in-picture' allowfullscreen><\/iframe><\/center><br \/>\n<a href=\"https:\/\/www.modalife.com\/urun\/avrupa-yatak-odasi-takimi\"><strong>\u00dcr\u00fcne Git<\/strong><\/a><\/p>\n","protected":false},"excerpt":{"rendered":"<p>&#8211; Tak\u0131m\u0131m\u0131z gard\u0131rop, \u015fifonyer, ba\u015fl\u0131k ve 2 adet komodin\u2019den olu\u015fmaktad\u0131r. &#8211; Yatak odas\u0131 tak\u0131mlar\u0131m\u0131zda baza hediyemizdir. &#8211; \u00dcr\u00fcn\u00fcm\u00fczde kullan\u0131lan malzemeler \u00e7izilme, s\u00fcrt\u00fcnme ve yanmaya kar\u015f\u0131 dayan\u0131kl\u0131d\u0131r. &#8211; \u00dcr\u00fcn\u00fcm\u00fcz\u00fcn gard\u0131robu 6 kapakl\u0131d\u0131r. Dileyen m\u00fc\u015fteri\u015flerimiz i\u00e7in s\u00fcrg\u00fc kapakl\u0131 alternatifi de bulunmaktad\u0131r.&nbsp; &#8211; \u00dcr\u00fcnde bulunan siyah mat kulplar ise \u00fcr\u00fcne estetik bir hava katm\u0131\u015ft\u0131r. &#8211; \u00dcr\u00fcn\u00fcm\u00fczde yerden y\u00fcksek [&hellip;]<\/p>\n","protected":false},"author":1,"featured_media":0,"comment_status":"closed","ping_status":"closed","sticky":false,"template":"","format":"standard","meta":[],"categories":[],"tags":[],"gutentor_comment":0,"_links":{"self":[{"href":"https:\/\/blog.modalife.click\/index.php?rest_route=\/wp\/v2\/posts\/4004"}],"collection":[{"href":"https:\/\/blog.modalife.click\/index.php?rest_route=\/wp\/v2\/posts"}],"about":[{"href":"https:\/\/blog.modalife.click\/index.php?rest_route=\/wp\/v2\/types\/post"}],"author":[{"embeddable":true,"href":"https:\/\/blog.modalife.click\/index.php?rest_route=\/wp\/v2\/users\/1"}],"replies":[{"embeddable":true,"href":"https:\/\/blog.modalife.click\/index.php?rest_route=%2Fwp%2Fv2%2Fcomments&post=4004"}],"version-history":[{"count":0,"href":"https:\/\/blog.modalife.click\/index.php?rest_route=\/wp\/v2\/posts\/4004\/revisions"}],"wp:attachment":[{"href":"https:\/\/blog.modalife.click\/index.php?rest_route=%2Fwp%2Fv2%2Fmedia&parent=4004"}],"wp:term":[{"taxonomy":"category","embeddable":true,"href":"https:\/\/blog.modalife.click\/index.php?rest_route=%2Fwp%2Fv2%2Fcategories&post=4004"},{"taxonomy":"post_tag","embeddable":true,"href":"https:\/\/blog.modalife.click\/index.php?rest_route=%2Fwp%2Fv2%2Ftags&post=4004"}],"curies":[{"name":"wp","href":"https:\/\/api.w.org\/{rel}","templated":true}]}}