{"id":3989,"date":"2021-04-29T20:34:35","date_gmt":"2021-04-29T17:34:35","guid":{"rendered":"http:\/\/blog.modalife.click\/?p=3989"},"modified":"2021-04-29T20:34:35","modified_gmt":"2021-04-29T17:34:35","slug":"avrupa-dugun-paketi-yatakbaza-hediye","status":"publish","type":"post","link":"https:\/\/blog.modalife.click\/?p=3989","title":{"rendered":"Avrupa D\u00fc\u011f\u00fcn Paketi (Yatak+Baza Hediye)"},"content":{"rendered":"<p><img src=\"https:\/\/st3.myideasoft.com\/shop\/bo\/48\/myassets\/products\/569\/modalife-avrupa-uclu-dugun-paketi.jpg?revision=1612956596\" alt=\"\" \/><\/p>\n<div><span style=\"font-weight: bold;\">AVRUPA YATAK ODASI TAKIMI<\/span><\/div>\n<div>\n<div style=\"box-sizing: border-box; color: rgb(25, 33, 49); font-family: poppins, sans-serif; outline: none !important;\">&#8211; Tak\u0131m\u0131m\u0131z gard\u0131rop, \u015fifonyer, ba\u015fl\u0131k ve 2 adet komodin\u2019den olu\u015fmaktad\u0131r.<\/div>\n<div style=\"box-sizing: border-box; color: rgb(25, 33, 49); font-family: poppins, sans-serif; outline: none !important;\">&#8211; Yatak odas\u0131 tak\u0131mlar\u0131m\u0131zda baza hediyemizdir.<\/div>\n<div style=\"box-sizing: border-box; color: rgb(25, 33, 49); font-family: poppins, sans-serif; outline: none !important;\">&#8211; \u00dcr\u00fcn\u00fcm\u00fczde kullan\u0131lan malzemeler \u00e7izilme, s\u00fcrt\u00fcnme ve yanmaya kar\u015f\u0131 dayan\u0131kl\u0131d\u0131r.<\/div>\n<div style=\"box-sizing: border-box; color: rgb(25, 33, 49); font-family: poppins, sans-serif; outline: none !important;\">&#8211; \u00dcr\u00fcn\u00fcm\u00fcz\u00fcn gard\u0131robu 6 kapakl\u0131d\u0131r. Dileyen m\u00fc\u015fteri\u015flerimiz i\u00e7in s\u00fcrg\u00fc kapakl\u0131 alternatifi de bulunmaktad\u0131r.&nbsp;<\/div>\n<div style=\"box-sizing: border-box; color: rgb(25, 33, 49); font-family: poppins, sans-serif; outline: none !important;\">&#8211; \u00dcr\u00fcnde bulunan siyah mat kulplar ise \u00fcr\u00fcne estetik bir hava katm\u0131\u015ft\u0131r.<\/div>\n<div style=\"box-sizing: border-box; color: rgb(25, 33, 49); font-family: poppins, sans-serif; outline: none !important;\">&#8211; \u00dcr\u00fcn\u00fcm\u00fczde yerden y\u00fcksek ayak kullan\u0131lm\u0131\u015f olup siz de\u011ferli m\u00fc\u015fterilerimize temizlik kolayl\u0131\u011f\u0131 sa\u011flanm\u0131\u015ft\u0131r.<\/div>\n<div style=\"box-sizing: border-box; color: rgb(25, 33, 49); font-family: poppins, sans-serif; outline: none !important;\">&#8211; \u00dcnite kapaklar\u0131nda yava\u015flat\u0131c\u0131 sistem kullan\u0131lm\u0131\u015f olup, h\u0131zl\u0131 \u00e7arpmalar engellenerek \u00fcr\u00fcn fonksiyonelli\u011fi art\u0131r\u0131lm\u0131\u015ft\u0131r.<\/div>\n<div style=\"box-sizing: border-box; color: rgb(25, 33, 49); font-family: poppins, sans-serif; outline: none !important;\">&#8211; Ba\u015fl\u0131k kenar\u0131ndaki kal\u0131nla\u015ft\u0131rmal\u0131 ta\u00e7 uygulamas\u0131 \u00fcr\u00fcnle kombine edilmi\u015f ve estetik g\u00f6r\u00fcn\u00fcm olu\u015fturulmu\u015ftur<\/div>\n<div style=\"box-sizing: border-box; color: rgb(25, 33, 49); font-family: poppins, sans-serif; outline: none !important;\">&#8211; Yatak Ba\u015fl\u0131\u011f\u0131 Travers, 150 lik baza, 160 l\u0131k baza ve kendinden baza sistemine uyumlu olarak tasarlanm\u0131\u015ft\u0131r.<\/div>\n<div style=\"box-sizing: border-box; color: rgb(25, 33, 49); font-family: poppins, sans-serif; outline: none !important;\">&#8211; T\u00fcm \u00fcr\u00fcnlerimiz 2 y\u0131l garantilidir.<\/div>\n<div style=\"box-sizing: border-box; color: rgb(25, 33, 49); font-family: poppins, sans-serif; outline: none !important;\">&#8211; \u00dcr\u00fcn\u00fcm\u00fcze web sitemiz \u00fczerinden yada size en yak\u0131n modalife ma\u011fazas\u0131ndan ula\u015fabilirsiniz.<\/div>\n<\/div>\n<div>&nbsp;<\/div>\n<div>\n<div style=\"box-sizing: border-box; color: rgb(25, 33, 49); font-family: poppins, sans-serif; outline: none !important;\"><span style=\"box-sizing: border-box; outline: none !important; font-weight: bold;\">AVRUPA YEMEK ODASI TAKIMI&nbsp;<\/span><\/div>\n<div style=\"box-sizing: border-box; color: rgb(25, 33, 49); font-family: poppins, sans-serif; outline: none !important;\">&#8211; Avrupa yemek odas\u0131 tak\u0131m\u0131m\u0131z konsol, tv \u00fcnitesi masa ve 6 adet sandalyeden olu\u015fmaktad\u0131r.&nbsp;<\/div>\n<div style=\"box-sizing: border-box; color: rgb(25, 33, 49); font-family: poppins, sans-serif; outline: none !important;\">\n<div style=\"box-sizing: border-box; outline: none !important;\">&#8211; \u00dcnite kapak ve \u00e7ekmecelerinde yava\u015flat\u0131c\u0131 sistem kullan\u0131lm\u0131\u015f olup h\u0131zl\u0131 \u00e7arpmalar engellenmi\u015ftir.<\/div>\n<div style=\"box-sizing: border-box; outline: none !important;\">&#8211; \u00dcr\u00fcn\u00fcm\u00fcz\u00fcn konsolunda bulunan ayna, mod\u00fcl \u00fczerinde montaj yap\u0131labiir, ayn\u0131 zamanda duvara as\u0131labilir olarak tasarlanm\u0131\u015ft\u0131r.<\/div>\n<div style=\"box-sizing: border-box; outline: none !important;\">&#8211; Televizyon \u00fcnitesi \u00fcst ve alt mod\u00fcl olmak \u00fczere 2 mod\u00fclden olu\u015fmaktad\u0131r.&nbsp; Alt mod\u00fclde dvd, uydu al\u0131c\u0131s\u0131 konulabilmesi i\u00e7in alan b\u0131rak\u0131lm\u0131\u015f olup \u00fcr\u00fcn fonksiyonelli\u011fi art\u0131r\u0131lm\u0131\u015ft\u0131r.<\/div>\n<div style=\"box-sizing: border-box; outline: none !important;\">&#8211; \u00dcr\u00fcn\u00fcm\u00fczde yerden y\u00fcksek ayak kullan\u0131lm\u0131\u015f olup siz de\u011ferli m\u00fc\u015fterilerimize temizlik kolayl\u0131\u011f\u0131 sa\u011flanm\u0131\u015ft\u0131r.<\/div>\n<div style=\"box-sizing: border-box; outline: none !important;\">&#8211; Geni\u015f ailelerin rahatl\u0131kla, uzun sohbetler e\u015fli\u011finde yemek yiyebilece\u011fi masa, tak\u0131m\u0131n yap\u0131s\u0131na uyumlu olarak tasarlanm\u0131\u015ft\u0131r.<\/div>\n<div style=\"box-sizing: border-box; outline: none !important;\">&#8211; Malzemeler kullan\u0131m a\u00e7\u0131s\u0131ndan \u00e7izilme ve s\u00fcrt\u00fcnmeye kar\u015f\u0131 dayan\u0131kl\u0131d\u0131r.<\/div>\n<div style=\"box-sizing: border-box; outline: none !important;\">&#8211; T\u00fcm \u00fcr\u00fcnlerimiz 2 y\u0131l garantilidir.<\/div>\n<div style=\"box-sizing: border-box; outline: none !important;\">&#8211; \u00dcr\u00fcn\u00fcm\u00fcze web sitemiz \u00fczerinden yada size en yak\u0131n modalife ma\u011fazas\u0131ndan ula\u015fabilirsiniz.<\/div>\n<div style=\"box-sizing: border-box; outline: none !important;\">&nbsp;<\/div>\n<div style=\"box-sizing: border-box; outline: none !important;\"><span style=\"box-sizing: border-box; outline: none !important; font-weight: bold;\">AVRUPA KOLTUK TAKIMI<\/span><\/div>\n<div style=\"box-sizing: border-box; outline: none !important;\">\n<div style=\"box-sizing: border-box; outline: none !important;\">&#8211; Avrupa koltuk tak\u0131m\u0131, 2 adet 3\u2019l\u00fc koltuk, 1 adet berjer\u2019den olu\u015fmaktad\u0131r.<\/div>\n<div style=\"box-sizing: border-box; outline: none !important;\">&#8211; \u00d6zel \u00fcretilmi\u015f kendine has tu\u015fesi ile \u00e7ok yumu\u015fak ve ipeksi bir dokuya sahiptir.<\/div>\n<div style=\"box-sizing: border-box; outline: none !important;\">&#8211; \u00dcr\u00fcn\u00fcm\u00fczde yumu\u015fak tu\u015feli bronzing teknolojisi ile \u00fcretilen ithal nubuk efektli kuma\u015flar kullan\u0131lm\u0131\u015ft\u0131r.<\/div>\n<div style=\"box-sizing: border-box; outline: none !important;\">&#8211; \u00dc\u00e7l\u00fc koltuklar\u0131n s\u0131rt ve kol b\u00f6l\u00fcm\u00fcnde bulunan mekanizmalar sayesinde, her bir mod\u00fcl\u00fc ba\u011f\u0131ms\u0131z \u015fekilde hareket ettirerek ister rahat geni\u015f bir oturum, isterseniz de misafirlerinizi rahat\u00e7a a\u011f\u0131rlayabilece\u011finiz bir yatak mod\u00fcl\u00fcne d\u00f6n\u00fc\u015febilmektedir.<\/div>\n<div style=\"box-sizing: border-box; outline: none !important;\">&#8211; Her t\u00fcrl\u00fc ko\u015fulda mukavemetinin tam ve \u00f6mr\u00fcn\u00fcn uzun olmas\u0131 i\u00e7in iskeletin t\u00fcm destek noktalar\u0131 kontrplaktan, a\u011f\u0131rl\u0131k noktalar\u0131 ise metal kutu profilden imal edilmi\u015ftir.<\/div>\n<div style=\"box-sizing: border-box; outline: none !important;\">&#8211; T\u00fcm kesim i\u015flemleri standart \u00f6l\u00e7\u00fc ve i\u015f\u00e7ili\u011fi yakalamas\u0131 ad\u0131na CNC makinalarda i\u015flem g\u00f6rmektedir.<\/div>\n<div style=\"box-sizing: border-box; outline: none !important;\">&#8211; \u00d6zel tasar\u0131m y\u00fcksek aya\u011f\u0131 sayesinde, \u00fcr\u00fcn\u00fc yerinden \u00e7ekmeden bulundu\u011fu zemini temizleme imkan\u0131 sunar. Ayr\u0131ca \u00fcr\u00fcn\u00fcn daha uzun s\u00fcreli kullan\u0131lmas\u0131 i\u00e7in gizli ayaklar ile a\u011f\u0131r y\u00fcke kar\u015f\u0131 desteklenmi\u015ftir.<\/div>\n<div style=\"box-sizing: border-box; outline: none !important;\">&#8211; T\u00fcm \u00fcr\u00fcnlerimiz 2 y\u0131l garantilidir.<\/div>\n<div style=\"box-sizing: border-box; outline: none !important;\">&#8211; \u00dcr\u00fcn\u00fcm\u00fcze web sitemiz \u00fczerinden yada size en yak\u0131n modalife ma\u011fazas\u0131ndan ula\u015fabilirsiniz.<\/div>\n<div style=\"box-sizing: border-box; outline: none !important;\"><br style=\"box-sizing: border-box; outline: none !important;\" \/>\n\t\t\t\t<\/div>\n<div style=\"box-sizing: border-box; outline: none !important;\"><span style=\"box-sizing: border-box; outline: none !important; font-weight: bold;\">Kuma\u015f Temizleme i\u015flemi i\u00e7in, mutlaka a\u015fa\u011f\u0131da belirtilen temizlik \u00f6nerilerine uyunuz.<\/span><\/div>\n<div style=\"box-sizing: border-box; outline: none !important;\"><br style=\"box-sizing: border-box; outline: none !important;\" \/>\n\t\t\t\t<\/div>\n<div style=\"box-sizing: border-box; outline: none !important;\"><span style=\"box-sizing: border-box; outline: none !important; font-weight: bold;\">Silerek Temizleme ve Leke \u00c7\u0131kart\u0131lmas\u0131:<\/span><\/div>\n<div style=\"box-sizing: border-box; outline: none !important;\">&#8211; Lekeyi olu\u015fturan bir s\u0131v\u0131 ise; d\u00f6k\u00fclen s\u0131v\u0131y\u0131 hemen ka\u011f\u0131t havlu veya emici bir bez ilelekenin yay\u0131lmamas\u0131 i\u00e7in b\u00f6lgeyi d\u0131\u015ftan i\u00e7e do\u011fru bast\u0131rmadan temizleyiniz.<\/div>\n<div style=\"box-sizing: border-box; outline: none !important;\">&#8211; 1\/4 \u00f6l\u00e7ek toz sabun ve 1 lt. \u0131l\u0131k su ile haz\u0131rlanm\u0131\u015f y\u0131kama \u00e7\u00f6zeltisi haz\u0131rlay\u0131n\u0131z.<\/div>\n<div style=\"box-sizing: border-box; outline: none !important;\">&#8211; Mikro fiber bez ile \u00e7\u00f6zeltinin k\u00f6p\u00fc\u011f\u00fcn\u00fc alarak kumas\u0131n y\u00fczeyini veya lekeli b\u00f6lgeyi fazla kuvvet uygulamadan siliniz.<\/div>\n<div style=\"box-sizing: border-box; outline: none !important;\">&#8211; \u0130nat\u00e7\u0131 lekeler i\u00e7in k\u00f6p\u00fc\u011f\u00fc 15 dakika kadar lekenin \u00fczerinde bekletiniz.<\/div>\n<div style=\"box-sizing: border-box; outline: none !important;\">&#8211; Hafif nemli mikro fiber bez ile t\u00fcm sabun kal\u0131nt\u0131lar\u0131 giderilinceye kadar durulay\u0131n\u0131z.<\/div>\n<div style=\"box-sizing: border-box; outline: none !important;\">&#8211; A\u00e7\u0131k \u015fekilde kurumaya b\u0131rak\u0131n\u0131z. Kurutmak i\u00e7in kesinlikle sa\u00e7 kurutma makinesi veya ba\u015fka bir \u0131s\u0131t\u0131c\u0131 kullanmay\u0131n\u0131z.<\/div>\n<\/div>\n<\/div>\n<\/div>\n<div>\n\t<\/div>\n<table style=\"border-collapse: collapse; width: 100%; height: 90px;\">\n<tbody>\n<tr style=\"height: 18px;\">\n<td style=\"text-align: center; border-width: 1px; border-style: solid; height: 18px;\"><span style=\"font-weight: bold;\">Avrupa D\u00fc\u011f\u00fcn Paketi<\/span><\/td>\n<td style=\"text-align: center; border-width: 1px; border-style: solid; height: 18px;\"><span style=\"font-weight: bold;\">&nbsp;Geni\u015flik<\/span><\/td>\n<td style=\"text-align: center; border-width: 1px; border-style: solid; height: 18px;\"><span style=\"font-weight: bold;\">&nbsp;Y\u00fckseklik<\/span><\/td>\n<td style=\"text-align: center; border-width: 1px; border-style: solid; height: 18px;\"><span style=\"font-weight: bold;\">&nbsp;Derinlik<\/span><\/td>\n<\/tr>\n<tr style=\"height: 18px;\">\n<td style=\"text-align: center; border-width: 1px; border-style: solid; height: 18px;\"><span style=\"font-weight: bold;\">Konsol&nbsp;<\/span><\/td>\n<td style=\"text-align: center; border-width: 1px; border-style: solid; height: 18px;\">186 cm&nbsp;<\/td>\n<td style=\"text-align: center; border-width: 1px; border-style: solid; height: 18px;\">170 cm<\/td>\n<td style=\"text-align: center; border-width: 1px; border-style: solid; height: 18px;\">43 cm&nbsp;<\/td>\n<\/tr>\n<tr style=\"height: 18px;\">\n<td style=\"text-align: center; border-width: 1px; border-style: solid; height: 18px;\"><span style=\"font-weight: bold;\">&nbsp;Tv \u00dcnitesi \u00dcst Mod\u00fcl<\/span><\/td>\n<td style=\"text-align: center; border-width: 1px; border-style: solid; height: 18px;\">182 cm&nbsp;<\/td>\n<td style=\"text-align: center; border-width: 1px; border-style: solid; height: 18px;\">96 cm<\/td>\n<td style=\"text-align: center; border-width: 1px; border-style: solid; height: 18px;\">19 cm&nbsp;<\/td>\n<\/tr>\n<tr style=\"height: 18px;\">\n<td style=\"text-align: center; border-width: 1px; border-style: solid; height: 18px;\"><span style=\"font-weight: bold;\">Tv \u00dcnitesi Alt Mod\u00fcl<\/span><\/td>\n<td style=\"text-align: center; border-width: 1px; border-style: solid; height: 18px;\">186 cm&nbsp;<\/td>\n<td style=\"text-align: center; border-width: 1px; border-style: solid; height: 18px;\">50 cm&nbsp;<\/td>\n<td style=\"text-align: center; border-width: 1px; border-style: solid; height: 18px;\">43 cm&nbsp;<\/td>\n<\/tr>\n<tr style=\"height: 18px;\">\n<td style=\"text-align: center; border-width: 1px; border-style: solid; height: 18px;\"><span style=\"font-weight: bold;\">&nbsp;Masa<\/span><\/td>\n<td style=\"text-align: center; border-width: 1px; border-style: solid; height: 18px;\">163 cm<\/td>\n<td style=\"text-align: center; border-width: 1px; border-style: solid; height: 18px;\">76 cm<\/td>\n<td style=\"text-align: center; border-width: 1px; border-style: solid; height: 18px;\">99 cm<\/td>\n<\/tr>\n<tr style=\"height: 18px;\">\n<td style=\"text-align: center; border-width: 1px; border-style: solid; height: 18px;\"><span style=\"font-weight: bold;\">&nbsp;\u00dc\u00e7l\u00fc Koltuk<\/span><\/td>\n<td style=\"text-align: center; border-width: 1px; border-style: solid; height: 18px;\">224 cm<\/td>\n<td style=\"text-align: center; border-width: 1px; border-style: solid; height: 18px;\">80 cm<\/td>\n<td style=\"text-align: center; border-width: 1px; border-style: solid; height: 18px;\">95 cm&nbsp;<\/td>\n<\/tr>\n<tr style=\"height: 18px;\">\n<td style=\"text-align: center; border-width: 1px; border-style: solid; height: 18px;\"><span style=\"font-weight: bold;\">Berjer&nbsp;<\/span><\/td>\n<td style=\"text-align: center; border-width: 1px; border-style: solid; height: 18px;\">66 cm<\/td>\n<td style=\"text-align: center; border-width: 1px; border-style: solid; height: 18px;\">88 cm<\/td>\n<td style=\"text-align: center; border-width: 1px; border-style: solid; height: 18px;\">87 cm&nbsp;<\/td>\n<\/tr>\n<tr style=\"height: 18px;\">\n<td style=\"text-align: center; border-width: 1px; border-style: solid; height: 18px;\"><span style=\"font-weight: bold;\">Kapakl\u0131 Gard\u0131rop&nbsp;<\/span><\/td>\n<td style=\"text-align: center; border-width: 1px; border-style: solid; height: 18px;\">240 cm&nbsp;<\/td>\n<td style=\"text-align: center; border-width: 1px; border-style: solid; height: 18px;\">212 cm&nbsp;<\/td>\n<td style=\"text-align: center; border-width: 1px; border-style: solid; height: 18px;\">60 cm&nbsp;<\/td>\n<\/tr>\n<tr style=\"height: 18px;\">\n<td style=\"text-align: center; border-width: 1px; border-style: solid; height: 18px;\"><span style=\"font-weight: bold;\">&nbsp;\u015eifonyer<\/span><\/td>\n<td style=\"text-align: center; border-width: 1px; border-style: solid; height: 18px;\">110 cm<\/td>\n<td style=\"text-align: center; border-width: 1px; border-style: solid; height: 18px;\">170 cm&nbsp;<\/td>\n<td style=\"text-align: center; border-width: 1px; border-style: solid; height: 18px;\">43 cm<\/td>\n<\/tr>\n<tr style=\"height: 18px;\">\n<td style=\"text-align: center; border-width: 1px; border-style: solid; height: 18px;\"><span style=\"font-weight: bold;\">&nbsp;Komodin<\/span><\/td>\n<td style=\"text-align: center; border-width: 1px; border-style: solid; height: 18px;\">56 cm<\/td>\n<td style=\"text-align: center; border-width: 1px; border-style: solid; height: 18px;\">56 cm<\/td>\n<td style=\"text-align: center; border-width: 1px; border-style: solid; height: 18px;\">43 cm&nbsp;<\/td>\n<\/tr>\n<tr style=\"height: 18px;\">\n<td style=\"text-align: center; border-width: 1px; border-style: solid; height: 18px;\"><span style=\"font-weight: bold;\">&nbsp;Ba\u015fl\u0131k<\/span><\/td>\n<td style=\"text-align: center; border-width: 1px; border-style: solid; height: 18px;\">164 cm<\/td>\n<td style=\"text-align: center; border-width: 1px; border-style: solid; height: 18px;\">130 cm<\/td>\n<td style=\"text-align: center; border-width: 1px; border-style: solid; height: 18px;\">6 cm<\/td>\n<\/tr>\n<\/tbody>\n<\/table>\n<div class=\"col-lg-4\">&nbsp;<\/div>\n<p><center><iframe width='560' height='315' src='https:\/\/www.youtube.com\/embed\/D7OSiwcv4W4' frameborder='0' allow='accelerometer; autoplay; clipboard-write; encrypted-media; gyroscope; picture-in-picture' allowfullscreen><\/iframe><\/center><br \/>\n<a href=\"https:\/\/www.modalife.com\/urun\/avrupa-uclu-dugun-paketi\"><strong>\u00dcr\u00fcne Git<\/strong><\/a><\/p>\n","protected":false},"excerpt":{"rendered":"<p>AVRUPA YATAK ODASI TAKIMI &#8211; Tak\u0131m\u0131m\u0131z gard\u0131rop, \u015fifonyer, ba\u015fl\u0131k ve 2 adet komodin\u2019den olu\u015fmaktad\u0131r. &#8211; Yatak odas\u0131 tak\u0131mlar\u0131m\u0131zda baza hediyemizdir. &#8211; \u00dcr\u00fcn\u00fcm\u00fczde kullan\u0131lan malzemeler \u00e7izilme, s\u00fcrt\u00fcnme ve yanmaya kar\u015f\u0131 dayan\u0131kl\u0131d\u0131r. &#8211; \u00dcr\u00fcn\u00fcm\u00fcz\u00fcn gard\u0131robu 6 kapakl\u0131d\u0131r. Dileyen m\u00fc\u015fteri\u015flerimiz i\u00e7in s\u00fcrg\u00fc kapakl\u0131 alternatifi de bulunmaktad\u0131r.&nbsp; &#8211; \u00dcr\u00fcnde bulunan siyah mat kulplar ise \u00fcr\u00fcne estetik bir hava katm\u0131\u015ft\u0131r. [&hellip;]<\/p>\n","protected":false},"author":1,"featured_media":0,"comment_status":"closed","ping_status":"closed","sticky":false,"template":"","format":"standard","meta":[],"categories":[],"tags":[],"gutentor_comment":0,"_links":{"self":[{"href":"https:\/\/blog.modalife.click\/index.php?rest_route=\/wp\/v2\/posts\/3989"}],"collection":[{"href":"https:\/\/blog.modalife.click\/index.php?rest_route=\/wp\/v2\/posts"}],"about":[{"href":"https:\/\/blog.modalife.click\/index.php?rest_route=\/wp\/v2\/types\/post"}],"author":[{"embeddable":true,"href":"https:\/\/blog.modalife.click\/index.php?rest_route=\/wp\/v2\/users\/1"}],"replies":[{"embeddable":true,"href":"https:\/\/blog.modalife.click\/index.php?rest_route=%2Fwp%2Fv2%2Fcomments&post=3989"}],"version-history":[{"count":0,"href":"https:\/\/blog.modalife.click\/index.php?rest_route=\/wp\/v2\/posts\/3989\/revisions"}],"wp:attachment":[{"href":"https:\/\/blog.modalife.click\/index.php?rest_route=%2Fwp%2Fv2%2Fmedia&parent=3989"}],"wp:term":[{"taxonomy":"category","embeddable":true,"href":"https:\/\/blog.modalife.click\/index.php?rest_route=%2Fwp%2Fv2%2Fcategories&post=3989"},{"taxonomy":"post_tag","embeddable":true,"href":"https:\/\/blog.modalife.click\/index.php?rest_route=%2Fwp%2Fv2%2Ftags&post=3989"}],"curies":[{"name":"wp","href":"https:\/\/api.w.org\/{rel}","templated":true}]}}