{"id":3987,"date":"2021-04-07T22:39:26","date_gmt":"2021-04-07T19:39:26","guid":{"rendered":"http:\/\/blog.modalife.click\/?p=3987"},"modified":"2021-04-07T22:39:26","modified_gmt":"2021-04-07T19:39:26","slug":"laris-genc-odasi-takimi","status":"publish","type":"post","link":"https:\/\/blog.modalife.click\/?p=3987","title":{"rendered":"Laris Gen\u00e7 Odas\u0131 Tak\u0131m\u0131"},"content":{"rendered":"<p><img src=\"https:\/\/st2.myideasoft.com\/shop\/bo\/48\/myassets\/products\/574\/modalife-laris-genc-cocuk-odasi-takimi.jpg?revision=1618473712\" alt=\"\" \/><\/p>\n<div>&#8211; Pratik mobilyan\u0131n adresi Modalife Mobilya!<\/div>\n<div>&#8211; Laris Gen\u00e7 Odas\u0131, Gard\u0131rop, \u00c7al\u0131\u015fma Masas\u0131, Duvar Raf\u0131, Ba\u015fl\u0131kl\u0131 Karyola, Komodin ve \u015eifonyer&#8217;den olu\u015fmaktad\u0131r.<\/div>\n<div>&#8211; Karyola yatak \u00f6l\u00e7\u00fcs\u00fc 100&#215;200&#8217;dir.<\/div>\n<div>&#8211; Karyola fiyat\u0131na baza dahil de\u011fildir.<\/div>\n<div>&#8211; Evinizin tamamlay\u0131c\u0131 \u00fcr\u00fcnlerini sizler i\u00e7in haz\u0131rlad\u0131k&#8230;<\/div>\n<div>&#8211; \u00dcr\u00fcnlerimiz siz m\u00fc\u015fterilerimizin g\u00fcnl\u00fck hayat\u0131ndaki ihtiya\u00e7lar\u0131n\u0131 en \u00fcst d\u00fczeyde kar\u015f\u0131layabilmesi i\u00e7in tasarlanm\u0131\u015ft\u0131r.<\/div>\n<div>&#8211; \u00dcr\u00fcnlerimiz kaliteden \u00f6d\u00fcn vermeden ergonomik bir \u015fekilde tasarlanm\u0131\u015ft\u0131r.<\/div>\n<div>&#8211; Modalife Mobilya, T\u00fcm T\u00fcketicileri Koruma Derne\u011fi taraf\u0131ndan &#8220;T\u00fcketicilere Tavsiye Edilen Marka&#8221; se\u00e7ilmi\u015ftir.<\/div>\n<div>&#8211; \u00dcr\u00fcnlerimizin geni\u015flik, derinlik ve y\u00fckseklik \u00f6l\u00e7\u00fclerini muadil \u00fcr\u00fcnlerle k\u0131yaslaman\u0131z\u0131 \u00f6neririz.<\/div>\n<div>&#8211; T\u00fcm \u00fcr\u00fcnlerimiz TSE Kalite Belgelerine sahiptir ve 2 y\u0131l garantilidir.<\/div>\n<div>\n\t<\/div>\n<table style=\"border-collapse:collapse;width:100%;\">\n<tbody>\n<tr>\n<td style=\"text-align: center; border-width: 1px; border-style: solid;\"><span style=\"font-weight: bold;\">Laris Gen\u00e7 Odas\u0131<\/span><\/td>\n<td style=\"text-align: center; border-width: 1px; border-style: solid;\"><span style=\"font-weight: bold;\">Geni\u015flik<\/span><\/td>\n<td style=\"text-align: center; border-width: 1px; border-style: solid;\"><span style=\"font-weight: bold;\">Y\u00fckseklik<\/span><\/td>\n<td style=\"text-align: center; border-width: 1px; border-style: solid;\"><span style=\"font-weight: bold;\">Derinlik<\/span><\/td>\n<\/tr>\n<tr>\n<td style=\"text-align: center; border-width: 1px; border-style: solid;\"><span style=\"font-weight: bold;\">Gard\u0131rop<\/span><\/td>\n<td style=\"text-align: center; border-width: 1px; border-style: solid;\">129 cm&nbsp;<\/td>\n<td style=\"text-align: center; border-width: 1px; border-style: solid;\">201 cm<\/td>\n<td style=\"text-align: center; border-width: 1px; border-style: solid;\">55 cm<\/td>\n<\/tr>\n<tr>\n<td style=\"text-align: center; border-width: 1px; border-style: solid;\"><span style=\"font-weight: bold;\">Kitapl\u0131k<\/span><\/td>\n<td style=\"text-align: center; border-width: 1px; border-style: solid;\">43 cm<\/td>\n<td style=\"text-align: center; border-width: 1px; border-style: solid;\">160 cm<\/td>\n<td style=\"text-align: center; border-width: 1px; border-style: solid;\">33 cm<\/td>\n<\/tr>\n<tr>\n<td style=\"text-align: center; border-width: 1px; border-style: solid;\"><span style=\"font-weight: bold;\">\u00c7al\u0131\u015fma Masas\u0131<\/span><\/td>\n<td style=\"text-align: center; border-width: 1px; border-style: solid;\">125 cm<\/td>\n<td style=\"text-align: center; border-width: 1px; border-style: solid;\">102 cm<\/td>\n<td style=\"text-align: center; border-width: 1px; border-style: solid;\">61 cm<\/td>\n<\/tr>\n<tr>\n<td style=\"text-align: center; border-width: 1px; border-style: solid;\"><span style=\"font-weight: bold;\">Duvar Raf\u0131<\/span><\/td>\n<td style=\"text-align: center; border-width: 1px; border-style: solid;\">125 cm<\/td>\n<td style=\"text-align: center; border-width: 1px; border-style: solid;\">23 cm<\/td>\n<td style=\"text-align: center; border-width: 1px; border-style: solid;\">24 cm<\/td>\n<\/tr>\n<tr>\n<td style=\"text-align: center; border-width: 1px; border-style: solid;\"><span style=\"font-weight: bold;\">Komodin<\/span><\/td>\n<td style=\"text-align: center; border-width: 1px; border-style: solid;\">50 cm<\/td>\n<td style=\"text-align: center; border-width: 1px; border-style: solid;\">45 cm<\/td>\n<td style=\"text-align: center; border-width: 1px; border-style: solid;\">40 cm<\/td>\n<\/tr>\n<tr>\n<td style=\"text-align: center; border-width: 1px; border-style: solid;\"><span style=\"font-weight: bold;\">Ba\u015fl\u0131kl\u0131 Karyola<\/span><\/td>\n<td style=\"text-align: center; border-width: 1px; border-style: solid;\">115 cm<\/td>\n<td style=\"text-align: center; border-width: 1px; border-style: solid;\">208 cm<\/td>\n<td style=\"text-align: center; border-width: 1px; border-style: solid;\">205 cm<\/td>\n<\/tr>\n<tr>\n<td style=\"text-align: center; border-width: 1px; border-style: solid;\"><span style=\"font-weight: bold;\">\u015eifonyer<\/span><\/td>\n<td style=\"text-align: center; border-width: 1px; border-style: solid;\">80 cm<\/td>\n<td style=\"text-align: center; border-width: 1px; border-style: solid;\">85 cm<\/td>\n<td style=\"text-align: center; border-width: 1px; border-style: solid;\">42 cm<\/td>\n<\/tr>\n<\/tbody>\n<\/table>\n<p><a href=\"https:\/\/www.modalife.com\/urun\/laris-genc-odasi-takimi\"><strong>\u00dcr\u00fcne Git<\/strong><\/a><\/p>\n","protected":false},"excerpt":{"rendered":"<p>&#8211; Pratik mobilyan\u0131n adresi Modalife Mobilya! &#8211; Laris Gen\u00e7 Odas\u0131, Gard\u0131rop, \u00c7al\u0131\u015fma Masas\u0131, Duvar Raf\u0131, Ba\u015fl\u0131kl\u0131 Karyola, Komodin ve \u015eifonyer&#8217;den olu\u015fmaktad\u0131r. &#8211; Karyola yatak \u00f6l\u00e7\u00fcs\u00fc 100&#215;200&#8217;dir. &#8211; Karyola fiyat\u0131na baza dahil de\u011fildir. &#8211; Evinizin tamamlay\u0131c\u0131 \u00fcr\u00fcnlerini sizler i\u00e7in haz\u0131rlad\u0131k&#8230; &#8211; \u00dcr\u00fcnlerimiz siz m\u00fc\u015fterilerimizin g\u00fcnl\u00fck hayat\u0131ndaki ihtiya\u00e7lar\u0131n\u0131 en \u00fcst d\u00fczeyde kar\u015f\u0131layabilmesi i\u00e7in tasarlanm\u0131\u015ft\u0131r. &#8211; \u00dcr\u00fcnlerimiz kaliteden [&hellip;]<\/p>\n","protected":false},"author":1,"featured_media":0,"comment_status":"closed","ping_status":"closed","sticky":false,"template":"","format":"standard","meta":[],"categories":[],"tags":[],"gutentor_comment":0,"_links":{"self":[{"href":"https:\/\/blog.modalife.click\/index.php?rest_route=\/wp\/v2\/posts\/3987"}],"collection":[{"href":"https:\/\/blog.modalife.click\/index.php?rest_route=\/wp\/v2\/posts"}],"about":[{"href":"https:\/\/blog.modalife.click\/index.php?rest_route=\/wp\/v2\/types\/post"}],"author":[{"embeddable":true,"href":"https:\/\/blog.modalife.click\/index.php?rest_route=\/wp\/v2\/users\/1"}],"replies":[{"embeddable":true,"href":"https:\/\/blog.modalife.click\/index.php?rest_route=%2Fwp%2Fv2%2Fcomments&post=3987"}],"version-history":[{"count":0,"href":"https:\/\/blog.modalife.click\/index.php?rest_route=\/wp\/v2\/posts\/3987\/revisions"}],"wp:attachment":[{"href":"https:\/\/blog.modalife.click\/index.php?rest_route=%2Fwp%2Fv2%2Fmedia&parent=3987"}],"wp:term":[{"taxonomy":"category","embeddable":true,"href":"https:\/\/blog.modalife.click\/index.php?rest_route=%2Fwp%2Fv2%2Fcategories&post=3987"},{"taxonomy":"post_tag","embeddable":true,"href":"https:\/\/blog.modalife.click\/index.php?rest_route=%2Fwp%2Fv2%2Ftags&post=3987"}],"curies":[{"name":"wp","href":"https:\/\/api.w.org\/{rel}","templated":true}]}}