{"id":3974,"date":"2021-07-23T21:09:24","date_gmt":"2021-07-23T18:09:24","guid":{"rendered":"http:\/\/blog.modalife.click\/?p=3974"},"modified":"2021-07-23T21:09:24","modified_gmt":"2021-07-23T18:09:24","slug":"buket-midi-koltuk-takimi-bordo","status":"publish","type":"post","link":"https:\/\/blog.modalife.click\/?p=3974","title":{"rendered":"Buket Midi Koltuk Tak\u0131m\u0131 &#8211; Bordo"},"content":{"rendered":"<p><img src=\"https:\/\/st3.myideasoft.com\/shop\/bo\/48\/myassets\/products\/695\/modalife-buket-midi-koltuk-takimi-yatakli-sandikli-bordo.jpg?revision=1611568403\" alt=\"\" \/><\/p>\n<div>&#8211; Buket midi koltuk tak\u0131m\u0131, yal\u0131n ve \u015f\u0131k tasar\u0131m\u0131, kendine \u00f6zg\u00fcn kol yap\u0131s\u0131 ve minimal tarz\u0131 ile uzun y\u0131llar modas\u0131 ge\u00e7meden keyfini s\u00fcrebilece\u011finiz bir koltuk tak\u0131m\u0131d\u0131r..<\/div>\n<div>&#8211; Buket Koltuk tak\u0131m\u0131m\u0131z 3+3+1 \u015feklindedir.<\/div>\n<div>&#8211; Buket Koltuk Tak\u0131m\u0131 yatakl\u0131 ve sand\u0131kl\u0131d\u0131r..<\/div>\n<div>&#8211; Minimal yap\u0131s\u0131 sayesinde, dar mekanlar da daha kullan\u0131\u015fl\u0131 alan sa\u011flamak ile birlikte, ayn\u0131 zamanda da rahat konforlu bir oturum sa\u011flar.<\/div>\n<div>&#8211; Zarif yap\u0131s\u0131, keten dokulu kuma\u015flar\u0131, yumu\u015fak ge\u00e7i\u015fli renkleri ile her tarz mobilya ya uyum sa\u011flar.<\/div>\n<div>&#8211; \u00dc\u00e7l\u00fc \u00fcnitelerinde misafirlerinizi rahat\u00e7a a\u011f\u0131rlayabilece\u011finiz yatak olabilme ve fazla e\u015fyalar\u0131n\u0131z\u0131 depolama imkan\u0131 sa\u011flayan baza uygulamas\u0131 yap\u0131lm\u0131\u015ft\u0131r..<\/div>\n<div>&#8211; \u00d6zel tasar\u0131m y\u00fcksek aya\u011f\u0131 sayesinde, yerinden \u00e7ekmeden bulundu\u011fu zemini temizleme imkan\u0131 sunar. Ayr\u0131ca \u00fcr\u00fcn\u00fcn daha uzun s\u00fcreli kullan\u0131lmas\u0131 i\u00e7in gizli ayaklar ile a\u011f\u0131r y\u00fcke kar\u015f\u0131 desteklenmi\u015ftir.<\/div>\n<div>&#8211; Her t\u00fcrl\u00fc ko\u015fulda mukavemetinin tam ve \u00f6mr\u00fcn\u00fcn uzun olmas\u0131 i\u00e7in iskeletin t\u00fcm destek noktalar\u0131 kontrplaktan, a\u011f\u0131rl\u0131k noktalar\u0131 ise metal kutu profilden imal edilmi\u015ftir. T\u00fcm kesim i\u015flemleri standart \u00f6l\u00e7\u00fc ve i\u015f\u00e7ili\u011fi yakalamas\u0131 ad\u0131na CNC makinalarda i\u015flem g\u00f6rmektedir.<\/div>\n<div>&#8211; Oturum ve s\u0131rt (yaslanma) ve k\u0131rlent b\u00f6l\u00fcm\u00fcnde 310 gr\/m2 kalitesinde \u00e7\u00f6zg\u00fcl\u00fc \u00f6rme teknolojisi ile \u00fcretilen yeli kuma\u015flar uygulanmaktad\u0131r.<\/div>\n<div><\/p>\n<table style=\"border-collapse:collapse;width:100%;\">\n<tbody>\n<tr>\n<td style=\"text-align: center; border-width: 1px; border-style: solid;\"><span style=\"font-weight: bold;\">Buket Midi Koltuk Tak\u0131m\u0131<\/span><\/td>\n<td style=\"text-align: center; border-width: 1px; border-style: solid;\"><span style=\"font-weight: bold;\">Geni\u015flik<\/span><\/td>\n<td style=\"text-align: center; border-width: 1px; border-style: solid;\"><span style=\"font-weight: bold;\">Y\u00fckseklik<\/span><\/td>\n<td style=\"text-align: center; border-width: 1px; border-style: solid;\"><span style=\"font-weight: bold;\">Derinlik<\/span><\/td>\n<\/tr>\n<tr>\n<td style=\"text-align: center; border-width: 1px; border-style: solid;\">&nbsp;\u00dc\u00e7l\u00fc Koltuk<\/td>\n<td style=\"text-align: center; border-width: 1px; border-style: solid;\">&nbsp;211 cm<\/td>\n<td style=\"text-align: center; border-width: 1px; border-style: solid;\">80 cm&nbsp;<\/td>\n<td style=\"text-align: center; border-width: 1px; border-style: solid;\">&nbsp;80 cm<\/td>\n<\/tr>\n<tr>\n<td style=\"text-align: center; border-width: 1px; border-style: solid;\">&nbsp;Berjer<\/td>\n<td style=\"text-align: center; border-width: 1px; border-style: solid;\">&nbsp;75 cm<\/td>\n<td style=\"text-align: center; border-width: 1px; border-style: solid;\">84 cm&nbsp;<\/td>\n<td style=\"text-align: center; border-width: 1px; border-style: solid;\">&nbsp;84 cm<\/td>\n<\/tr>\n<\/tbody>\n<\/table>\n<p>\n\t<img loading=\"lazy\" border=\"0\" src=\"https:\/\/www.modalife.com\/class\/INNOVAEditor\/assets\/urundetay\/buket\/buketolcu.jpg\" width=\"1046\" height=\"440\" style=\"box-sizing: border-box; vertical-align: middle; border: 0px; height: auto; max-width: 100%; color: rgb(25, 33, 49); font-family: poppins, sans-serif; text-align: -webkit-center; outline: none !important;\" \/>\n\t<\/div>\n<p><a href=\"https:\/\/www.modalife.com\/urun\/buket-midi-koltuk-takimi-renk-secenekli\"><strong>\u00dcr\u00fcne Git<\/strong><\/a><\/p>\n","protected":false},"excerpt":{"rendered":"<p>&#8211; Buket midi koltuk tak\u0131m\u0131, yal\u0131n ve \u015f\u0131k tasar\u0131m\u0131, kendine \u00f6zg\u00fcn kol yap\u0131s\u0131 ve minimal tarz\u0131 ile uzun y\u0131llar modas\u0131 ge\u00e7meden keyfini s\u00fcrebilece\u011finiz bir koltuk tak\u0131m\u0131d\u0131r.. &#8211; Buket Koltuk tak\u0131m\u0131m\u0131z 3+3+1 \u015feklindedir. &#8211; Buket Koltuk Tak\u0131m\u0131 yatakl\u0131 ve sand\u0131kl\u0131d\u0131r.. &#8211; Minimal yap\u0131s\u0131 sayesinde, dar mekanlar da daha kullan\u0131\u015fl\u0131 alan sa\u011flamak ile birlikte, ayn\u0131 zamanda da [&hellip;]<\/p>\n","protected":false},"author":1,"featured_media":0,"comment_status":"closed","ping_status":"closed","sticky":false,"template":"","format":"standard","meta":[],"categories":[],"tags":[],"gutentor_comment":0,"_links":{"self":[{"href":"https:\/\/blog.modalife.click\/index.php?rest_route=\/wp\/v2\/posts\/3974"}],"collection":[{"href":"https:\/\/blog.modalife.click\/index.php?rest_route=\/wp\/v2\/posts"}],"about":[{"href":"https:\/\/blog.modalife.click\/index.php?rest_route=\/wp\/v2\/types\/post"}],"author":[{"embeddable":true,"href":"https:\/\/blog.modalife.click\/index.php?rest_route=\/wp\/v2\/users\/1"}],"replies":[{"embeddable":true,"href":"https:\/\/blog.modalife.click\/index.php?rest_route=%2Fwp%2Fv2%2Fcomments&post=3974"}],"version-history":[{"count":0,"href":"https:\/\/blog.modalife.click\/index.php?rest_route=\/wp\/v2\/posts\/3974\/revisions"}],"wp:attachment":[{"href":"https:\/\/blog.modalife.click\/index.php?rest_route=%2Fwp%2Fv2%2Fmedia&parent=3974"}],"wp:term":[{"taxonomy":"category","embeddable":true,"href":"https:\/\/blog.modalife.click\/index.php?rest_route=%2Fwp%2Fv2%2Fcategories&post=3974"},{"taxonomy":"post_tag","embeddable":true,"href":"https:\/\/blog.modalife.click\/index.php?rest_route=%2Fwp%2Fv2%2Ftags&post=3974"}],"curies":[{"name":"wp","href":"https:\/\/api.w.org\/{rel}","templated":true}]}}