{"id":3952,"date":"2021-06-09T04:22:52","date_gmt":"2021-06-09T01:22:52","guid":{"rendered":"http:\/\/blog.modalife.click\/?p=3952"},"modified":"2021-06-09T04:22:52","modified_gmt":"2021-06-09T01:22:52","slug":"ciragan-yemek-odasi-takimi","status":"publish","type":"post","link":"https:\/\/blog.modalife.click\/?p=3952","title":{"rendered":"\u00c7\u0131ra\u011fan Yemek Odas\u0131 Tak\u0131m\u0131"},"content":{"rendered":"<p><img src=\"https:\/\/st1.myideasoft.com\/shop\/bo\/48\/myassets\/products\/763\/modalife-ciragan-yemek-odasi-takimi-1.jpg?revision=1618993057\" alt=\"\" \/><\/p>\n<div>\n<p style=\"margin-bottom: 0cm; line-height: 100%; text-decoration: none\">&nbsp;<\/p>\n<div>&#8211; \u00c7\u0131ra\u011fan yemek odas\u0131 tak\u0131m\u0131 odan\u0131z\u0131n havas\u0131n\u0131 de\u011fi\u015ftirecek.<\/div>\n<div>&#8211; Tak\u0131m\u0131m\u0131z konsol, tv \u00fcnitesi, masa ve 6 adet sandalyeden olu\u015fmaktad\u0131r.<\/div>\n<div>&#8211; Kullan\u0131lan malzemeler \u00e7izilme ve s\u00fcrt\u00fcnmeye kar\u015f\u0131 dayan\u0131kl\u0131d\u0131r.<\/div>\n<div>&#8211; Renk konfig\u00fcrasyonunda genel itibariyle ayta\u015f\u0131 renk kullan\u0131lm\u0131\u015ft\u0131r. Highgloss ayta\u015f\u0131 renk uygulamas\u0131 ile alt\u0131n sar\u0131s\u0131 renk kombine edilmi\u015ftir.<\/div>\n<div>&#8211; Yerden y\u00fcksek ayak kullan\u0131lm\u0131\u015f olup, siz de\u011ferli m\u00fc\u015fterilerimize temizlik kolayl\u0131\u011f\u0131 sa\u011flanm\u0131\u015ft\u0131r.<\/div>\n<div>&#8211; \u00dcr\u00fcn\u00fcm\u00fczde yava\u015flat\u0131c\u0131 sistem kullan\u0131lm\u0131\u015f olup, h\u0131zl\u0131 \u00e7arpmalar engellenerek \u00fcr\u00fcn fonksiyonelli\u011fi art\u0131r\u0131lm\u0131\u015ft\u0131r.<\/div>\n<div>&#8211; Tv \u00fcnitesinin \u00fcst k\u0131sm\u0131nda dvd, uydu al\u0131c\u0131s\u0131 konulabilmesi i\u00e7in bo\u015f alan b\u0131rak\u0131lm\u0131\u015f olup fonksiyonellik art\u0131r\u0131lm\u0131\u015ft\u0131r.<\/div>\n<div>&#8211; 2 y\u0131l garantilidir.<\/div>\n<div>&#8211; \u00c7\u0131ra\u011fan yemek odas\u0131 tak\u0131m\u0131n\u0131, \u00c7\u0131ra\u011fan yatak odas\u0131 ve Vera koltuk tak\u0131m\u0131 ile kombine ederek evinizde \u015f\u0131kl\u0131k ve b\u00fct\u00fcnl\u00fck olu\u015fturabilirsiniz.<\/div>\n<div>&#8211; \u00dcr\u00fcn\u00fcm\u00fcze web sitemiz \u00fczerinden yada size en yak\u0131n modalife ma\u011fazas\u0131ndan ula\u015fabilirsiniz.<\/div>\n<div>&#8211; Aksesuarlar dekor ama\u00e7l\u0131 kullan\u0131lm\u0131\u015f olup, fiyata dahil de\u011fildir.<\/div>\n<p>&nbsp;<\/p>\n<\/div>\n<div>&nbsp;<\/div>\n<table style=\"border-collapse: collapse; width: 100%; height: 90px;\">\n<tbody>\n<tr style=\"height: 18px;\">\n<td style=\"text-align: center; border-width: 1px; border-style: solid; height: 18px;\"><span style=\"font-weight: bold;\">\u00c7\u0131ra\u011fan Yemek Odas\u0131 Tak\u0131m\u0131<\/span><\/td>\n<td style=\"text-align: center; border-width: 1px; border-style: solid; height: 18px;\"><span style=\"font-weight: bold;\">&nbsp;Geni\u015flik<\/span><\/td>\n<td style=\"text-align: center; border-width: 1px; border-style: solid; height: 18px;\"><span style=\"font-weight: bold;\">&nbsp;Y\u00fckseklik<\/span><\/td>\n<td style=\"text-align: center; border-width: 1px; border-style: solid; height: 18px;\"><span style=\"font-weight: bold;\">&nbsp;Derinlik<\/span><\/td>\n<\/tr>\n<tr style=\"height: 18px;\">\n<td style=\"text-align: center; border-width: 1px; border-style: solid; height: 18px;\"><span style=\"font-weight: bold;\">Konsol&nbsp;<\/span><\/td>\n<td style=\"text-align: center; border-width: 1px; border-style: solid; height: 18px;\">180 cm&nbsp;<\/td>\n<td style=\"text-align: center; border-width: 1px; border-style: solid; height: 18px;\">161 cm<\/td>\n<td style=\"text-align: center; border-width: 1px; border-style: solid; height: 18px;\">44 cm&nbsp;<\/td>\n<\/tr>\n<tr style=\"height: 18px;\">\n<td style=\"text-align: center; border-width: 1px; border-style: solid; height: 18px;\"><span style=\"font-weight: bold;\">&nbsp;Tv \u00dcnitesi<\/span><\/td>\n<td style=\"text-align: center; border-width: 1px; border-style: solid; height: 18px;\">180 cm&nbsp;<\/td>\n<td style=\"text-align: center; border-width: 1px; border-style: solid; height: 18px;\">170 cm<\/td>\n<td style=\"text-align: center; border-width: 1px; border-style: solid; height: 18px;\">44 cm&nbsp;<\/td>\n<\/tr>\n<tr style=\"height: 18px;\">\n<td style=\"text-align: center; border-width: 1px; border-style: solid; height: 18px;\"><span style=\"font-weight: bold;\">Masa<\/span><\/td>\n<td style=\"text-align: center; border-width: 1px; border-style: solid; height: 18px;\">170 cm&nbsp;<\/td>\n<td style=\"text-align: center; border-width: 1px; border-style: solid; height: 18px;\">78 cm&nbsp;<\/td>\n<td style=\"text-align: center; border-width: 1px; border-style: solid; height: 18px;\">90 cm&nbsp;<\/td>\n<\/tr>\n<tr style=\"height: 18px;\">\n<td style=\"text-align: center; border-width: 1px; border-style: solid; height: 18px;\"><span style=\"font-weight: bold;\">Vitrin<\/span><\/td>\n<td style=\"text-align: center; border-width: 1px; border-style: solid; height: 18px;\">110 cm<\/td>\n<td style=\"text-align: center; border-width: 1px; border-style: solid; height: 18px;\">170 cm<\/td>\n<td style=\"text-align: center; border-width: 1px; border-style: solid; height: 18px;\">44 cm<\/td>\n<\/tr>\n<\/tbody>\n<\/table>\n<p><center><iframe width='560' height='315' src='https:\/\/www.youtube.com\/embed\/NJjZWsPxte8' frameborder='0' allow='accelerometer; autoplay; clipboard-write; encrypted-media; gyroscope; picture-in-picture' allowfullscreen><\/iframe><\/center><br \/>\n<a href=\"https:\/\/www.modalife.com\/urun\/ciragan-yemek-odasi-takimi-yeni-sezon\"><strong>\u00dcr\u00fcne Git<\/strong><\/a><\/p>\n","protected":false},"excerpt":{"rendered":"<p>&nbsp; &#8211; \u00c7\u0131ra\u011fan yemek odas\u0131 tak\u0131m\u0131 odan\u0131z\u0131n havas\u0131n\u0131 de\u011fi\u015ftirecek. &#8211; Tak\u0131m\u0131m\u0131z konsol, tv \u00fcnitesi, masa ve 6 adet sandalyeden olu\u015fmaktad\u0131r. &#8211; Kullan\u0131lan malzemeler \u00e7izilme ve s\u00fcrt\u00fcnmeye kar\u015f\u0131 dayan\u0131kl\u0131d\u0131r. &#8211; Renk konfig\u00fcrasyonunda genel itibariyle ayta\u015f\u0131 renk kullan\u0131lm\u0131\u015ft\u0131r. Highgloss ayta\u015f\u0131 renk uygulamas\u0131 ile alt\u0131n sar\u0131s\u0131 renk kombine edilmi\u015ftir. &#8211; Yerden y\u00fcksek ayak kullan\u0131lm\u0131\u015f olup, siz de\u011ferli m\u00fc\u015fterilerimize [&hellip;]<\/p>\n","protected":false},"author":1,"featured_media":0,"comment_status":"closed","ping_status":"closed","sticky":false,"template":"","format":"standard","meta":[],"categories":[],"tags":[],"gutentor_comment":0,"_links":{"self":[{"href":"https:\/\/blog.modalife.click\/index.php?rest_route=\/wp\/v2\/posts\/3952"}],"collection":[{"href":"https:\/\/blog.modalife.click\/index.php?rest_route=\/wp\/v2\/posts"}],"about":[{"href":"https:\/\/blog.modalife.click\/index.php?rest_route=\/wp\/v2\/types\/post"}],"author":[{"embeddable":true,"href":"https:\/\/blog.modalife.click\/index.php?rest_route=\/wp\/v2\/users\/1"}],"replies":[{"embeddable":true,"href":"https:\/\/blog.modalife.click\/index.php?rest_route=%2Fwp%2Fv2%2Fcomments&post=3952"}],"version-history":[{"count":0,"href":"https:\/\/blog.modalife.click\/index.php?rest_route=\/wp\/v2\/posts\/3952\/revisions"}],"wp:attachment":[{"href":"https:\/\/blog.modalife.click\/index.php?rest_route=%2Fwp%2Fv2%2Fmedia&parent=3952"}],"wp:term":[{"taxonomy":"category","embeddable":true,"href":"https:\/\/blog.modalife.click\/index.php?rest_route=%2Fwp%2Fv2%2Fcategories&post=3952"},{"taxonomy":"post_tag","embeddable":true,"href":"https:\/\/blog.modalife.click\/index.php?rest_route=%2Fwp%2Fv2%2Ftags&post=3952"}],"curies":[{"name":"wp","href":"https:\/\/api.w.org\/{rel}","templated":true}]}}