{"id":3946,"date":"2021-07-09T14:04:59","date_gmt":"2021-07-09T11:04:59","guid":{"rendered":"http:\/\/blog.modalife.click\/?p=3946"},"modified":"2021-07-09T14:04:59","modified_gmt":"2021-07-09T11:04:59","slug":"urla-yemek-odasi-takimi","status":"publish","type":"post","link":"https:\/\/blog.modalife.click\/?p=3946","title":{"rendered":"Urla Yemek Odas\u0131 Tak\u0131m\u0131"},"content":{"rendered":"<p><img src=\"https:\/\/st1.myideasoft.com\/shop\/bo\/48\/myassets\/products\/777\/modalife-urla-yemek-odasi-takimi-1.jpg?revision=1618990170\" alt=\"\" \/><\/p>\n<div>\n<div>&#8211; Zarif ve kusursuz bir tasar\u0131ma sahip olan Urla yemek odas\u0131 tak\u0131m\u0131; konsol, tv \u00fcnitesi masa ve 6 adet sandalyeden olu\u015fmaktad\u0131r.<\/div>\n<div>&#8211; Kullan\u0131lan malzemeler \u00e7izilme ve s\u00fcrt\u00fcnmeye kar\u015f\u0131 dayan\u0131kl\u0131d\u0131r.<\/div>\n<div>&#8211; Renk konfig\u00fcrasyonunda genel itibariyle BUTE S\u0130YAH renk kullan\u0131lm\u0131\u015f&nbsp; olup mermer desenli S\u0130N\u0130 renk uygulamas\u0131 ile kombine edilmi\u015ftir.<\/div>\n<div>&#8211; Urla yemek odas\u0131 tak\u0131m\u0131nda yava\u015flat\u0131c\u0131 sistem kullan\u0131lm\u0131\u015f olup, h\u0131zl\u0131 \u00e7arpmalar engellenerek \u00fcr\u00fcn fonksiyonelli\u011fi art\u0131r\u0131lm\u0131\u015ft\u0131r.<\/div>\n<div>&#8211; Konsol aynas\u0131, mod\u00fcl \u00fczerine montaj yap\u0131labilir ayn\u0131 zamanda duvara as\u0131labilir olarak tasarlanm\u0131\u015ft\u0131r.<\/div>\n<div>&#8211; Tv \u00fcnitesinin \u00fcst k\u0131sm\u0131nda dvd, uydu al\u0131c\u0131s\u0131 konulabilmesi i\u00e7in bo\u015f alan b\u0131rak\u0131lm\u0131\u015ft\u0131r.<\/div>\n<div>&#8211; Yemek masas\u0131 geni\u015f ailelerin uzun sohbetler e\u015fli\u011finde rahat\u00e7a yemek yiyebilmeleri i\u00e7in a\u00e7\u0131l\u0131r olarak tasarlanm\u0131\u015ft\u0131r.<\/div>\n<div>&#8211; \u00dcr\u00fcn\u00fcm\u00fczde yerden y\u00fcksek ayak kullan\u0131lm\u0131\u015f olup siz de\u011ferli m\u00fc\u015fterilerimize temizlik kolayl\u0131\u011f\u0131 sa\u011flanm\u0131\u015ft\u0131r.<\/div>\n<div>&#8211; 2 y\u0131l garantilidir.<\/div>\n<div>&#8211; Urla yemek odas\u0131 tak\u0131m\u0131n\u0131, Urla yatak odas\u0131 ve koltuk tak\u0131m\u0131 ile kombine ederek evinizde \u015f\u0131kl\u0131k ve b\u00fct\u00fcnl\u00fck olu\u015fturabilirsiniz.<\/div>\n<div>&#8211; \u00dcr\u00fcn\u00fcm\u00fcze web sitemiz \u00fczerinden yada size en yak\u0131n modalife ma\u011fazas\u0131ndan ula\u015fabilirsiniz.<\/div>\n<div>&#8211; Aksesuarlar dekor ama\u00e7l\u0131 kullan\u0131lm\u0131\u015ft\u0131r. Fiyata dahil de\u011fildir.<\/div>\n<\/div>\n<div>\n\t<\/div>\n<table style=\"border-collapse: collapse; width: 100%; height: 90px;\">\n<tbody>\n<tr style=\"height: 18px;\">\n<td style=\"text-align: center; border-width: 1px; border-style: solid; height: 18px;\">&nbsp;<span style=\"font-weight: bold;\">Urla Yemek Odas\u0131 Tak\u0131m\u0131<\/span><\/td>\n<td style=\"text-align: center; border-width: 1px; border-style: solid; height: 18px;\"><span style=\"font-weight: bold;\">&nbsp;Geni\u015flik<\/span><\/td>\n<td style=\"text-align: center; border-width: 1px; border-style: solid; height: 18px;\"><span style=\"font-weight: bold;\">&nbsp;Y\u00fckseklik<\/span><\/td>\n<td style=\"text-align: center; border-width: 1px; border-style: solid; height: 18px;\"><span style=\"font-weight: bold;\">&nbsp;Derinlik<\/span><\/td>\n<\/tr>\n<tr style=\"height: 18px;\">\n<td style=\"text-align: center; border-width: 1px; border-style: solid; height: 18px;\"><span style=\"font-weight: bold;\">Konsol&nbsp;<\/span><\/td>\n<td style=\"text-align: center; border-width: 1px; border-style: solid; height: 18px;\">200 cm&nbsp;<\/td>\n<td style=\"text-align: center; border-width: 1px; border-style: solid; height: 18px;\">195 cm<\/td>\n<td style=\"text-align: center; border-width: 1px; border-style: solid; height: 18px;\">47 cm&nbsp;<\/td>\n<\/tr>\n<tr style=\"height: 18px;\">\n<td style=\"text-align: center; border-width: 1px; border-style: solid; height: 18px;\"><span style=\"font-weight: bold;\">&nbsp;Tv Sehpas\u0131<\/span><\/td>\n<td style=\"text-align: center; border-width: 1px; border-style: solid; height: 18px;\">200 cm&nbsp;<\/td>\n<td style=\"text-align: center; border-width: 1px; border-style: solid; height: 18px;\">55 cm<\/td>\n<td style=\"text-align: center; border-width: 1px; border-style: solid; height: 18px;\">47 cm&nbsp;<\/td>\n<\/tr>\n<tr style=\"height: 18px;\">\n<td style=\"text-align: center; border-width: 1px; border-style: solid; height: 18px;\"><span style=\"font-weight: bold;\">&nbsp;Masa<\/span><\/td>\n<td style=\"text-align: center; border-width: 1px; border-style: solid; height: 18px;\">160 cm&nbsp;<\/td>\n<td style=\"text-align: center; border-width: 1px; border-style: solid; height: 18px;\">75 cm&nbsp;<\/td>\n<td style=\"text-align: center; border-width: 1px; border-style: solid; height: 18px;\">92,5 cm&nbsp;<\/td>\n<\/tr>\n<tr style=\"height: 18px;\">\n<td style=\"text-align: center; border-width: 1px; border-style: solid; height: 18px;\"><span style=\"font-weight: bold;\">&nbsp;Sandalye<\/span><\/td>\n<td style=\"text-align: center; border-width: 1px; border-style: solid; height: 18px;\">&#8211;<\/td>\n<td style=\"text-align: center; border-width: 1px; border-style: solid; height: 18px;\">&#8211;<\/td>\n<td style=\"text-align: center; border-width: 1px; border-style: solid; height: 18px;\">&#8211;<\/td>\n<\/tr>\n<\/tbody>\n<\/table>\n<p><iframe width='560' height='315' src='https:\/\/www.youtube.com\/embed\/00t-OSQaPDg' title='YouTube video player' frameborder='0' allow='accelerometer; autoplay; clipboard-write; encrypted-media; gyroscope; picture-in-picture' allowfullscreen><\/iframe><br \/>\n<a href=\"https:\/\/www.modalife.com\/urun\/urla-yemek-odasi-takimi\"><strong>\u00dcr\u00fcne Git<\/strong><\/a><\/p>\n","protected":false},"excerpt":{"rendered":"<p>&#8211; Zarif ve kusursuz bir tasar\u0131ma sahip olan Urla yemek odas\u0131 tak\u0131m\u0131; konsol, tv \u00fcnitesi masa ve 6 adet sandalyeden olu\u015fmaktad\u0131r. &#8211; Kullan\u0131lan malzemeler \u00e7izilme ve s\u00fcrt\u00fcnmeye kar\u015f\u0131 dayan\u0131kl\u0131d\u0131r. &#8211; Renk konfig\u00fcrasyonunda genel itibariyle BUTE S\u0130YAH renk kullan\u0131lm\u0131\u015f&nbsp; olup mermer desenli S\u0130N\u0130 renk uygulamas\u0131 ile kombine edilmi\u015ftir. &#8211; Urla yemek odas\u0131 tak\u0131m\u0131nda yava\u015flat\u0131c\u0131 sistem kullan\u0131lm\u0131\u015f [&hellip;]<\/p>\n","protected":false},"author":1,"featured_media":0,"comment_status":"closed","ping_status":"closed","sticky":false,"template":"","format":"standard","meta":[],"categories":[],"tags":[],"gutentor_comment":0,"_links":{"self":[{"href":"https:\/\/blog.modalife.click\/index.php?rest_route=\/wp\/v2\/posts\/3946"}],"collection":[{"href":"https:\/\/blog.modalife.click\/index.php?rest_route=\/wp\/v2\/posts"}],"about":[{"href":"https:\/\/blog.modalife.click\/index.php?rest_route=\/wp\/v2\/types\/post"}],"author":[{"embeddable":true,"href":"https:\/\/blog.modalife.click\/index.php?rest_route=\/wp\/v2\/users\/1"}],"replies":[{"embeddable":true,"href":"https:\/\/blog.modalife.click\/index.php?rest_route=%2Fwp%2Fv2%2Fcomments&post=3946"}],"version-history":[{"count":0,"href":"https:\/\/blog.modalife.click\/index.php?rest_route=\/wp\/v2\/posts\/3946\/revisions"}],"wp:attachment":[{"href":"https:\/\/blog.modalife.click\/index.php?rest_route=%2Fwp%2Fv2%2Fmedia&parent=3946"}],"wp:term":[{"taxonomy":"category","embeddable":true,"href":"https:\/\/blog.modalife.click\/index.php?rest_route=%2Fwp%2Fv2%2Fcategories&post=3946"},{"taxonomy":"post_tag","embeddable":true,"href":"https:\/\/blog.modalife.click\/index.php?rest_route=%2Fwp%2Fv2%2Ftags&post=3946"}],"curies":[{"name":"wp","href":"https:\/\/api.w.org\/{rel}","templated":true}]}}