{"id":3945,"date":"2021-05-05T03:54:31","date_gmt":"2021-05-05T00:54:31","guid":{"rendered":"http:\/\/blog.modalife.click\/?p=3945"},"modified":"2021-05-05T03:54:31","modified_gmt":"2021-05-05T00:54:31","slug":"urla-midi-koltuk-takimi-bordo","status":"publish","type":"post","link":"https:\/\/blog.modalife.click\/?p=3945","title":{"rendered":"Urla Midi Koltuk Tak\u0131m\u0131 &#8211; Bordo"},"content":{"rendered":"<p><img src=\"https:\/\/st1.myideasoft.com\/shop\/bo\/48\/myassets\/products\/779\/modalife-urla-midi-koltuk-takimi-yatakli-bordo.jpg?revision=1610973028\" alt=\"\" \/><\/p>\n<div style=\"text-align: left;\">&#8211; Urla Midi Koltuk tak\u0131m\u0131m\u0131z 3+3+1 \u015feklindedir.<\/div>\n<div style=\"text-align: left;\">&#8211; Urla Midi Koltuk Tak\u0131m\u0131 Modalife Mobilya g\u00fcvencesiyle sizlerle bulu\u015fuyor.<\/div>\n<div style=\"text-align: left;\">&#8211; Urla midi koltuk tak\u0131m\u0131 sadece yatakl\u0131d\u0131r.<\/div>\n<div style=\"text-align: left;\">&#8211; Kolay temizlenebilen ve yumu\u015fak dokulu kuma\u015flarla \u00fcr\u00fcnlerimiz kaplanmaktad\u0131r.<\/div>\n<div style=\"text-align: left;\">&#8211; Koltuklar\u0131m\u0131z konforu evlerinizde daha fazla ya\u015faman\u0131z d\u00fc\u015f\u00fcn\u00fclerek \u00fcretilmi\u015ftir.<\/div>\n<div style=\"text-align: left;\">&#8211; Evlerinizde temizli\u011fi kolayla\u015ft\u0131rmak i\u00e7in koltuk ayaklar\u0131nda ergonometri g\u00f6zetilmi\u015ftir.<\/div>\n<div style=\"text-align: left;\">&#8211; Kanepelerde kaliteli ucuzlu\u011fun adresi Modalife Mobilya olmaya devam ediyor&#8230;<\/div>\n<div style=\"text-align: left;\">\n\t<\/div>\n<div style=\"text-align: left;\">\n<table style=\"text-align: center; border-collapse: collapse; width: 100%;\">\n<tbody>\n<tr>\n<td style=\"text-align: center; border-width: 1px; border-style: solid;\"><span style=\"font-weight: bold;\">&nbsp;Urla Midi Koltuk Tak\u0131m\u0131<\/span><\/td>\n<td style=\"text-align: center; border-width: 1px; border-style: solid;\"><span style=\"font-weight: bold;\">&nbsp;Geni\u015flik<\/span><\/td>\n<td style=\"text-align: center; border-width: 1px; border-style: solid;\"><span style=\"font-weight: bold;\">&nbsp;Y\u00fckseklik<\/span><\/td>\n<td style=\"text-align: center; border-width: 1px; border-style: solid;\"><span style=\"font-weight: bold;\">Derinlik<\/span><\/td>\n<\/tr>\n<tr>\n<td style=\"border-width: 1px; border-style: solid;\">&nbsp;\u00dc\u00e7l\u00fc Koltuk<\/td>\n<td style=\"border-width: 1px; border-style: solid;\">216 cm<\/td>\n<td style=\"border-width: 1px; border-style: solid;\">78 cm<\/td>\n<td style=\"border-width: 1px; border-style: solid;\">100 cm<\/td>\n<\/tr>\n<tr>\n<td style=\"border-width: 1px; border-style: solid;\">&nbsp;Berjer<\/td>\n<td style=\"border-width: 1px; border-style: solid;\">68 cm<\/td>\n<td style=\"border-width: 1px; border-style: solid;\">90 cm<\/td>\n<td style=\"border-width: 1px; border-style: solid;\">85 cm<\/td>\n<\/tr>\n<\/tbody>\n<\/table>\n<\/div>\n<div style=\"text-align: center;\">\n\t<\/div>\n<p>&nbsp;<\/p>\n<p align=\"center\"><img loading=\"lazy\" border=\"0\" src=\"\/class\/INNOVAEditor\/assets\/uruniciresim\/urla\/urlaolcu.jpg\" width=\"1000\" height=\"403\" \/><\/p>\n<p><center><iframe width='560' height='315' src='https:\/\/www.youtube.com\/embed\/3IP3PQ-UQlU' frameborder='0' allow='accelerometer; autoplay; clipboard-write; encrypted-media; gyroscope; picture-in-picture' allowfullscreen><\/iframe><\/center><br \/>\n<a href=\"https:\/\/www.modalife.com\/urun\/urla-midi-koltuk-takimi-bordo\"><strong>\u00dcr\u00fcne Git<\/strong><\/a><\/p>\n","protected":false},"excerpt":{"rendered":"<p>&#8211; Urla Midi Koltuk tak\u0131m\u0131m\u0131z 3+3+1 \u015feklindedir. &#8211; Urla Midi Koltuk Tak\u0131m\u0131 Modalife Mobilya g\u00fcvencesiyle sizlerle bulu\u015fuyor. &#8211; Urla midi koltuk tak\u0131m\u0131 sadece yatakl\u0131d\u0131r. &#8211; Kolay temizlenebilen ve yumu\u015fak dokulu kuma\u015flarla \u00fcr\u00fcnlerimiz kaplanmaktad\u0131r. &#8211; Koltuklar\u0131m\u0131z konforu evlerinizde daha fazla ya\u015faman\u0131z d\u00fc\u015f\u00fcn\u00fclerek \u00fcretilmi\u015ftir. &#8211; Evlerinizde temizli\u011fi kolayla\u015ft\u0131rmak i\u00e7in koltuk ayaklar\u0131nda ergonometri g\u00f6zetilmi\u015ftir. &#8211; Kanepelerde kaliteli ucuzlu\u011fun [&hellip;]<\/p>\n","protected":false},"author":1,"featured_media":0,"comment_status":"closed","ping_status":"closed","sticky":false,"template":"","format":"standard","meta":[],"categories":[],"tags":[],"gutentor_comment":0,"_links":{"self":[{"href":"https:\/\/blog.modalife.click\/index.php?rest_route=\/wp\/v2\/posts\/3945"}],"collection":[{"href":"https:\/\/blog.modalife.click\/index.php?rest_route=\/wp\/v2\/posts"}],"about":[{"href":"https:\/\/blog.modalife.click\/index.php?rest_route=\/wp\/v2\/types\/post"}],"author":[{"embeddable":true,"href":"https:\/\/blog.modalife.click\/index.php?rest_route=\/wp\/v2\/users\/1"}],"replies":[{"embeddable":true,"href":"https:\/\/blog.modalife.click\/index.php?rest_route=%2Fwp%2Fv2%2Fcomments&post=3945"}],"version-history":[{"count":0,"href":"https:\/\/blog.modalife.click\/index.php?rest_route=\/wp\/v2\/posts\/3945\/revisions"}],"wp:attachment":[{"href":"https:\/\/blog.modalife.click\/index.php?rest_route=%2Fwp%2Fv2%2Fmedia&parent=3945"}],"wp:term":[{"taxonomy":"category","embeddable":true,"href":"https:\/\/blog.modalife.click\/index.php?rest_route=%2Fwp%2Fv2%2Fcategories&post=3945"},{"taxonomy":"post_tag","embeddable":true,"href":"https:\/\/blog.modalife.click\/index.php?rest_route=%2Fwp%2Fv2%2Ftags&post=3945"}],"curies":[{"name":"wp","href":"https:\/\/api.w.org\/{rel}","templated":true}]}}