{"id":3942,"date":"2021-05-22T03:15:29","date_gmt":"2021-05-22T00:15:29","guid":{"rendered":"http:\/\/blog.modalife.click\/?p=3942"},"modified":"2021-05-22T03:15:29","modified_gmt":"2021-05-22T00:15:29","slug":"urla-surgulu-gardirop","status":"publish","type":"post","link":"https:\/\/blog.modalife.click\/?p=3942","title":{"rendered":"Urla S\u00fcrg\u00fcl\u00fc Gard\u0131rop"},"content":{"rendered":"<p><img src=\"https:\/\/st3.myideasoft.com\/shop\/bo\/48\/myassets\/products\/783\/urla-yatak-od-a-002.jpg?revision=1572080726\" alt=\"\" \/><\/p>\n<div>&#8211; Tak\u0131m renk konfig\u00fcrasyonunda genel itibariyle BUTE S\u0130YAH renk kullan\u0131lm\u0131\u015f olup mermer desenli S\u0130N\u0130 renk uygulamas\u0131 ile kombine edilmi\u015ftir.<\/div>\n<div>&#8211; Dolap s\u00fcrg\u00fc kapakl\u0131 dizayn edilmi\u015f olup kapak y\u00fczeyindeki girintili \u00e7\u0131k\u0131mt\u0131l\u0131 desen e\u015fsiz bir hava katmaktad\u0131r.<\/div>\n<div>&#8211; \u00dcnite kapak ve sistem kullan\u0131lm\u0131\u015f olup, h\u0131zl\u0131 \u00e7arpmalar engellenerek \u00fcr\u00fcn fonksiyonelli\u011fi artt\u0131r\u0131lm\u0131\u015ft\u0131r.<\/div>\n<div>&#8211; Kapaklarda mat siyah boy kulp kullan\u0131larak estetik hava katm\u0131\u015ft\u0131r.<\/div>\n<div>&#8211; Dolap i\u00e7erisi ihtiya\u00e7lara uygun olarak d\u00fczenlenmi\u015f geni\u015f ve ferah bir kullan\u0131m alan\u0131 sunmaktad\u0131r.<\/div>\n<div>&#8211; Dolap 36mm y\u00fckseltilmi\u015f kal\u0131n alt tabla sayesinde \u00fcr\u00fcnde g\u00f6rsellik art\u0131r\u0131lm\u0131\u015ft\u0131r.<\/div>\n<div>&#8211; Dolap i\u00e7erisinde pantolonluk , kravat asmak i\u00e7in ask\u0131l\u0131k ve degerli e\u015fyalar koyabilmek i\u00e7in bir b\u00f6lme bulunmaktad\u0131r.<\/div>\n<div><\/p>\n<table style=\"text-align: center; border-collapse: collapse; width: 100%;\">\n<tbody>\n<tr>\n<td style=\"border-width: 1px; border-style: solid;\"><span style=\"font-weight: bold;\">Urla<\/span><\/td>\n<td style=\"border-width: 1px; border-style: solid;\"><span style=\"font-weight: bold;\">Geni\u015flik<\/span><\/td>\n<td style=\"border-width: 1px; border-style: solid;\"><span style=\"font-weight: bold;\">Y\u00fckseklik<\/span><\/td>\n<td style=\"border-width: 1px; border-style: solid;\"><span style=\"font-weight: bold;\">Derinlik<\/span><\/td>\n<\/tr>\n<tr>\n<td style=\"border-width: 1px; border-style: solid;\">S\u00fcrg\u00fcl\u00fc Gard\u0131rop<\/td>\n<td style=\"border-width: 1px; border-style: solid;\">239,5 cm<\/td>\n<td style=\"border-width: 1px; border-style: solid;\">215 cm<\/td>\n<td style=\"border-width: 1px; border-style: solid;\">65,5 cm<\/td>\n<\/tr>\n<\/tbody>\n<\/table>\n<div style=\"text-align: center;\">\n\t\t<\/div>\n<div style=\"text-align: center;\">\n\t\t<\/div>\n<\/div>\n<p><a href=\"https:\/\/www.modalife.com\/urun\/urla-surgulu-gardirop\"><strong>\u00dcr\u00fcne Git<\/strong><\/a><\/p>\n","protected":false},"excerpt":{"rendered":"<p>&#8211; Tak\u0131m renk konfig\u00fcrasyonunda genel itibariyle BUTE S\u0130YAH renk kullan\u0131lm\u0131\u015f olup mermer desenli S\u0130N\u0130 renk uygulamas\u0131 ile kombine edilmi\u015ftir. &#8211; Dolap s\u00fcrg\u00fc kapakl\u0131 dizayn edilmi\u015f olup kapak y\u00fczeyindeki girintili \u00e7\u0131k\u0131mt\u0131l\u0131 desen e\u015fsiz bir hava katmaktad\u0131r. &#8211; \u00dcnite kapak ve sistem kullan\u0131lm\u0131\u015f olup, h\u0131zl\u0131 \u00e7arpmalar engellenerek \u00fcr\u00fcn fonksiyonelli\u011fi artt\u0131r\u0131lm\u0131\u015ft\u0131r. &#8211; Kapaklarda mat siyah boy kulp kullan\u0131larak [&hellip;]<\/p>\n","protected":false},"author":1,"featured_media":0,"comment_status":"closed","ping_status":"closed","sticky":false,"template":"","format":"standard","meta":[],"categories":[],"tags":[],"gutentor_comment":0,"_links":{"self":[{"href":"https:\/\/blog.modalife.click\/index.php?rest_route=\/wp\/v2\/posts\/3942"}],"collection":[{"href":"https:\/\/blog.modalife.click\/index.php?rest_route=\/wp\/v2\/posts"}],"about":[{"href":"https:\/\/blog.modalife.click\/index.php?rest_route=\/wp\/v2\/types\/post"}],"author":[{"embeddable":true,"href":"https:\/\/blog.modalife.click\/index.php?rest_route=\/wp\/v2\/users\/1"}],"replies":[{"embeddable":true,"href":"https:\/\/blog.modalife.click\/index.php?rest_route=%2Fwp%2Fv2%2Fcomments&post=3942"}],"version-history":[{"count":0,"href":"https:\/\/blog.modalife.click\/index.php?rest_route=\/wp\/v2\/posts\/3942\/revisions"}],"wp:attachment":[{"href":"https:\/\/blog.modalife.click\/index.php?rest_route=%2Fwp%2Fv2%2Fmedia&parent=3942"}],"wp:term":[{"taxonomy":"category","embeddable":true,"href":"https:\/\/blog.modalife.click\/index.php?rest_route=%2Fwp%2Fv2%2Fcategories&post=3942"},{"taxonomy":"post_tag","embeddable":true,"href":"https:\/\/blog.modalife.click\/index.php?rest_route=%2Fwp%2Fv2%2Ftags&post=3942"}],"curies":[{"name":"wp","href":"https:\/\/api.w.org\/{rel}","templated":true}]}}