{"id":3941,"date":"2021-06-21T09:43:36","date_gmt":"2021-06-21T06:43:36","guid":{"rendered":"http:\/\/blog.modalife.click\/?p=3941"},"modified":"2021-06-21T09:43:36","modified_gmt":"2021-06-21T06:43:36","slug":"urla-tv-sehpasi","status":"publish","type":"post","link":"https:\/\/blog.modalife.click\/?p=3941","title":{"rendered":"Urla Tv Sehpas\u0131"},"content":{"rendered":"<p><img src=\"https:\/\/st3.myideasoft.com\/shop\/bo\/48\/myassets\/products\/784\/1.jpg?revision=1572081019\" alt=\"\" \/><\/p>\n<div>&#8211; Tak\u0131m renk konfig\u00fcrasyonunda genel itibariyle BUTE S\u0130YAH renk kullan\u0131lm\u0131\u015f olup mermer desenli S\u0130N\u0130 renk uygulamas\u0131 ile kombine edilmi\u015ftir.<\/div>\n<div>&#8211; \u00dcr\u00fcnde \u00fc\u00e7 adet \u00e7ekmece, bir adet sergileme raf\u0131 bulunmaktad\u0131r.<\/div>\n<div>&#8211; \u00c7ekmece klapalar\u0131nda siyak ve alt\u0131n kombinasyonlu silindir kulp kullan\u0131larak g\u00f6r\u00fcnt\u00fcs\u00fcne estetik kat\u0131lm\u0131\u015ft\u0131r.<\/div>\n<div>&#8211; \u00c7ekmecenin \u00fcst k\u0131sm\u0131nda dvd, uydu al\u0131c\u0131s\u0131 konulabilmesi i\u00e7in bo\u015f alan fonksiyonellik artt\u0131r\u0131lm\u0131\u015ft\u0131r.<\/div>\n<div>&#8211; \u00dcnitelerde y\u00fcksek ayak kullan\u0131lm\u0131\u015f olup, temizlik kolayl\u0131\u011f\u0131 sa\u011flanm\u0131\u015ft\u0131r.<\/div>\n<div>&#8211; \u00dcnite \u00e7ekmece raylar\u0131 yava\u015flat\u0131c\u0131 sistem kullan\u0131lm\u0131\u015f olup, h\u0131zl\u0131 \u00e7arpmalar engellenerek \u00fcr\u00fcn fonksiyonelli\u011fi artt\u0131r\u0131lm\u0131\u015ft\u0131r.<\/div>\n<div><\/p>\n<table style=\"text-align: center; border-collapse: collapse; width: 100%;\">\n<tbody>\n<tr>\n<td style=\"border-width: 1px; border-style: solid;\"><span style=\"font-weight: bold;\">Urla<\/span><\/td>\n<td style=\"border-width: 1px; border-style: solid;\"><span style=\"font-weight: bold;\">Geni\u015flik<\/span><\/td>\n<td style=\"border-width: 1px; border-style: solid;\"><span style=\"font-weight: bold;\">Y\u00fckseklik<\/span><\/td>\n<td style=\"border-width: 1px; border-style: solid;\"><span style=\"font-weight: bold;\">Derinlik<\/span><\/td>\n<\/tr>\n<tr>\n<td style=\"border-width: 1px; border-style: solid;\">Tv Sehpas\u0131<\/td>\n<td style=\"border-width: 1px; border-style: solid;\">200 cm<\/td>\n<td style=\"border-width: 1px; border-style: solid;\">55 cm<\/td>\n<td style=\"border-width: 1px; border-style: solid;\">47 cm<\/td>\n<\/tr>\n<\/tbody>\n<\/table>\n<div style=\"text-align: center;\">\n\t\t<\/div>\n<div style=\"text-align: center;\">\n\t\t<\/div>\n<\/div>\n<p><a href=\"https:\/\/www.modalife.com\/urun\/urla-tv-sehpasi\"><strong>\u00dcr\u00fcne Git<\/strong><\/a><\/p>\n","protected":false},"excerpt":{"rendered":"<p>&#8211; Tak\u0131m renk konfig\u00fcrasyonunda genel itibariyle BUTE S\u0130YAH renk kullan\u0131lm\u0131\u015f olup mermer desenli S\u0130N\u0130 renk uygulamas\u0131 ile kombine edilmi\u015ftir. &#8211; \u00dcr\u00fcnde \u00fc\u00e7 adet \u00e7ekmece, bir adet sergileme raf\u0131 bulunmaktad\u0131r. &#8211; \u00c7ekmece klapalar\u0131nda siyak ve alt\u0131n kombinasyonlu silindir kulp kullan\u0131larak g\u00f6r\u00fcnt\u00fcs\u00fcne estetik kat\u0131lm\u0131\u015ft\u0131r. &#8211; \u00c7ekmecenin \u00fcst k\u0131sm\u0131nda dvd, uydu al\u0131c\u0131s\u0131 konulabilmesi i\u00e7in bo\u015f alan fonksiyonellik artt\u0131r\u0131lm\u0131\u015ft\u0131r. [&hellip;]<\/p>\n","protected":false},"author":1,"featured_media":0,"comment_status":"closed","ping_status":"closed","sticky":false,"template":"","format":"standard","meta":[],"categories":[],"tags":[],"gutentor_comment":0,"_links":{"self":[{"href":"https:\/\/blog.modalife.click\/index.php?rest_route=\/wp\/v2\/posts\/3941"}],"collection":[{"href":"https:\/\/blog.modalife.click\/index.php?rest_route=\/wp\/v2\/posts"}],"about":[{"href":"https:\/\/blog.modalife.click\/index.php?rest_route=\/wp\/v2\/types\/post"}],"author":[{"embeddable":true,"href":"https:\/\/blog.modalife.click\/index.php?rest_route=\/wp\/v2\/users\/1"}],"replies":[{"embeddable":true,"href":"https:\/\/blog.modalife.click\/index.php?rest_route=%2Fwp%2Fv2%2Fcomments&post=3941"}],"version-history":[{"count":0,"href":"https:\/\/blog.modalife.click\/index.php?rest_route=\/wp\/v2\/posts\/3941\/revisions"}],"wp:attachment":[{"href":"https:\/\/blog.modalife.click\/index.php?rest_route=%2Fwp%2Fv2%2Fmedia&parent=3941"}],"wp:term":[{"taxonomy":"category","embeddable":true,"href":"https:\/\/blog.modalife.click\/index.php?rest_route=%2Fwp%2Fv2%2Fcategories&post=3941"},{"taxonomy":"post_tag","embeddable":true,"href":"https:\/\/blog.modalife.click\/index.php?rest_route=%2Fwp%2Fv2%2Ftags&post=3941"}],"curies":[{"name":"wp","href":"https:\/\/api.w.org\/{rel}","templated":true}]}}