{"id":3929,"date":"2021-04-11T00:19:45","date_gmt":"2021-04-10T21:19:45","guid":{"rendered":"http:\/\/blog.modalife.click\/?p=3929"},"modified":"2021-04-11T00:19:45","modified_gmt":"2021-04-10T21:19:45","slug":"anfora-midi-koltuk-takimi-gri","status":"publish","type":"post","link":"https:\/\/blog.modalife.click\/?p=3929","title":{"rendered":"Anfora Midi Koltuk Tak\u0131m\u0131 &#8211; Gri"},"content":{"rendered":"<p><img src=\"https:\/\/st1.myideasoft.com\/shop\/bo\/48\/myassets\/products\/862\/modalife-anfora-midi-koltuk-takimi-yatakli-sandikli-gri.jpg?revision=1611228672\" alt=\"\" \/><\/p>\n<div>&#8211; Anfora Midi Koltuk tak\u0131m\u0131m\u0131z 3+3+1 \u015feklindedir.<\/div>\n<div>&#8211; Anfora Midi koltuk tak\u0131m\u0131nda, son y\u0131llar\u0131n moda ve trendlerin den olan bak\u0131r kaplama uygulamas\u0131n\u0131, koltuk ayaklar\u0131nda, \u00f6zel tasar\u0131m k\u0131rlent tokas\u0131n da ve kol \u00f6n k\u0131sm\u0131nda da bak\u0131r kaplama aksesuarlar kullan\u0131lm\u0131\u015ft\u0131r. Ayr\u0131ca bak\u0131r \u2019in parlak metal g\u00f6r\u00fcn\u00fcm\u00fc sayesinde, eviniz s\u0131cak, zarif ve \u015f\u0131k l\u00fcks bir mekan haline getirmesini de sa\u011flayacakt\u0131r.<\/div>\n<div>&#8211; Kollar\u0131nda ve s\u0131rt k\u0131sm\u0131nda uygulanan kapitone ve d\u00fc\u011fme \u00e7ektirme detaylar\u0131, \u00f6zel el i\u015f\u00e7ili\u011fi ve ince bir ustal\u0131\u011f\u0131n sayesinde olu\u015fabilmektedir. Tak\u0131mda toplamda 94 adet kuma\u015f giydirilmi\u015f d\u00fc\u011fme kullan\u0131larak, butik bir i\u015flem uygulanm\u0131\u015ft\u0131r.<\/div>\n<div>&#8211; S\u00fcper yumu\u015fak tu\u015feli kuma\u015flar\u0131 ve m\u00fckemmel renk kontrast ge\u00e7i\u015fleri sayesinde rahatl\u0131k ve \u015f\u0131kl\u0131\u011f\u0131 bir araya getirmesini sa\u011flam\u0131\u015ft\u0131r.<\/div>\n<div>&#8211; \u00d6zel tasar\u0131m bak\u0131r kaplama y\u00fcksek aya\u011f\u0131 sayesinde, \u00fcr\u00fcn\u00fc yerinden \u00e7ekmeden bulundu\u011fu zemini temizleme imkan\u0131 sunar. Ayr\u0131ca \u00fcr\u00fcn\u00fcn daha uzun s\u00fcreli kullan\u0131lmas\u0131 i\u00e7in gizli ayaklar ile a\u011f\u0131r y\u00fcke kar\u015f\u0131 desteklenmi\u015ftir.<\/div>\n<div>&#8211; \u00dc\u00e7l\u00fc \u00fcnitelerinde misafirlerinizi rahat\u00e7a a\u011f\u0131rlayaca\u011f\u0131n\u0131z yatak olabilme \u00f6zelli\u011fi sa\u011flar.<\/div>\n<div>&#8211; Oturumda 140 mm kal\u0131nl\u0131\u011f\u0131nda &#8220;HR\u201d s\u00fcnger kullan\u0131lm\u0131\u015ft\u0131r. Bu grupta yer alan s\u00fcngerler, son derece konforludurlar. Esneklikleri y\u00fcksek olmalar\u0131na ra\u011fmen, hem \u00e7ekme ve hem basma katsay\u0131s\u0131 neredeyse birbirine e\u015fittir. Di\u011fer gruptaki s\u00fcngerlere g\u00f6re daha ortopediktir ve ayn\u0131 zamanda daha dayan\u0131kl\u0131d\u0131r.<\/div>\n<div>&#8211; Her t\u00fcrl\u00fc ko\u015fulda mukavemetinin tam ve \u00f6mr\u00fcn\u00fcn uzun olmas\u0131 i\u00e7in iskeletin t\u00fcm destek noktalar\u0131 kontrplaktan, a\u011f\u0131rl\u0131k noktalar\u0131 ise metal kutu profil den imal edilmi\u015ftir. T\u00fcm kesim i\u015flemleri standart \u00f6l\u00e7\u00fc ve i\u015f\u00e7ili\u011fi yakalamas\u0131 ad\u0131na CNC makinalarda i\u015flem g\u00f6rmektedir.<\/div>\n<div>&#8211; Oturum ve s\u0131rt (yaslanma) ve k\u0131rlent b\u00f6l\u00fcm\u00fcnde 330 gr\/m2 kalitesinde \u00e7\u00f6zg\u00fcl\u00fc \u00f6rme teknolojisi ile ithal kuma\u015flar uygulanmaktad\u0131r.<\/div>\n<div><\/p>\n<table style=\"text-align: center; border-collapse: collapse; width: 100%;\">\n<tbody>\n<tr>\n<td style=\"text-align: center; border-width: 1px; border-style: solid;\"><span style=\"font-weight: bold;\">&nbsp;Anfora Midi Koltuk Tak\u0131m\u0131<\/span><\/td>\n<td style=\"text-align: center; border-width: 1px; border-style: solid;\"><span style=\"font-weight: bold;\">&nbsp;Geni\u015flik<\/span><\/td>\n<td style=\"text-align: center; border-width: 1px; border-style: solid;\"><span style=\"font-weight: bold;\">&nbsp;Y\u00fckseklik<\/span><\/td>\n<td style=\"text-align: center; border-width: 1px; border-style: solid;\"><span style=\"font-weight: bold;\">&nbsp;Derinlik<\/span><\/td>\n<\/tr>\n<tr>\n<td style=\"text-align: center; border-width: 1px; border-style: solid;\">\u00dc\u00e7l\u00fc Koltuk&nbsp;<\/td>\n<td style=\"text-align: center; border-width: 1px; border-style: solid;\">226 cm<\/td>\n<td style=\"text-align: center; border-width: 1px; border-style: solid;\">90 cm<\/td>\n<td style=\"text-align: center; border-width: 1px; border-style: solid;\">94 cm<\/td>\n<\/tr>\n<tr>\n<td style=\"text-align: center; border-width: 1px; border-style: solid;\">&nbsp;Berjer<\/td>\n<td style=\"text-align: center; border-width: 1px; border-style: solid;\">83 cm<\/td>\n<td style=\"text-align: center; border-width: 1px; border-style: solid;\">96 cm<\/td>\n<td style=\"text-align: center; border-width: 1px; border-style: solid;\">85 cm<\/td>\n<\/tr>\n<\/tbody>\n<\/table>\n<\/div>\n<p><a href=\"https:\/\/www.modalife.com\/urun\/anfora-midi-koltuk-takimi-renk-secenekli\"><strong>\u00dcr\u00fcne Git<\/strong><\/a><\/p>\n","protected":false},"excerpt":{"rendered":"<p>&#8211; Anfora Midi Koltuk tak\u0131m\u0131m\u0131z 3+3+1 \u015feklindedir. &#8211; Anfora Midi koltuk tak\u0131m\u0131nda, son y\u0131llar\u0131n moda ve trendlerin den olan bak\u0131r kaplama uygulamas\u0131n\u0131, koltuk ayaklar\u0131nda, \u00f6zel tasar\u0131m k\u0131rlent tokas\u0131n da ve kol \u00f6n k\u0131sm\u0131nda da bak\u0131r kaplama aksesuarlar kullan\u0131lm\u0131\u015ft\u0131r. Ayr\u0131ca bak\u0131r \u2019in parlak metal g\u00f6r\u00fcn\u00fcm\u00fc sayesinde, eviniz s\u0131cak, zarif ve \u015f\u0131k l\u00fcks bir mekan haline getirmesini [&hellip;]<\/p>\n","protected":false},"author":1,"featured_media":0,"comment_status":"closed","ping_status":"closed","sticky":false,"template":"","format":"standard","meta":[],"categories":[],"tags":[],"gutentor_comment":0,"_links":{"self":[{"href":"https:\/\/blog.modalife.click\/index.php?rest_route=\/wp\/v2\/posts\/3929"}],"collection":[{"href":"https:\/\/blog.modalife.click\/index.php?rest_route=\/wp\/v2\/posts"}],"about":[{"href":"https:\/\/blog.modalife.click\/index.php?rest_route=\/wp\/v2\/types\/post"}],"author":[{"embeddable":true,"href":"https:\/\/blog.modalife.click\/index.php?rest_route=\/wp\/v2\/users\/1"}],"replies":[{"embeddable":true,"href":"https:\/\/blog.modalife.click\/index.php?rest_route=%2Fwp%2Fv2%2Fcomments&post=3929"}],"version-history":[{"count":0,"href":"https:\/\/blog.modalife.click\/index.php?rest_route=\/wp\/v2\/posts\/3929\/revisions"}],"wp:attachment":[{"href":"https:\/\/blog.modalife.click\/index.php?rest_route=%2Fwp%2Fv2%2Fmedia&parent=3929"}],"wp:term":[{"taxonomy":"category","embeddable":true,"href":"https:\/\/blog.modalife.click\/index.php?rest_route=%2Fwp%2Fv2%2Fcategories&post=3929"},{"taxonomy":"post_tag","embeddable":true,"href":"https:\/\/blog.modalife.click\/index.php?rest_route=%2Fwp%2Fv2%2Ftags&post=3929"}],"curies":[{"name":"wp","href":"https:\/\/api.w.org\/{rel}","templated":true}]}}