{"id":3926,"date":"2021-05-11T11:33:10","date_gmt":"2021-05-11T08:33:10","guid":{"rendered":"http:\/\/blog.modalife.click\/?p=3926"},"modified":"2021-05-11T11:33:10","modified_gmt":"2021-05-11T08:33:10","slug":"nero-koltuk-takimi-yesil","status":"publish","type":"post","link":"https:\/\/blog.modalife.click\/?p=3926","title":{"rendered":"Nero Koltuk Tak\u0131m\u0131 &#8211; Ye\u015fil"},"content":{"rendered":"<p><img src=\"https:\/\/st1.myideasoft.com\/shop\/bo\/48\/myassets\/products\/912\/modalife-nero-koltuk-takimi-yesil.jpg?revision=1610352878\" alt=\"\" \/><\/p>\n<div>Nero Koltuk Tak\u0131m\u0131, \u00dc\u00e7l\u00fc Kanepe, tekli koltuk ve puf&#8217;tan olu\u015fmaktad\u0131r.<\/div>\n<div>Nero kanepe ve tekli koltuk sadece yatakl\u0131d\u0131r.<\/div>\n<div>\n\t<\/div>\n<table style=\"text-align: center; border-collapse: collapse; width: 100%;\">\n<tbody>\n<tr>\n<td style=\"text-align: center; border-width: 1px; border-style: solid;\"><span style=\"font-weight: bold;\">Nero Koltuk Tak\u0131m\u0131<\/span><\/td>\n<td style=\"text-align: center; border-width: 1px; border-style: solid;\"><span style=\"font-weight: bold;\">&nbsp;Geni\u015flik<\/span><\/td>\n<td style=\"text-align: center; border-width: 1px; border-style: solid;\"><span style=\"font-weight: bold;\">&nbsp;Y\u00fckseklik<\/span><\/td>\n<td style=\"text-align: center; border-width: 1px; border-style: solid;\"><span style=\"font-weight: bold;\">&nbsp;Derinlik<\/span><\/td>\n<\/tr>\n<tr>\n<td style=\"text-align: center; border-width: 1px; border-style: solid;\">\u00dc\u00e7l\u00fc Kanepe<\/td>\n<td style=\"text-align: center; border-width: 1px; border-style: solid;\">189 cm<\/td>\n<td style=\"text-align: center; border-width: 1px; border-style: solid;\">78 cm<\/td>\n<td style=\"text-align: center; border-width: 1px; border-style: solid;\">94 cm<\/td>\n<\/tr>\n<tr>\n<td style=\"text-align: center; border-width: 1px; border-style: solid;\">Berjer<\/td>\n<td style=\"text-align: center; border-width: 1px; border-style: solid;\">70 cm<\/td>\n<td style=\"text-align: center; border-width: 1px; border-style: solid;\">78 cm<\/td>\n<td style=\"text-align: center; border-width: 1px; border-style: solid;\">94 cm<\/td>\n<\/tr>\n<tr>\n<td style=\"text-align: center; border-width: 1px; border-style: solid;\">Puf<\/td>\n<td style=\"text-align: center; border-width: 1px; border-style: solid;\">70 cm<\/td>\n<td style=\"text-align: center; border-width: 1px; border-style: solid;\">43 cm<\/td>\n<td style=\"text-align: center; border-width: 1px; border-style: solid;\">94 cm<\/td>\n<\/tr>\n<\/tbody>\n<\/table>\n<p><iframe width='560' height='315' src='https:\/\/www.youtube.com\/embed\/Kqf-yaZm-e8' title='YouTube video player' frameborder='0'allow='accelerometer; clipboard-write; encrypted-media; gyroscope; picture-in-picture'allowfullscreen><\/iframe><br \/>\n<a href=\"https:\/\/www.modalife.com\/urun\/nero-koltuk-takimi\"><strong>\u00dcr\u00fcne Git<\/strong><\/a><\/p>\n","protected":false},"excerpt":{"rendered":"<p>Nero Koltuk Tak\u0131m\u0131, \u00dc\u00e7l\u00fc Kanepe, tekli koltuk ve puf&#8217;tan olu\u015fmaktad\u0131r. Nero kanepe ve tekli koltuk sadece yatakl\u0131d\u0131r. Nero Koltuk Tak\u0131m\u0131 &nbsp;Geni\u015flik &nbsp;Y\u00fckseklik &nbsp;Derinlik \u00dc\u00e7l\u00fc Kanepe 189 cm 78 cm 94 cm Berjer 70 cm 78 cm 94 cm Puf 70 cm 43 cm 94 cm \u00dcr\u00fcne Git<\/p>\n","protected":false},"author":1,"featured_media":0,"comment_status":"closed","ping_status":"closed","sticky":false,"template":"","format":"standard","meta":[],"categories":[],"tags":[],"gutentor_comment":0,"_links":{"self":[{"href":"https:\/\/blog.modalife.click\/index.php?rest_route=\/wp\/v2\/posts\/3926"}],"collection":[{"href":"https:\/\/blog.modalife.click\/index.php?rest_route=\/wp\/v2\/posts"}],"about":[{"href":"https:\/\/blog.modalife.click\/index.php?rest_route=\/wp\/v2\/types\/post"}],"author":[{"embeddable":true,"href":"https:\/\/blog.modalife.click\/index.php?rest_route=\/wp\/v2\/users\/1"}],"replies":[{"embeddable":true,"href":"https:\/\/blog.modalife.click\/index.php?rest_route=%2Fwp%2Fv2%2Fcomments&post=3926"}],"version-history":[{"count":0,"href":"https:\/\/blog.modalife.click\/index.php?rest_route=\/wp\/v2\/posts\/3926\/revisions"}],"wp:attachment":[{"href":"https:\/\/blog.modalife.click\/index.php?rest_route=%2Fwp%2Fv2%2Fmedia&parent=3926"}],"wp:term":[{"taxonomy":"category","embeddable":true,"href":"https:\/\/blog.modalife.click\/index.php?rest_route=%2Fwp%2Fv2%2Fcategories&post=3926"},{"taxonomy":"post_tag","embeddable":true,"href":"https:\/\/blog.modalife.click\/index.php?rest_route=%2Fwp%2Fv2%2Ftags&post=3926"}],"curies":[{"name":"wp","href":"https:\/\/api.w.org\/{rel}","templated":true}]}}