{"id":3897,"date":"2021-05-01T04:45:17","date_gmt":"2021-05-01T01:45:17","guid":{"rendered":"http:\/\/blog.modalife.click\/?p=3897"},"modified":"2021-05-01T04:45:17","modified_gmt":"2021-05-01T01:45:17","slug":"demre-midi-koltuk-takimi-gul-kurusu","status":"publish","type":"post","link":"https:\/\/blog.modalife.click\/?p=3897","title":{"rendered":"Demre Midi Koltuk Tak\u0131m\u0131 &#8211; G\u00fcl Kurusu"},"content":{"rendered":"<p><img src=\"https:\/\/st1.myideasoft.com\/shop\/bo\/48\/myassets\/products\/920\/modalife-demre-midi-koltuk-takimi-yatakli-gul-kurusu.jpg?revision=1610455071\" alt=\"\" \/><\/p>\n<div>&#8211; Tasar\u0131m\u0131 ve tarz\u0131yla b\u00fcy\u00fcl\u00fc bir atmosfer olu\u015fturmay\u0131 ama\u00e7layan Demre, geni\u015f oturum alan\u0131 ile size en rahat oturumu vaat ediyor.<\/div>\n<div>&#8211; Tak\u0131m\u0131m\u0131z 2 adet 3\u2019l\u00fc koltuk 1 adet berjer&#8217;den olu\u015fmaktad\u0131r.<\/div>\n<div>&#8211; Demre midi koltuk tak\u0131m\u0131nda, bu senenin en \u00e7ok be\u011fenilen gold g\u00f6r\u00fcn\u00fcml\u00fc biye uygulamas\u0131n\u0131 g\u00f6rebilirsiniz.<\/div>\n<div>&#8211; Son y\u0131llar\u0131n moda ve trendlerinden olan metal pirin\u00e7 kaplama detay\u0131, \u2018Demre\u2019nin ayaklar\u0131nda da kullan\u0131lm\u0131\u015ft\u0131r. Ayr\u0131ca pirin\u00e7 kaplaman\u0131n alt\u0131n metal g\u00f6r\u00fcn\u00fcm\u00fc sayesinde, evinize \u015f\u0131kl\u0131k katmaktad\u0131r.<\/div>\n<div>&#8211; \u0130nce i\u015fcili\u011fi ile dikey kapitone detaylar\u0131n\u0131 \u00fc\u00e7l\u00fc kollar\u0131nda,berjerin s\u0131rt alt k\u0131sm\u0131nda g\u00f6rebilirsiniz.<\/div>\n<div>&#8211; \u00dc\u00e7l\u00fc koltuklar\u0131nda bulunan mekanizman\u0131n 180 derece d\u00f6nebilmesi sayesinde ister rahat geni\u015f bir oturum, isterseniz de misafirlerinizi rahat\u00e7a a\u011f\u0131rlayabilece\u011finiz bir yatak elde edebilirsiniz. Ayr\u0131ca s\u0131rt k\u0131sm\u0131nda bulunan mermer efektli suntalam sayesinde \u00fcr\u00fcn\u00fc bir sehpa gibi kullanabilirsiniz.<\/div>\n<div>&#8211; S\u00fcper yumu\u015fak tu\u015feli kuma\u015flar\u0131 ve m\u00fckemmel \u00e7ift renk kontrast ge\u00e7i\u015fleri sayesinde rahatl\u0131k ve \u015f\u0131kl\u0131\u011f\u0131 bir araya getirmeyi ama\u00e7lam\u0131\u015ft\u0131r.<\/div>\n<div>&#8211; Modern hatl\u0131 berjeri v\u00fccut \u015fekline ve a\u011f\u0131rl\u0131\u011f\u0131na g\u00f6re \u015fekil almas\u0131na m\u00fckemmel adapte olur ve v\u00fccut k\u0131vr\u0131mlar\u0131n\u0131 destekleyerek do\u011fru omurga deste\u011fi sa\u011flar.<\/div>\n<div>&#8211; \u00d6zel tasar\u0131m y\u00fcksek aya\u011f\u0131 sayesinde, \u00fcr\u00fcn\u00fc yerinden \u00e7ekmeden bulundu\u011fu zemini kolayca temizleme imkan\u0131 sunar. Ayr\u0131ca \u00fcr\u00fcn\u00fcn daha uzun s\u00fcreli kullan\u0131lmas\u0131 i\u00e7in gizli ayaklar ile a\u011f\u0131r y\u00fcke kar\u015f\u0131 desteklenmi\u015ftir.<\/div>\n<div>&#8211; Demre koltuk tak\u0131m\u0131na web sitemiz \u00fczerinden yada size en yak\u0131n modalife ma\u011fazalar\u0131ndan ula\u015fabilirsiniz.<\/div>\n<div>&nbsp;<\/div>\n<div>\n<table style=\"text-align: center; border-collapse: collapse; width: 100%;\">\n<tbody>\n<tr>\n<td style=\"text-align: center; border-width: 1px; border-style: solid;\"><span style=\"font-weight: bold;\">&nbsp;Demre Midi Koltuk Tak\u0131m\u0131<\/span><\/td>\n<td style=\"text-align: center; border-width: 1px; border-style: solid;\"><span style=\"font-weight: bold;\">Geni\u015flik<\/span><\/td>\n<td style=\"text-align: center; border-width: 1px; border-style: solid;\"><span style=\"font-weight: bold;\">Y\u00fckseklik<\/span><\/td>\n<td style=\"text-align: center; border-width: 1px; border-style: solid;\"><span style=\"font-weight: bold;\">Derinlik&nbsp;<\/span><\/td>\n<\/tr>\n<tr>\n<td style=\"text-align: center; border-width: 1px; border-style: solid;\">&nbsp;\u00dc\u00e7l\u00fc Koltuk<\/td>\n<td style=\"text-align: center; border-width: 1px; border-style: solid;\">233 cm<\/td>\n<td style=\"text-align: center; border-width: 1px; border-style: solid;\">77 cm<\/td>\n<td style=\"text-align: center; border-width: 1px; border-style: solid;\">94 cm<\/td>\n<\/tr>\n<tr>\n<td style=\"text-align: center; border-width: 1px; border-style: solid;\">&nbsp;Berjer<\/td>\n<td style=\"text-align: center; border-width: 1px; border-style: solid;\">74 cm&nbsp;<\/td>\n<td style=\"text-align: center; border-width: 1px; border-style: solid;\">103 cm<\/td>\n<td style=\"text-align: center; border-width: 1px; border-style: solid;\">94 cm<\/td>\n<\/tr>\n<\/tbody>\n<\/table>\n<p>\n\t<img loading=\"lazy\" border=\"0\" src=\"https:\/\/www.modalife.com\/class\/INNOVAEditor\/assets\/uruniciresim\/demre\/demreolcu.jpg\" width=\"1115\" height=\"256\" style=\"box-sizing: border-box; vertical-align: middle; border: 0px; height: auto; max-width: 100%; color: rgb(25, 33, 49); font-family: poppins, sans-serif; text-align: -webkit-center; outline: none !important;\" \/>\n\t<\/div>\n<p><center><iframe width='560' height='315' src='https:\/\/www.youtube.com\/embed\/f2p3XK0cDvM' frameborder='0' allow='accelerometer; autoplay; clipboard-write; encrypted-media; gyroscope; picture-in-picture' allowfullscreen><\/iframe><\/center><br \/>\n<a href=\"https:\/\/www.modalife.com\/urun\/demre-midi-koltuk-takimi-gul-kurusu\"><strong>\u00dcr\u00fcne Git<\/strong><\/a><\/p>\n","protected":false},"excerpt":{"rendered":"<p>&#8211; Tasar\u0131m\u0131 ve tarz\u0131yla b\u00fcy\u00fcl\u00fc bir atmosfer olu\u015fturmay\u0131 ama\u00e7layan Demre, geni\u015f oturum alan\u0131 ile size en rahat oturumu vaat ediyor. &#8211; Tak\u0131m\u0131m\u0131z 2 adet 3\u2019l\u00fc koltuk 1 adet berjer&#8217;den olu\u015fmaktad\u0131r. &#8211; Demre midi koltuk tak\u0131m\u0131nda, bu senenin en \u00e7ok be\u011fenilen gold g\u00f6r\u00fcn\u00fcml\u00fc biye uygulamas\u0131n\u0131 g\u00f6rebilirsiniz. &#8211; Son y\u0131llar\u0131n moda ve trendlerinden olan metal pirin\u00e7 kaplama [&hellip;]<\/p>\n","protected":false},"author":1,"featured_media":0,"comment_status":"closed","ping_status":"closed","sticky":false,"template":"","format":"standard","meta":[],"categories":[],"tags":[],"gutentor_comment":0,"_links":{"self":[{"href":"https:\/\/blog.modalife.click\/index.php?rest_route=\/wp\/v2\/posts\/3897"}],"collection":[{"href":"https:\/\/blog.modalife.click\/index.php?rest_route=\/wp\/v2\/posts"}],"about":[{"href":"https:\/\/blog.modalife.click\/index.php?rest_route=\/wp\/v2\/types\/post"}],"author":[{"embeddable":true,"href":"https:\/\/blog.modalife.click\/index.php?rest_route=\/wp\/v2\/users\/1"}],"replies":[{"embeddable":true,"href":"https:\/\/blog.modalife.click\/index.php?rest_route=%2Fwp%2Fv2%2Fcomments&post=3897"}],"version-history":[{"count":0,"href":"https:\/\/blog.modalife.click\/index.php?rest_route=\/wp\/v2\/posts\/3897\/revisions"}],"wp:attachment":[{"href":"https:\/\/blog.modalife.click\/index.php?rest_route=%2Fwp%2Fv2%2Fmedia&parent=3897"}],"wp:term":[{"taxonomy":"category","embeddable":true,"href":"https:\/\/blog.modalife.click\/index.php?rest_route=%2Fwp%2Fv2%2Fcategories&post=3897"},{"taxonomy":"post_tag","embeddable":true,"href":"https:\/\/blog.modalife.click\/index.php?rest_route=%2Fwp%2Fv2%2Ftags&post=3897"}],"curies":[{"name":"wp","href":"https:\/\/api.w.org\/{rel}","templated":true}]}}