{"id":3896,"date":"2021-04-17T08:16:26","date_gmt":"2021-04-17T05:16:26","guid":{"rendered":"http:\/\/blog.modalife.click\/?p=3896"},"modified":"2021-04-17T08:16:26","modified_gmt":"2021-04-17T05:16:26","slug":"demre-yatak-odasi-takimi","status":"publish","type":"post","link":"https:\/\/blog.modalife.click\/?p=3896","title":{"rendered":"Demre Yatak Odas\u0131 Tak\u0131m\u0131"},"content":{"rendered":"<p><img src=\"https:\/\/st3.myideasoft.com\/shop\/bo\/48\/myassets\/products\/921\/modalife-demre-yatak-odasi-takimi.jpg?revision=1619010460\" alt=\"\" \/><\/p>\n<div>&#8211; Modern tasar\u0131m alg\u0131s\u0131na hizmet eden Demre, yatak odan\u0131za \u0131\u015f\u0131lt\u0131 katacak.<\/div>\n<div>&#8211; Tak\u0131m\u0131m\u0131z gard\u0131rop, \u015fifonyer, ba\u015fl\u0131k ve 2 adet komodin\u2019den olu\u015fmaktad\u0131r.<\/div>\n<div>&#8211; Yatak odas\u0131 tak\u0131mlar\u0131nda baza hediyemizdir.<\/div>\n<div>&#8211; Bu malzemeler kullan\u0131m a\u00e7\u0131s\u0131ndan \u00e7izilme, s\u00fcrt\u00fcnme ve yanmaya dayan\u0131kl\u0131 olup, kolay temizlenme \u00f6zelli\u011fine sahiptir.<\/div>\n<div>&#8211; Dolap alt\u0131 kapakl\u0131 dizayn edilmi\u015f olup kapak y\u00fczeyindeki profil desen \u00fcr\u00fcne e\u015fsiz bir hava katmaktad\u0131r.<\/div>\n<div>&#8211; Dolap i\u00e7i ihtiya\u00e7lara uygun olarak d\u00fczenlenmi\u015f olup siz de\u011ferli m\u00fc\u015fterilerimize geni\u015f ve ferah bir kullan\u0131m alan\u0131 sunmaktad\u0131r.<\/div>\n<div>&#8211; Gard\u0131rop ve \u015fifonyer kapaklar\u0131nda frenli sistem ve yava\u015flat\u0131c\u0131 sistem kullan\u0131lm\u0131\u015f olup, h\u0131zl\u0131 \u00e7arpmalar engellenerek \u00fcr\u00fcn fonksiyonelli\u011fi art\u0131r\u0131lm\u0131\u015ft\u0131r.<\/div>\n<div>&#8211; \u015eifonyer ve komodin\u2019de yerden y\u00fcksek ayak kullan\u0131lm\u0131\u015f olup siz de\u011ferli m\u00fc\u015fterilerimize temizlik kolayl\u0131\u011f\u0131 sa\u011flanm\u0131\u015ft\u0131r.<\/div>\n<div>&#8211; \u015eifonyere \u00fc\u00e7 adet geni\u015f \u00e7ekmece eklenerek siz de\u011ferli m\u00fc\u015fterilerimize ferah bir \u00fcr\u00fcn depolama alan\u0131 olu\u015fturulmu\u015ftur.<\/div>\n<div>&#8211; Yatak Ba\u015fl\u0131\u011f\u0131 Travers, 150 lik baza, 160 l\u0131k baza ve kendinden baza sistemine uyumlu olarak tasarlanm\u0131\u015ft\u0131r.<\/div>\n<div>&#8211; Estetik i\u015flemeleri ile \u00f6ne \u00e7\u0131kan y\u00fczeyler, tasar\u0131ma \u00f6zg\u00fcn bir dokunu\u015f katarken, detaylarda kendini g\u00f6steren gold renk ise \u00fcr\u00fcne zarafet katmaktad\u0131r.<\/div>\n<div>&#8211; Demre yatak odas\u0131 tak\u0131m\u0131na web sitemiz \u00fczerinden yada size en yak\u0131n modalife ma\u011fazalar\u0131ndan ula\u015fabilirsiniz.<\/div>\n<div>\n\t<\/div>\n<table style=\"border-collapse: collapse; width: 100%; height: 90px;\">\n<tbody>\n<tr style=\"height: 18px;\">\n<td style=\"text-align: center; border-width: 1px; border-style: solid; height: 18px;\"><span style=\"font-weight: bold;\">Demre&nbsp;Yatak Odas\u0131 Tak\u0131m\u0131<\/span><\/td>\n<td style=\"text-align: center; border-width: 1px; border-style: solid; height: 18px;\"><span style=\"font-weight: bold;\">&nbsp;Geni\u015flik<\/span><\/td>\n<td style=\"text-align: center; border-width: 1px; border-style: solid; height: 18px;\"><span style=\"font-weight: bold;\">&nbsp;Y\u00fckseklik<\/span><\/td>\n<td style=\"text-align: center; border-width: 1px; border-style: solid; height: 18px;\"><span style=\"font-weight: bold;\">&nbsp;Derinlik<\/span><\/td>\n<\/tr>\n<tr style=\"height: 18px;\">\n<td style=\"text-align: center; border-width: 1px; border-style: solid; height: 18px;\"><span style=\"font-weight: bold;\">Kapakl\u0131 Gard\u0131rop<\/span><\/td>\n<td style=\"text-align: center; border-width: 1px; border-style: solid; height: 18px;\">248 cm<\/td>\n<td style=\"text-align: center; border-width: 1px; border-style: solid; height: 18px;\">214 cm<\/td>\n<td style=\"text-align: center; border-width: 1px; border-style: solid; height: 18px;\">60 cm<\/td>\n<\/tr>\n<tr style=\"height: 18px;\">\n<td style=\"text-align: center; border-width: 1px; border-style: solid; height: 18px;\"><span style=\"font-weight: bold;\">\u015eifonyer<\/span><\/td>\n<td style=\"text-align: center; border-width: 1px; border-style: solid; height: 18px;\">&nbsp;112,5 cm<\/td>\n<td style=\"text-align: center; border-width: 1px; border-style: solid; height: 18px;\">190 cm<\/td>\n<td style=\"text-align: center; border-width: 1px; border-style: solid; height: 18px;\">45 cm<\/td>\n<\/tr>\n<tr style=\"height: 18px;\">\n<td style=\"text-align: center; border-width: 1px; border-style: solid; height: 18px;\"><span style=\"font-weight: bold;\">Komodin<\/span><\/td>\n<td style=\"text-align: center; border-width: 1px; border-style: solid; height: 18px;\">63 cm<\/td>\n<td style=\"text-align: center; border-width: 1px; border-style: solid; height: 18px;\">53,5 cm<\/td>\n<td style=\"text-align: center; border-width: 1px; border-style: solid; height: 18px;\">45 cm<\/td>\n<\/tr>\n<tr style=\"height: 18px;\">\n<td style=\"text-align: center; border-width: 1px; border-style: solid; height: 18px;\"><span style=\"font-weight: bold;\">Ba\u015fl\u0131k<\/span><\/td>\n<td style=\"text-align: center; border-width: 1px; border-style: solid; height: 18px;\">183 cm&nbsp;<\/td>\n<td style=\"text-align: center; border-width: 1px; border-style: solid; height: 18px;\">125 cm<\/td>\n<td style=\"text-align: center; border-width: 1px; border-style: solid; height: 18px;\">&nbsp;&#8211;<\/td>\n<\/tr>\n<\/tbody>\n<\/table>\n<p><center><iframe width='560' height='315' src='https:\/\/www.youtube.com\/embed\/t64T3hegkeU' frameborder='0' allow='accelerometer; autoplay; clipboard-write; encrypted-media; gyroscope; picture-in-picture' allowfullscreen><\/iframe><\/center><br \/>\n<a href=\"https:\/\/www.modalife.com\/urun\/demre-yatak-odasi-takimi\"><strong>\u00dcr\u00fcne Git<\/strong><\/a><\/p>\n","protected":false},"excerpt":{"rendered":"<p>&#8211; Modern tasar\u0131m alg\u0131s\u0131na hizmet eden Demre, yatak odan\u0131za \u0131\u015f\u0131lt\u0131 katacak. &#8211; Tak\u0131m\u0131m\u0131z gard\u0131rop, \u015fifonyer, ba\u015fl\u0131k ve 2 adet komodin\u2019den olu\u015fmaktad\u0131r. &#8211; Yatak odas\u0131 tak\u0131mlar\u0131nda baza hediyemizdir. &#8211; Bu malzemeler kullan\u0131m a\u00e7\u0131s\u0131ndan \u00e7izilme, s\u00fcrt\u00fcnme ve yanmaya dayan\u0131kl\u0131 olup, kolay temizlenme \u00f6zelli\u011fine sahiptir. &#8211; Dolap alt\u0131 kapakl\u0131 dizayn edilmi\u015f olup kapak y\u00fczeyindeki profil desen \u00fcr\u00fcne e\u015fsiz [&hellip;]<\/p>\n","protected":false},"author":1,"featured_media":0,"comment_status":"closed","ping_status":"closed","sticky":false,"template":"","format":"standard","meta":[],"categories":[],"tags":[],"gutentor_comment":0,"_links":{"self":[{"href":"https:\/\/blog.modalife.click\/index.php?rest_route=\/wp\/v2\/posts\/3896"}],"collection":[{"href":"https:\/\/blog.modalife.click\/index.php?rest_route=\/wp\/v2\/posts"}],"about":[{"href":"https:\/\/blog.modalife.click\/index.php?rest_route=\/wp\/v2\/types\/post"}],"author":[{"embeddable":true,"href":"https:\/\/blog.modalife.click\/index.php?rest_route=\/wp\/v2\/users\/1"}],"replies":[{"embeddable":true,"href":"https:\/\/blog.modalife.click\/index.php?rest_route=%2Fwp%2Fv2%2Fcomments&post=3896"}],"version-history":[{"count":0,"href":"https:\/\/blog.modalife.click\/index.php?rest_route=\/wp\/v2\/posts\/3896\/revisions"}],"wp:attachment":[{"href":"https:\/\/blog.modalife.click\/index.php?rest_route=%2Fwp%2Fv2%2Fmedia&parent=3896"}],"wp:term":[{"taxonomy":"category","embeddable":true,"href":"https:\/\/blog.modalife.click\/index.php?rest_route=%2Fwp%2Fv2%2Fcategories&post=3896"},{"taxonomy":"post_tag","embeddable":true,"href":"https:\/\/blog.modalife.click\/index.php?rest_route=%2Fwp%2Fv2%2Ftags&post=3896"}],"curies":[{"name":"wp","href":"https:\/\/api.w.org\/{rel}","templated":true}]}}