{"id":3880,"date":"2021-05-09T23:41:49","date_gmt":"2021-05-09T20:41:49","guid":{"rendered":"http:\/\/blog.modalife.click\/?p=3880"},"modified":"2021-05-09T23:41:49","modified_gmt":"2021-05-09T20:41:49","slug":"eva-uclu-kanepe","status":"publish","type":"post","link":"https:\/\/blog.modalife.click\/?p=3880","title":{"rendered":"Eva \u00dc\u00e7l\u00fc Kanepe"},"content":{"rendered":"<p><img src=\"https:\/\/st1.myideasoft.com\/shop\/bo\/48\/myassets\/products\/934\/modalife-eva-uclu-koltuk-yatakli.jpg?revision=1612253073\" alt=\"\" \/><\/p>\n<div>&#8211; Eva kanepe modalife fark\u0131yla sizlerle.<\/div>\n<div>&#8211; \u00d6zel \u00fcretilmi\u015f kendine has tu\u015fesi ile \u00e7ok yumu\u015fak ve ipeksi bir dokuya sahiptir.<\/div>\n<div>&#8211; Oturumunda kullan\u0131lan s\u00fcngerler 32 dns kalitesindedir.<\/div>\n<div>&nbsp;<\/div>\n<table style=\"text-align: center; border-collapse: collapse; width: 100%;\">\n<tbody>\n<tr>\n<td style=\"text-align: center; border-width: 1px; border-style: solid;\"><span style=\"font-weight: bold;\">Eva<\/span><\/td>\n<td style=\"text-align: center; border-width: 1px; border-style: solid;\"><span style=\"font-weight: bold;\">&nbsp;Geni\u015flik<\/span><\/td>\n<td style=\"text-align: center; border-width: 1px; border-style: solid;\"><span style=\"font-weight: bold;\">&nbsp;Y\u00fckseklik<\/span><\/td>\n<td style=\"text-align: center; border-width: 1px; border-style: solid;\"><span style=\"font-weight: bold;\">&nbsp;Derinlik<\/span><\/td>\n<\/tr>\n<tr>\n<td style=\"text-align: center; border-width: 1px; border-style: solid;\">&nbsp;<span style=\"font-weight: bold;\">\u00dc\u00e7l\u00fc Koltuk<\/span><\/td>\n<td style=\"text-align: center; border-width: 1px; border-style: solid;\">210 cm<\/td>\n<td style=\"text-align: center; border-width: 1px; border-style: solid;\">81 cm<\/td>\n<td style=\"text-align: center; border-width: 1px; border-style: solid;\">109 cm<\/td>\n<\/tr>\n<\/tbody>\n<\/table>\n<p><a href=\"https:\/\/www.modalife.com\/urun\/eva-uclu-kanepe\"><strong>\u00dcr\u00fcne Git<\/strong><\/a><\/p>\n","protected":false},"excerpt":{"rendered":"<p>&#8211; Eva kanepe modalife fark\u0131yla sizlerle. &#8211; \u00d6zel \u00fcretilmi\u015f kendine has tu\u015fesi ile \u00e7ok yumu\u015fak ve ipeksi bir dokuya sahiptir. &#8211; Oturumunda kullan\u0131lan s\u00fcngerler 32 dns kalitesindedir. &nbsp; Eva &nbsp;Geni\u015flik &nbsp;Y\u00fckseklik &nbsp;Derinlik &nbsp;\u00dc\u00e7l\u00fc Koltuk 210 cm 81 cm 109 cm \u00dcr\u00fcne Git<\/p>\n","protected":false},"author":1,"featured_media":0,"comment_status":"closed","ping_status":"closed","sticky":false,"template":"","format":"standard","meta":[],"categories":[],"tags":[],"gutentor_comment":0,"_links":{"self":[{"href":"https:\/\/blog.modalife.click\/index.php?rest_route=\/wp\/v2\/posts\/3880"}],"collection":[{"href":"https:\/\/blog.modalife.click\/index.php?rest_route=\/wp\/v2\/posts"}],"about":[{"href":"https:\/\/blog.modalife.click\/index.php?rest_route=\/wp\/v2\/types\/post"}],"author":[{"embeddable":true,"href":"https:\/\/blog.modalife.click\/index.php?rest_route=\/wp\/v2\/users\/1"}],"replies":[{"embeddable":true,"href":"https:\/\/blog.modalife.click\/index.php?rest_route=%2Fwp%2Fv2%2Fcomments&post=3880"}],"version-history":[{"count":0,"href":"https:\/\/blog.modalife.click\/index.php?rest_route=\/wp\/v2\/posts\/3880\/revisions"}],"wp:attachment":[{"href":"https:\/\/blog.modalife.click\/index.php?rest_route=%2Fwp%2Fv2%2Fmedia&parent=3880"}],"wp:term":[{"taxonomy":"category","embeddable":true,"href":"https:\/\/blog.modalife.click\/index.php?rest_route=%2Fwp%2Fv2%2Fcategories&post=3880"},{"taxonomy":"post_tag","embeddable":true,"href":"https:\/\/blog.modalife.click\/index.php?rest_route=%2Fwp%2Fv2%2Ftags&post=3880"}],"curies":[{"name":"wp","href":"https:\/\/api.w.org\/{rel}","templated":true}]}}