{"id":3858,"date":"2021-04-18T13:55:11","date_gmt":"2021-04-18T10:55:11","guid":{"rendered":"http:\/\/blog.modalife.click\/?p=3858"},"modified":"2021-04-18T13:55:11","modified_gmt":"2021-04-18T10:55:11","slug":"avrupa-surgulu-gardirop","status":"publish","type":"post","link":"https:\/\/blog.modalife.click\/?p=3858","title":{"rendered":"Avrupa S\u00fcrg\u00fcl\u00fc Gard\u0131rop"},"content":{"rendered":"<p><img src=\"https:\/\/st3.myideasoft.com\/shop\/bo\/48\/myassets\/products\/165\/mg-2765.jpg?revision=1582714286\" alt=\"\" \/><\/p>\n<div>\n<div>&#8211; Malzemeler kullan\u0131m a\u00e7\u0131s\u0131ndan \u00e7izilme ve s\u00fcrt\u00fcnmeye kar\u015f\u0131 dayan\u0131kl\u0131d\u0131r.<\/div>\n<div>&#8211; \u00dcnite kapaklar\u0131nda yava\u015flat\u0131c\u0131 sistem kullan\u0131lm\u0131\u015f olup, h\u0131zl\u0131 \u00e7arpmalar engellenerek \u00fcr\u00fcn fonksiyonelli\u011fi art\u0131r\u0131lm\u0131\u015ft\u0131r.<\/div>\n<div>&#8211; Gard\u0131rop, i\u00e7erisinde elbiselerin depolanabilmesine olanak sa\u011flayan, rafl\u0131 b\u00f6lmeler ve elbise ask\u0131l\u0131klar\u0131 kullan\u0131larak fonksiyonellik artt\u0131r\u0131lm\u0131\u015ft\u0131r.&nbsp;<\/div>\n<div>&#8211; \u00dcr\u00fcn\u00fcm\u00fcz s\u00fcrg\u00fcl\u00fc kapak olup iste\u011fe ba\u011fl\u0131 olarak alt\u0131 kapakl\u0131 alternatifi de bulunmaktad\u0131r.<\/div>\n<div>&#8211; T\u00fcm \u00fcr\u00fcnlerimiz 2 y\u0131l garantilidir.<\/div>\n<div>&#8211; \u00dcr\u00fcn\u00fcm\u00fcze web sitemiz \u00fczerinden yada size en yak\u0131n modalife ma\u011fazas\u0131ndan ula\u015fabilirsiniz.<\/div>\n<\/div>\n<div><\/p>\n<table style=\"border-collapse:collapse;width:100%;\">\n<tbody>\n<tr>\n<td style=\"text-align: center; border-width: 1px; border-style: solid;\"><span style=\"font-weight: bold;\">Avrupa&nbsp;<\/span><\/td>\n<td style=\"text-align: center; border-width: 1px; border-style: solid;\"><span style=\"font-weight: bold;\">Geni\u015flik&nbsp;<\/span><\/td>\n<td style=\"text-align: center; border-width: 1px; border-style: solid;\"><span style=\"font-weight: bold;\">Y\u00fckseklik&nbsp;<\/span><\/td>\n<td style=\"text-align: center; border-width: 1px; border-style: solid;\"><span style=\"font-weight: bold;\">Derinlik&nbsp;<\/span><\/td>\n<\/tr>\n<tr>\n<td style=\"text-align: center; border-width: 1px; border-style: solid;\">S\u00fcrg\u00fcl\u00fc Gard\u0131rop&nbsp;<\/td>\n<td style=\"text-align: center; border-width: 1px; border-style: solid;\">240 cm&nbsp;<\/td>\n<td style=\"text-align: center; border-width: 1px; border-style: solid;\">211 cm&nbsp;<\/td>\n<td style=\"text-align: center; border-width: 1px; border-style: solid;\">67 cm&nbsp;<\/td>\n<\/tr>\n<\/tbody>\n<\/table><\/div>\n<p><a href=\"https:\/\/www.modalife.com\/urun\/avrupa-surgulu-gardirop\"><strong>\u00dcr\u00fcne Git<\/strong><\/a><\/p>\n","protected":false},"excerpt":{"rendered":"<p>&#8211; Malzemeler kullan\u0131m a\u00e7\u0131s\u0131ndan \u00e7izilme ve s\u00fcrt\u00fcnmeye kar\u015f\u0131 dayan\u0131kl\u0131d\u0131r. &#8211; \u00dcnite kapaklar\u0131nda yava\u015flat\u0131c\u0131 sistem kullan\u0131lm\u0131\u015f olup, h\u0131zl\u0131 \u00e7arpmalar engellenerek \u00fcr\u00fcn fonksiyonelli\u011fi art\u0131r\u0131lm\u0131\u015ft\u0131r. &#8211; Gard\u0131rop, i\u00e7erisinde elbiselerin depolanabilmesine olanak sa\u011flayan, rafl\u0131 b\u00f6lmeler ve elbise ask\u0131l\u0131klar\u0131 kullan\u0131larak fonksiyonellik artt\u0131r\u0131lm\u0131\u015ft\u0131r.&nbsp; &#8211; \u00dcr\u00fcn\u00fcm\u00fcz s\u00fcrg\u00fcl\u00fc kapak olup iste\u011fe ba\u011fl\u0131 olarak alt\u0131 kapakl\u0131 alternatifi de bulunmaktad\u0131r. &#8211; T\u00fcm \u00fcr\u00fcnlerimiz 2 y\u0131l [&hellip;]<\/p>\n","protected":false},"author":1,"featured_media":0,"comment_status":"closed","ping_status":"closed","sticky":false,"template":"","format":"standard","meta":[],"categories":[],"tags":[],"gutentor_comment":0,"_links":{"self":[{"href":"https:\/\/blog.modalife.click\/index.php?rest_route=\/wp\/v2\/posts\/3858"}],"collection":[{"href":"https:\/\/blog.modalife.click\/index.php?rest_route=\/wp\/v2\/posts"}],"about":[{"href":"https:\/\/blog.modalife.click\/index.php?rest_route=\/wp\/v2\/types\/post"}],"author":[{"embeddable":true,"href":"https:\/\/blog.modalife.click\/index.php?rest_route=\/wp\/v2\/users\/1"}],"replies":[{"embeddable":true,"href":"https:\/\/blog.modalife.click\/index.php?rest_route=%2Fwp%2Fv2%2Fcomments&post=3858"}],"version-history":[{"count":0,"href":"https:\/\/blog.modalife.click\/index.php?rest_route=\/wp\/v2\/posts\/3858\/revisions"}],"wp:attachment":[{"href":"https:\/\/blog.modalife.click\/index.php?rest_route=%2Fwp%2Fv2%2Fmedia&parent=3858"}],"wp:term":[{"taxonomy":"category","embeddable":true,"href":"https:\/\/blog.modalife.click\/index.php?rest_route=%2Fwp%2Fv2%2Fcategories&post=3858"},{"taxonomy":"post_tag","embeddable":true,"href":"https:\/\/blog.modalife.click\/index.php?rest_route=%2Fwp%2Fv2%2Ftags&post=3858"}],"curies":[{"name":"wp","href":"https:\/\/api.w.org\/{rel}","templated":true}]}}